{"id":3556,"date":"2020-08-26T19:16:50","date_gmt":"2020-08-26T18:16:50","guid":{"rendered":"https:\/\/zagrajwsztuke.pl\/?p=3556"},"modified":"2020-08-31T00:23:56","modified_gmt":"2020-08-30T23:23:56","slug":"jozef-chelmonski","status":"publish","type":"post","link":"https:\/\/zagrajwsztuke.pl\/en\/jozef-chelmonski\/","title":{"rendered":"J\u00f3zef Che\u0142mo\u0144ski"},"content":{"rendered":"<p>[et_pb_section fb_built=&#8221;1&#8243; custom_padding_last_edited=&#8221;on|desktop&#8221; admin_label=&#8221;Header&#8221; _builder_version=&#8221;4.5.8&#8243; background_color_gradient_direction=&#8221;130deg&#8221; background_image=&#8221;https:\/\/zagrajwsztuke.pl\/wp-content\/uploads\/2020\/08\/1920px-Jozef_Chelmonski_-_Czworka_1881.jpg&#8221; parallax=&#8221;on&#8221; custom_padding=&#8221;7vw||10vw||false|false&#8221; custom_padding_tablet=&#8221;100px||100px||true&#8221; custom_padding_phone=&#8221;||||true&#8221; bottom_divider_style=&#8221;ramp2&#8243; bottom_divider_color=&#8221;#ffffff&#8221; bottom_divider_height=&#8221;250px&#8221; bottom_divider_flip=&#8221;horizontal&#8221; bottom_divider_height_tablet=&#8221;150px&#8221; bottom_divider_height_phone=&#8221;110px&#8221; bottom_divider_height_last_edited=&#8221;on|phone&#8221; saved_tabs=&#8221;all&#8221;][et_pb_row _builder_version=&#8221;3.25&#8243;][et_pb_column type=&#8221;4_4&#8243; _builder_version=&#8221;3.25&#8243; custom_padding=&#8221;|||&#8221; custom_padding__hover=&#8221;|||&#8221;][et_pb_text _builder_version=&#8221;4.5.8&#8243; text_font=&#8221;Roboto||||||||&#8221; text_text_color=&#8221;#000000&#8243; text_font_size=&#8221;16px&#8221; text_line_height=&#8221;1.8em&#8221; header_font=&#8221;Roboto|700|||||||&#8221; header_text_align=&#8221;center&#8221; header_font_size=&#8221;80px&#8221; header_line_height=&#8221;1.2em&#8221; header_3_font=&#8221;Roboto|700||on|||||&#8221; header_3_text_align=&#8221;center&#8221; header_3_text_color=&#8221;#ffffff&#8221; header_3_font_size=&#8221;24px&#8221; header_3_letter_spacing=&#8221;10px&#8221; header_3_line_height=&#8221;2em&#8221; text_orientation=&#8221;center&#8221; background_layout=&#8221;dark&#8221; module_alignment=&#8221;center&#8221; text_font_size_last_edited=&#8221;off|desktop&#8221; header_font_size_tablet=&#8221;40px&#8221; header_font_size_phone=&#8221;32px&#8221; header_font_size_last_edited=&#8221;on|phone&#8221; header_3_font_size_tablet=&#8221;16px&#8221; header_3_font_size_phone=&#8221;14px&#8221; header_3_font_size_last_edited=&#8221;on|phone&#8221; header_3_letter_spacing_tablet=&#8221;5px&#8221; header_3_letter_spacing_phone=&#8221;&#8221; header_3_letter_spacing_last_edited=&#8221;on|tablet&#8221; text_text_shadow_style=&#8221;preset3&#8243; text_text_shadow_horizontal_length=&#8221;0.1em&#8221; text_text_shadow_vertical_length=&#8221;0.1em&#8221; text_text_shadow_color=&#8221;#000000&#8243;]<\/p>\n<h3><strong style=\"font-family: Roboto, Helvetica, Arial, Lucida, sans-serif;\">Wielcy Malarze<\/strong><\/h3>\n<h3><strong style=\"font-family: Roboto, Helvetica, Arial, Lucida, sans-serif; font-size: 80px; letter-spacing: 0.5px;\">J\u00f3zef Che\u0142mo\u0144ski <\/strong><\/h3>\n<h3><strong>\u2013 wybitny malarz natury<\/strong><\/h3>\n<p>[\/et_pb_text][\/et_pb_column][\/et_pb_row][\/et_pb_section][et_pb_section fb_built=&#8221;1&#8243; admin_label=&#8221;Get Started&#8221; _builder_version=&#8221;3.22.3&#8243; custom_padding=&#8221;0px||||false|false&#8221; saved_tabs=&#8221;all&#8221;][et_pb_row column_structure=&#8221;1_2,1_2&#8243; use_custom_gutter=&#8221;on&#8221; gutter_width=&#8221;2&#8243; _builder_version=&#8221;3.25.4&#8243; max_width=&#8221;1700px&#8221; custom_margin=&#8221;|||&#8221; custom_padding=&#8221;0px|||&#8221; use_custom_width=&#8221;on&#8221; custom_width_px=&#8221;1700px&#8221;][et_pb_column type=&#8221;1_2&#8243; _builder_version=&#8221;3.25&#8243; custom_padding=&#8221;|||&#8221; custom_padding__hover=&#8221;|||&#8221;][et_pb_image src=&#8221;https:\/\/zagrajwsztuke.pl\/wp-content\/uploads\/2020\/08\/Jozef_Chelmonski_Autoportret_1902.jpg&#8221; alt=&#8221;J\u00f3zef Che\u0142mo\u0144ski &#8221; title_text=&#8221;Jozef_Chelmonski_Autoportret_(1902)&#8221; align=&#8221;center&#8221; align_tablet=&#8221;center&#8221; align_phone=&#8221;&#8221; align_last_edited=&#8221;on|desktop&#8221; _builder_version=&#8221;4.5.8&#8243; max_width=&#8221;1100px&#8221; module_alignment=&#8221;center&#8221; custom_margin=&#8221;-8vw|||&#8221; custom_margin_tablet=&#8221;0vw|||&#8221; custom_margin_phone=&#8221;&#8221; custom_margin_last_edited=&#8221;on|tablet&#8221; animation_style=&#8221;roll&#8221; animation_direction=&#8221;left&#8221; animation_intensity_roll=&#8221;1%&#8221;][\/et_pb_image][et_pb_text _builder_version=&#8221;4.5.8&#8243; _module_preset=&#8221;default&#8221;]J\u00f3zef Che\u0142mo\u0144ski, Autoportret, 1902, Wikipedia[\/et_pb_text][\/et_pb_column][et_pb_column type=&#8221;1_2&#8243; _builder_version=&#8221;3.25.4&#8243;][et_pb_text _builder_version=&#8221;4.5.8&#8243; text_font_size=&#8221;16px&#8221; text_line_height=&#8221;2em&#8221; header_2_font=&#8221;Roboto|700|||||||&#8221; header_2_font_size=&#8221;45px&#8221; header_2_line_height=&#8221;1.2em&#8221; max_width=&#8221;800px&#8221; max_width_last_edited=&#8221;off|desktop&#8221; module_alignment=&#8221;center&#8221; custom_margin=&#8221;|||&#8221; custom_padding=&#8221;|||&#8221; header_2_font_size_tablet=&#8221;35px&#8221; header_2_font_size_phone=&#8221;28px&#8221; header_2_font_size_last_edited=&#8221;on|desktop&#8221;]<\/p>\n<h2>J\u00f3zef Che\u0142mo\u0144ski (1849-1914)  <\/h2>\n<p>[\/et_pb_text][et_pb_divider _builder_version=&#8221;3.25.4&#8243;][\/et_pb_divider][et_pb_text _builder_version=&#8221;4.5.8&#8243; text_font_size=&#8221;20px&#8221; text_line_height=&#8221;2em&#8221; header_2_font=&#8221;Roboto|700|||||||&#8221; header_2_font_size=&#8221;45px&#8221; header_2_line_height=&#8221;1.2em&#8221; max_width=&#8221;800px&#8221; max_width_last_edited=&#8221;off|desktop&#8221; module_alignment=&#8221;center&#8221; custom_margin=&#8221;|||&#8221; custom_padding=&#8221;|||&#8221; header_2_font_size_tablet=&#8221;35px&#8221; header_2_font_size_phone=&#8221;28px&#8221; header_2_font_size_last_edited=&#8221;on|desktop&#8221;]Tworzy\u0142 obrazy, uznawane za wybitne przyk\u0142ady realizmu w polskim malarstwie. Zafascynowany ojczystym krajobrazem i s\u0142yn\u0105cy z niezwyk\u0142ej, wr\u0119cz fotograficznej pami\u0119ci, artysta malowa\u0142 sceny rodzajowe oraz my\u015bliwskie oraz pejza\u017ce wiejskie, obrazuj\u0105ce z du\u017c\u0105 doz\u0105 autentyzmu \u00f3wczesne \u017cycie ch\u0142op\u00f3w i szlachty. W swoich nastrojowych i realistycznych obrazach wspaniale odtwarza\u0142 kolory przyrody.[\/et_pb_text][\/et_pb_column][\/et_pb_row][et_pb_row column_structure=&#8221;1_3,1_3,1_3&#8243; _builder_version=&#8221;4.5.7&#8243; _module_preset=&#8221;default&#8221;][et_pb_column type=&#8221;1_3&#8243; _builder_version=&#8221;4.5.7&#8243; _module_preset=&#8221;default&#8221;][et_pb_blurb title=&#8221;CZO\u0141OWY PRZEDSTAWICIEL REALIZMU POLSKIEGO&#8221; use_icon=&#8221;on&#8221; font_icon=&#8221;%%176%%&#8221; icon_color=&#8221;#6a9ae8&#8243; use_circle=&#8221;on&#8221; circle_color=&#8221;rgba(106,154,232,0.3)&#8221; use_icon_font_size=&#8221;on&#8221; _builder_version=&#8221;4.5.8&#8243; header_font=&#8221;Roboto|700|||||||&#8221; header_font_size=&#8221;18px&#8221; header_line_height=&#8221;1.7em&#8221; body_font=&#8221;||||||||&#8221; body_line_height=&#8221;1.8em&#8221; background_color=&#8221;#ffffff&#8221; text_orientation=&#8221;center&#8221; module_alignment=&#8221;left&#8221; custom_margin=&#8221;|||&#8221; custom_padding=&#8221;|||&#8221; custom_padding_tablet=&#8221;&#8221; custom_padding_phone=&#8221;&#8221; custom_padding_last_edited=&#8221;on|phone&#8221; animation_style=&#8221;zoom&#8221; animation_intensity_zoom=&#8221;8%&#8221; animation=&#8221;off&#8221; border_width_all_image=&#8221;50px&#8221;][\/et_pb_blurb][et_pb_blurb title=&#8221;ILUSTRATOR&#8221; use_icon=&#8221;on&#8221; font_icon=&#8221;%%202%%&#8221; icon_color=&#8221;#6a9ae8&#8243; use_circle=&#8221;on&#8221; circle_color=&#8221;rgba(106,154,232,0.3)&#8221; use_icon_font_size=&#8221;on&#8221; _builder_version=&#8221;4.5.7&#8243; header_font=&#8221;Roboto|700|||||||&#8221; header_font_size=&#8221;18px&#8221; header_line_height=&#8221;1.7em&#8221; body_font=&#8221;||||||||&#8221; body_line_height=&#8221;1.8em&#8221; background_color=&#8221;#ffffff&#8221; text_orientation=&#8221;center&#8221; module_alignment=&#8221;left&#8221; custom_margin=&#8221;|||&#8221; custom_padding=&#8221;|||&#8221; custom_padding_tablet=&#8221;&#8221; custom_padding_phone=&#8221;&#8221; custom_padding_last_edited=&#8221;on|phone&#8221; animation_style=&#8221;zoom&#8221; animation_intensity_zoom=&#8221;8%&#8221; animation=&#8221;off&#8221; border_width_all_image=&#8221;50px&#8221;][\/et_pb_blurb][\/et_pb_column][et_pb_column type=&#8221;1_3&#8243; _builder_version=&#8221;4.5.7&#8243; _module_preset=&#8221;default&#8221;][et_pb_blurb title=&#8221;NASTROJOWY PEJZA\u017bYSTA&#8221; use_icon=&#8221;on&#8221; font_icon=&#8221;%%74%%&#8221; icon_color=&#8221;#6a9ae8&#8243; use_circle=&#8221;on&#8221; circle_color=&#8221;rgba(106,154,232,0.3)&#8221; use_icon_font_size=&#8221;on&#8221; _builder_version=&#8221;4.5.7&#8243; header_font=&#8221;Roboto|700|||||||&#8221; header_font_size=&#8221;18px&#8221; header_line_height=&#8221;1.7em&#8221; body_font=&#8221;||||||||&#8221; body_line_height=&#8221;1.8em&#8221; background_color=&#8221;#ffffff&#8221; text_orientation=&#8221;center&#8221; module_alignment=&#8221;left&#8221; custom_margin=&#8221;|||&#8221; custom_padding=&#8221;|||&#8221; custom_padding_tablet=&#8221;&#8221; custom_padding_phone=&#8221;&#8221; custom_padding_last_edited=&#8221;on|phone&#8221; animation_style=&#8221;zoom&#8221; animation_intensity_zoom=&#8221;8%&#8221; animation=&#8221;off&#8221; border_width_all_image=&#8221;50px&#8221;][\/et_pb_blurb][et_pb_blurb title=&#8221;POETYCKO\u015a\u0106 OBRAZ\u00d3W&#8221; use_icon=&#8221;on&#8221; font_icon=&#8221;%%16%%&#8221; icon_color=&#8221;#6a9ae8&#8243; use_circle=&#8221;on&#8221; circle_color=&#8221;rgba(106,154,232,0.3)&#8221; use_icon_font_size=&#8221;on&#8221; _builder_version=&#8221;4.5.7&#8243; header_font=&#8221;Roboto|700|||||||&#8221; header_font_size=&#8221;18px&#8221; header_line_height=&#8221;1.7em&#8221; body_font=&#8221;||||||||&#8221; body_line_height=&#8221;1.8em&#8221; background_color=&#8221;#ffffff&#8221; text_orientation=&#8221;center&#8221; module_alignment=&#8221;left&#8221; custom_margin=&#8221;|||&#8221; custom_padding=&#8221;|||&#8221; custom_padding_tablet=&#8221;&#8221; custom_padding_phone=&#8221;&#8221; custom_padding_last_edited=&#8221;on|phone&#8221; animation_style=&#8221;zoom&#8221; animation_intensity_zoom=&#8221;8%&#8221; animation=&#8221;off&#8221; border_width_all_image=&#8221;50px&#8221;][\/et_pb_blurb][\/et_pb_column][et_pb_column type=&#8221;1_3&#8243; _builder_version=&#8221;4.5.7&#8243; _module_preset=&#8221;default&#8221;][et_pb_blurb title=&#8221;ANIMALISTA &#8221; use_icon=&#8221;on&#8221; font_icon=&#8221;%%100%%&#8221; icon_color=&#8221;#6a9ae8&#8243; use_circle=&#8221;on&#8221; circle_color=&#8221;rgba(106,154,232,0.3)&#8221; use_icon_font_size=&#8221;on&#8221; _builder_version=&#8221;4.5.7&#8243; header_font=&#8221;Roboto|700|||||||&#8221; header_font_size=&#8221;18px&#8221; header_line_height=&#8221;1.7em&#8221; body_font=&#8221;||||||||&#8221; body_line_height=&#8221;1.8em&#8221; background_color=&#8221;#ffffff&#8221; text_orientation=&#8221;center&#8221; module_alignment=&#8221;left&#8221; custom_margin=&#8221;|||&#8221; custom_padding=&#8221;|||&#8221; custom_padding_tablet=&#8221;&#8221; custom_padding_phone=&#8221;&#8221; custom_padding_last_edited=&#8221;on|phone&#8221; animation_style=&#8221;zoom&#8221; animation_intensity_zoom=&#8221;8%&#8221; animation=&#8221;off&#8221; border_width_all_image=&#8221;50px&#8221;][\/et_pb_blurb][\/et_pb_column][\/et_pb_row][et_pb_row column_structure=&#8221;2_5,3_5&#8243; _builder_version=&#8221;3.25&#8243; background_size=&#8221;initial&#8221; background_position=&#8221;top_left&#8221; background_repeat=&#8221;repeat&#8221;][et_pb_column type=&#8221;2_5&#8243; _builder_version=&#8221;3.25&#8243; custom_padding=&#8221;|||&#8221; custom_padding__hover=&#8221;|||&#8221;][et_pb_text _builder_version=&#8221;4.5.8&#8243; text_font_size=&#8221;16px&#8221; text_line_height=&#8221;2em&#8221; header_2_font=&#8221;Roboto|700|||||||&#8221; header_2_font_size=&#8221;45px&#8221; header_2_line_height=&#8221;1.2em&#8221; max_width=&#8221;800px&#8221; max_width_last_edited=&#8221;off|desktop&#8221; module_alignment=&#8221;center&#8221; custom_margin=&#8221;|||&#8221; custom_padding=&#8221;|||&#8221; header_2_font_size_tablet=&#8221;35px&#8221; header_2_font_size_phone=&#8221;28px&#8221; header_2_font_size_last_edited=&#8221;on|desktop&#8221;]<\/p>\n<h2>J\u00f3zef Che\u0142mo\u0144ski <\/h2>\n<p>[\/et_pb_text][et_pb_divider _builder_version=&#8221;3.25.4&#8243;][\/et_pb_divider][et_pb_blurb title=&#8221;1849&#8243; use_icon=&#8221;on&#8221; font_icon=&#8221;%%169%%&#8221; icon_color=&#8221;#6a9ae8&#8243; use_icon_font_size=&#8221;on&#8221; _builder_version=&#8221;4.5.8&#8243; header_font=&#8221;Roboto|700|||||||&#8221; header_font_size=&#8221;30px&#8221; header_line_height=&#8221;1.7em&#8221; body_font=&#8221;||||||||&#8221; body_font_size=&#8221;18px&#8221; body_line_height=&#8221;1.8em&#8221; background_color=&#8221;#ffffff&#8221; text_orientation=&#8221;center&#8221; module_alignment=&#8221;left&#8221; custom_margin=&#8221;|||&#8221; custom_padding=&#8221;|||&#8221; custom_padding_tablet=&#8221;&#8221; custom_padding_phone=&#8221;&#8221; custom_padding_last_edited=&#8221;on|phone&#8221; animation_style=&#8221;zoom&#8221; animation_intensity_zoom=&#8221;8%&#8221; animation=&#8221;off&#8221; border_width_all_image=&#8221;50px&#8221;]7 listopada w Boczkach k\/\u0141owicza urodzi\u0142 si\u0119 J\u00f3zef Marian Che\u0142mo\u0144ski, syn J\u00f3zefa Adama (w\u0142a\u015bciciela folwarku, w\u00f3jt, uzdolniony muzycznie i malarsko) i Izabeli \u0141oskowskiej[\/et_pb_blurb][et_pb_blurb title=&#8221;1867-1872&#8243; _builder_version=&#8221;4.5.7&#8243; header_font=&#8221;Roboto|700|||||||&#8221; header_font_size=&#8221;30px&#8221; header_line_height=&#8221;1.7em&#8221; body_font=&#8221;||||||||&#8221; body_font_size=&#8221;18px&#8221; body_line_height=&#8221;1.8em&#8221; background_color=&#8221;#ffffff&#8221; text_orientation=&#8221;center&#8221; module_alignment=&#8221;left&#8221; custom_margin=&#8221;|||&#8221; custom_padding=&#8221;|||&#8221; custom_padding_tablet=&#8221;&#8221; custom_padding_phone=&#8221;&#8221; custom_padding_last_edited=&#8221;on|phone&#8221; animation_style=&#8221;zoom&#8221; animation_intensity_zoom=&#8221;8%&#8221; animation=&#8221;off&#8221; border_width_all_image=&#8221;50px&#8221;]<\/p>\n<p>zacz\u0105\u0142 nauk\u0119 w warszawskiej Klasie Rysunkowej i w prywatnej pracowni Wojciecha Gersona<\/p>\n<p>[\/et_pb_blurb][et_pb_blurb title=&#8221;1872-1874&#8243; use_icon=&#8221;on&#8221; font_icon=&#8221;%%72%%&#8221; icon_color=&#8221;#6a9ae8&#8243; use_icon_font_size=&#8221;on&#8221; _builder_version=&#8221;4.5.8&#8243; header_font=&#8221;Roboto|700|||||||&#8221; header_font_size=&#8221;30px&#8221; header_line_height=&#8221;1.7em&#8221; body_font=&#8221;||||||||&#8221; body_font_size=&#8221;18px&#8221; body_line_height=&#8221;1.8em&#8221; background_color=&#8221;#ffffff&#8221; text_orientation=&#8221;center&#8221; module_alignment=&#8221;left&#8221; custom_margin=&#8221;|||&#8221; custom_padding=&#8221;|||&#8221; custom_padding_tablet=&#8221;&#8221; custom_padding_phone=&#8221;&#8221; custom_padding_last_edited=&#8221;on|phone&#8221; animation_style=&#8221;zoom&#8221; animation_intensity_zoom=&#8221;8%&#8221; animation=&#8221;off&#8221; border_width_all_image=&#8221;50px&#8221;]<\/p>\n<p>studia w Monachium pod kierunkiem H. Ansch\u00fctza i A. Str\u00e4hubera. J\u00f3zef Che\u0142mo\u0144ski zwi\u0105za\u0142 si\u0119 tam ze \u015brodowiskiem polskich monachijczyk\u00f3w, przede wszystkim ze <a href=\"https:\/\/zagrajwsztuke.pl\/stanislaw-ignacy-witkiewicz\/\" target=\"_blank\" rel=\"noopener noreferrer\"><u>Stanis\u0142awem Witkiewiczem<\/u><\/a>, J\u00f3zefem Brandtem, <a href=\"https:\/\/zagrajwsztuke.pl\/maksymilian-gierymski\/\" target=\"_blank\" rel=\"noopener noreferrer\"><u>Maksymilianem Gierymskim<\/u><\/a> i Adamem Chmielowskim.<\/p>\n<p>[\/et_pb_blurb][et_pb_blurb title=&#8221;1874&#8243; _builder_version=&#8221;4.5.7&#8243; header_font=&#8221;Roboto|700|||||||&#8221; header_font_size=&#8221;30px&#8221; header_line_height=&#8221;1.7em&#8221; body_font=&#8221;||||||||&#8221; body_font_size=&#8221;18px&#8221; body_line_height=&#8221;1.8em&#8221; background_color=&#8221;#ffffff&#8221; text_orientation=&#8221;center&#8221; module_alignment=&#8221;left&#8221; custom_margin=&#8221;|||&#8221; custom_padding=&#8221;|||&#8221; custom_padding_tablet=&#8221;&#8221; custom_padding_phone=&#8221;&#8221; custom_padding_last_edited=&#8221;on|phone&#8221; animation_style=&#8221;zoom&#8221; animation_intensity_zoom=&#8221;8%&#8221; animation=&#8221;off&#8221; border_width_all_image=&#8221;50px&#8221;]<\/p>\n<p>przebywa\u0142 na Ukrainie, sk\u0105d powr\u00f3ci\u0142 do Warszawy, gdzie z <a href=\"https:\/\/zagrajwsztuke.pl\/stanislaw-ignacy-witkiewicz\/\"><u>Witkiewiczem<\/u> <\/a>i Chmielowskim dzieli\u0142 pracowni\u0119, wynajmowan\u0105 w gmachu Hotelu Europejskiego<\/p>\n<p>[\/et_pb_blurb][et_pb_blurb title=&#8221;1875&#8243; _builder_version=&#8221;4.5.8&#8243; header_font=&#8221;Roboto|700|||||||&#8221; header_font_size=&#8221;30px&#8221; header_line_height=&#8221;1.7em&#8221; body_font=&#8221;||||||||&#8221; body_font_size=&#8221;18px&#8221; body_line_height=&#8221;1.8em&#8221; background_color=&#8221;#ffffff&#8221; text_orientation=&#8221;center&#8221; module_alignment=&#8221;left&#8221; custom_margin=&#8221;|||&#8221; custom_padding=&#8221;|||&#8221; custom_padding_tablet=&#8221;&#8221; custom_padding_phone=&#8221;&#8221; custom_padding_last_edited=&#8221;on|phone&#8221; animation_style=&#8221;zoom&#8221; animation_intensity_zoom=&#8221;8%&#8221; animation=&#8221;off&#8221; border_width_all_image=&#8221;50px&#8221;]<\/p>\n<p>J\u00f3zef Che\u0142mo\u0144ski wyjecha\u0142 do Pary\u017ca, gdzie zdoby\u0142 uznanie krytyki i publiczno\u015bci , pokazuj\u0105c na Salonach obrazy z \u017cycia polskiej wsi i s\u0142ynne przedstawienia p\u0119dz\u0105cych zaprz\u0119g\u00f3w ko\u0144skich. P\u0142\u00f3tna by\u0142y ch\u0119tnie kupowane przez kolekcjoner\u00f3w z Europy i Ameryki. \u00a0<\/p>\n<p>[\/et_pb_blurb][et_pb_blurb title=&#8221;1878&#8243; use_icon=&#8221;on&#8221; font_icon=&#8221;%%141%%&#8221; _builder_version=&#8221;4.5.8&#8243; header_font=&#8221;Roboto|700|||||||&#8221; header_font_size=&#8221;30px&#8221; header_line_height=&#8221;1.7em&#8221; body_font=&#8221;||||||||&#8221; body_font_size=&#8221;18px&#8221; body_line_height=&#8221;1.8em&#8221; background_color=&#8221;#ffffff&#8221; text_orientation=&#8221;center&#8221; module_alignment=&#8221;left&#8221; custom_margin=&#8221;|||&#8221; custom_padding=&#8221;|||&#8221; custom_padding_tablet=&#8221;&#8221; custom_padding_phone=&#8221;&#8221; custom_padding_last_edited=&#8221;on|phone&#8221; animation_style=&#8221;zoom&#8221; animation_intensity_zoom=&#8221;8%&#8221; animation=&#8221;off&#8221; border_width_all_image=&#8221;50px&#8221;]<\/p>\n<p>18 czerwca J\u00f3zef Che\u0142mo\u0144ski o\u017ceni\u0142 si\u0119 z Mari\u0105 z Korwin-Szymanowskich; po \u015blubie wyjechali do Wiednia, Monachium, Wenecji i Pary\u017ca<\/p>\n<p>[\/et_pb_blurb][et_pb_blurb title=&#8221;1879&#8243; _builder_version=&#8221;4.5.8&#8243; header_font=&#8221;Roboto|700|||||||&#8221; header_font_size=&#8221;30px&#8221; header_line_height=&#8221;1.7em&#8221; body_font=&#8221;||||||||&#8221; body_font_size=&#8221;18px&#8221; body_line_height=&#8221;1.8em&#8221; background_color=&#8221;#ffffff&#8221; text_orientation=&#8221;center&#8221; module_alignment=&#8221;left&#8221; custom_margin=&#8221;|||&#8221; custom_padding=&#8221;|||&#8221; custom_padding_tablet=&#8221;&#8221; custom_padding_phone=&#8221;&#8221; custom_padding_last_edited=&#8221;on|phone&#8221; animation_style=&#8221;zoom&#8221; animation_intensity_zoom=&#8221;8%&#8221; animation=&#8221;off&#8221; border_width_all_image=&#8221;50px&#8221;]<\/p>\n<p>artysta zosta\u0142 ojcem. W sumie ma\u0142\u017conkowie doczekali si\u0119 7 dzieci: Maria, Zofia, Jadwiga, Wanda, Anna, J\u00f3zef, Tadeusz. Niestety troje dzieci zmar\u0142o (J\u00f3zef, Anna i Tadeusz)<\/p>\n<p>[\/et_pb_blurb][et_pb_blurb title=&#8221;1884-1892&#8243; _builder_version=&#8221;4.5.8&#8243; header_font=&#8221;Roboto|700|||||||&#8221; header_font_size=&#8221;30px&#8221; header_line_height=&#8221;1.7em&#8221; body_font=&#8221;||||||||&#8221; body_font_size=&#8221;18px&#8221; body_line_height=&#8221;1.8em&#8221; background_color=&#8221;#ffffff&#8221; text_orientation=&#8221;center&#8221; module_alignment=&#8221;left&#8221; custom_margin=&#8221;|||&#8221; custom_padding=&#8221;|||&#8221; custom_padding_tablet=&#8221;&#8221; custom_padding_phone=&#8221;&#8221; custom_padding_last_edited=&#8221;on|phone&#8221; animation_style=&#8221;zoom&#8221; animation_intensity_zoom=&#8221;8%&#8221; animation=&#8221;off&#8221; border_width_all_image=&#8221;50px&#8221;]<\/p>\n<p>artysta wsp\u00f3\u0142pracowa\u0142 z paryskim <em>\u201eLe Monde Illustr\u00e9\u201d <\/em>jako rysownik-ilustrator<\/p>\n<p>[\/et_pb_blurb][\/et_pb_column][et_pb_column type=&#8221;3_5&#8243; _builder_version=&#8221;3.25&#8243; custom_padding=&#8221;|||&#8221; custom_padding__hover=&#8221;|||&#8221;][et_pb_image src=&#8221;https:\/\/zagrajwsztuke.pl\/wp-content\/uploads\/2020\/08\/Jozef_Chelmonski-i_Partridges_in_the_snow.png&#8221; alt=&#8221;J\u00f3zef Che\u0142mo\u0144ski &#8221; title_text=&#8221;Jozef_Chelmonski-%93i_Partridges_in_the_snow&#8221; align=&#8221;right&#8221; force_fullwidth=&#8221;on&#8221; align_tablet=&#8221;center&#8221; align_phone=&#8221;&#8221; align_last_edited=&#8221;on|desktop&#8221; _builder_version=&#8221;4.5.8&#8243; custom_margin=&#8221;||-10%|&#8221; animation_style=&#8221;roll&#8221; animation_direction=&#8221;left&#8221; animation_intensity_roll=&#8221;4%&#8221;][\/et_pb_image][et_pb_divider show_divider=&#8221;off&#8221; _builder_version=&#8221;4.5.7&#8243; _module_preset=&#8221;default&#8221;][\/et_pb_divider][et_pb_divider show_divider=&#8221;off&#8221; _builder_version=&#8221;4.5.7&#8243; _module_preset=&#8221;default&#8221;][\/et_pb_divider][et_pb_divider show_divider=&#8221;off&#8221; _builder_version=&#8221;4.5.7&#8243; _module_preset=&#8221;default&#8221;][\/et_pb_divider][et_pb_divider show_divider=&#8221;off&#8221; _builder_version=&#8221;4.5.7&#8243; _module_preset=&#8221;default&#8221;][\/et_pb_divider][et_pb_text _builder_version=&#8221;4.5.8&#8243; _module_preset=&#8221;default&#8221;]Kuropatwy na \u015bniegu, 1891, Muzeum Narodowe w Warszawie, Wikipedia[\/et_pb_text][et_pb_blurb title=&#8221;1887&#8243; use_icon=&#8221;on&#8221; font_icon=&#8221;%%135%%&#8221; icon_color=&#8221;#6a9ae8&#8243; use_icon_font_size=&#8221;on&#8221; _builder_version=&#8221;4.5.7&#8243; header_font=&#8221;Roboto|700|||||||&#8221; header_font_size=&#8221;30px&#8221; header_line_height=&#8221;1.7em&#8221; body_font=&#8221;||||||||&#8221; body_font_size=&#8221;18px&#8221; body_line_height=&#8221;1.8em&#8221; background_color=&#8221;#ffffff&#8221; text_orientation=&#8221;center&#8221; module_alignment=&#8221;left&#8221; custom_margin=&#8221;|||&#8221; custom_padding=&#8221;|||&#8221; custom_padding_tablet=&#8221;&#8221; custom_padding_phone=&#8221;&#8221; custom_padding_last_edited=&#8221;on|phone&#8221; animation_style=&#8221;zoom&#8221; animation_intensity_zoom=&#8221;8%&#8221; animation=&#8221;off&#8221; border_width_all_image=&#8221;50px&#8221;]<\/p>\n<p>J\u00f3zef Che\u0142mo\u0144ski z ca\u0142\u0105 rodzin\u0105 powr\u00f3ci\u0142 do Warszawy<\/p>\n<p>[\/et_pb_blurb][et_pb_blurb title=&#8221;1889&#8243; use_icon=&#8221;on&#8221; font_icon=&#8221;%%122%%&#8221; icon_color=&#8221;#6a9ae8&#8243; use_icon_font_size=&#8221;on&#8221; _builder_version=&#8221;4.5.7&#8243; header_font=&#8221;Roboto|700|||||||&#8221; header_font_size=&#8221;30px&#8221; header_line_height=&#8221;1.7em&#8221; body_font=&#8221;||||||||&#8221; body_font_size=&#8221;18px&#8221; body_line_height=&#8221;1.8em&#8221; background_color=&#8221;#ffffff&#8221; text_orientation=&#8221;center&#8221; module_alignment=&#8221;left&#8221; custom_margin=&#8221;|||&#8221; custom_padding=&#8221;|||&#8221; custom_padding_tablet=&#8221;&#8221; custom_padding_phone=&#8221;&#8221; custom_padding_last_edited=&#8221;on|phone&#8221; animation_style=&#8221;zoom&#8221; animation_intensity_zoom=&#8221;8%&#8221; animation=&#8221;off&#8221; border_width_all_image=&#8221;50px&#8221;]<\/p>\n<p>zakup dworku w Kukl\u00f3wce, do kt\u00f3rego malarz ju\u017c wcze\u015bniej cz\u0119sto wyje\u017cd\u017ca\u0142, aby malowa\u0107<\/p>\n<p>[\/et_pb_blurb][et_pb_image src=&#8221;https:\/\/zagrajwsztuke.pl\/wp-content\/uploads\/2020\/08\/Jozef_Chelmonski_Odlot_zurawi_1871.jpg&#8221; alt=&#8221;J\u00f3zef Che\u0142mo\u0144ski &#8221; title_text=&#8221;Jozef_Chelmonski_Odlot_zurawi_(1871)&#8221; align=&#8221;right&#8221; force_fullwidth=&#8221;on&#8221; align_tablet=&#8221;center&#8221; align_phone=&#8221;&#8221; align_last_edited=&#8221;on|desktop&#8221; _builder_version=&#8221;4.5.8&#8243; custom_margin=&#8221;||-10%|&#8221; animation_style=&#8221;roll&#8221; animation_direction=&#8221;left&#8221; animation_intensity_roll=&#8221;4%&#8221;][\/et_pb_image][et_pb_divider show_divider=&#8221;off&#8221; _builder_version=&#8221;4.5.7&#8243; _module_preset=&#8221;default&#8221;][\/et_pb_divider][et_pb_divider show_divider=&#8221;off&#8221; _builder_version=&#8221;4.5.7&#8243; _module_preset=&#8221;default&#8221;][\/et_pb_divider][et_pb_divider show_divider=&#8221;off&#8221; _builder_version=&#8221;4.5.7&#8243; _module_preset=&#8221;default&#8221;][\/et_pb_divider][et_pb_divider show_divider=&#8221;off&#8221; _builder_version=&#8221;4.5.7&#8243; _module_preset=&#8221;default&#8221;][\/et_pb_divider][et_pb_text _builder_version=&#8221;4.5.8&#8243; _module_preset=&#8221;default&#8221;]Odlot \u017curawi, 1871, Muzeum Narodowe w Krakowie, Wikipedia[\/et_pb_text][et_pb_divider show_divider=&#8221;off&#8221; _builder_version=&#8221;4.5.7&#8243; _module_preset=&#8221;default&#8221;][\/et_pb_divider][et_pb_blurb title=&#8221;1896&#8243; _builder_version=&#8221;4.5.7&#8243; header_font=&#8221;Roboto|700|||||||&#8221; header_font_size=&#8221;30px&#8221; header_line_height=&#8221;1.7em&#8221; body_font=&#8221;||||||||&#8221; body_font_size=&#8221;18px&#8221; body_line_height=&#8221;1.8em&#8221; background_color=&#8221;#ffffff&#8221; text_orientation=&#8221;center&#8221; module_alignment=&#8221;left&#8221; custom_margin=&#8221;|||&#8221; custom_padding=&#8221;|||&#8221; custom_padding_tablet=&#8221;&#8221; custom_padding_phone=&#8221;&#8221; custom_padding_last_edited=&#8221;on|phone&#8221; animation_style=&#8221;zoom&#8221; animation_intensity_zoom=&#8221;8%&#8221; animation=&#8221;off&#8221; border_width_all_image=&#8221;50px&#8221;]<\/p>\n<p>wystawiony w Krakowie obraz <em>\u201eBurza\u201d<\/em> przyni\u00f3s\u0142 arty\u015bcie nagrod\u0119 Akademii Umiej\u0119tno\u015bci im. Probusa Barczewskiego<\/p>\n<p>[\/et_pb_blurb][et_pb_blurb title=&#8221;1889&#8243; _builder_version=&#8221;4.5.8&#8243; header_font=&#8221;Roboto|700|||||||&#8221; header_font_size=&#8221;30px&#8221; header_line_height=&#8221;1.7em&#8221; body_font=&#8221;||||||||&#8221; body_font_size=&#8221;18px&#8221; body_line_height=&#8221;1.8em&#8221; background_color=&#8221;#ffffff&#8221; text_orientation=&#8221;center&#8221; module_alignment=&#8221;left&#8221; custom_margin=&#8221;|||&#8221; custom_padding=&#8221;|||&#8221; custom_padding_tablet=&#8221;&#8221; custom_padding_phone=&#8221;&#8221; custom_padding_last_edited=&#8221;on|phone&#8221; animation_style=&#8221;zoom&#8221; animation_intensity_zoom=&#8221;8%&#8221; animation=&#8221;off&#8221; border_width_all_image=&#8221;50px&#8221;]<\/p>\n<p>J\u00f3zef Che\u0142mo\u0144ski zosta\u0142 uhonorowany Grand Prix na Wystawie Powszechnej w Pary\u017cu<\/p>\n<p>[\/et_pb_blurb][et_pb_blurb title=&#8221;1894&#8243; _builder_version=&#8221;4.5.8&#8243; header_font=&#8221;Roboto|700|||||||&#8221; header_font_size=&#8221;30px&#8221; header_line_height=&#8221;1.7em&#8221; body_font=&#8221;||||||||&#8221; body_font_size=&#8221;18px&#8221; body_line_height=&#8221;1.8em&#8221; background_color=&#8221;#ffffff&#8221; text_orientation=&#8221;center&#8221; module_alignment=&#8221;left&#8221; custom_margin=&#8221;|||&#8221; custom_padding=&#8221;|||&#8221; custom_padding_tablet=&#8221;&#8221; custom_padding_phone=&#8221;&#8221; custom_padding_last_edited=&#8221;on|phone&#8221; animation_style=&#8221;zoom&#8221; animation_intensity_zoom=&#8221;8%&#8221; animation=&#8221;off&#8221; border_width_all_image=&#8221;50px&#8221;]<\/p>\n<p>zdoby\u0142 z\u0142oty medalem na wystawie w Glaspalast w Monachium i na Powszechnej Wystawie Sztuki w San Francisco. W tym samym roku nast\u0105pi\u0142 rozpad ma\u0142\u017ce\u0144stwa malarza: 3 starsze c\u00f3rki: Jadwiga, Maria i Zofia zosta\u0142y z ojcem, a najm\u0142odsz\u0105 Wand\u0119, \u017cona Maria zabra\u0142a ze sob\u0105 do Warszawy<\/p>\n<p>[\/et_pb_blurb][et_pb_blurb title=&#8221;1897&#8243; _builder_version=&#8221;4.5.8&#8243; header_font=&#8221;Roboto|700|||||||&#8221; header_font_size=&#8221;30px&#8221; header_line_height=&#8221;1.7em&#8221; body_font=&#8221;||||||||&#8221; body_font_size=&#8221;18px&#8221; body_line_height=&#8221;1.8em&#8221; background_color=&#8221;#ffffff&#8221; text_orientation=&#8221;center&#8221; module_alignment=&#8221;left&#8221; custom_margin=&#8221;|||&#8221; custom_padding=&#8221;|||&#8221; custom_padding_tablet=&#8221;&#8221; custom_padding_phone=&#8221;&#8221; custom_padding_last_edited=&#8221;on|phone&#8221; animation_style=&#8221;zoom&#8221; animation_intensity_zoom=&#8221;8%&#8221; animation=&#8221;off&#8221; border_width_all_image=&#8221;50px&#8221;]<\/p>\n<p>J\u00f3zef Che\u0142mo\u0144ski zosta\u0142 mianowany honorowym prezesem Towarzystwa Artyst\u00f3w Polskich <em>\u201eSztuka\u201d<\/em> zrzeszaj\u0105cego najwybitniejszych polskich tw\u00f3rc\u00f3w<\/p>\n<p>[\/et_pb_blurb][et_pb_blurb title=&#8221;1914&#8243; _builder_version=&#8221;4.5.8&#8243; header_font=&#8221;Roboto|700|||||||&#8221; header_font_size=&#8221;30px&#8221; header_line_height=&#8221;1.7em&#8221; body_font=&#8221;||||||||&#8221; body_font_size=&#8221;18px&#8221; body_line_height=&#8221;1.8em&#8221; background_color=&#8221;#ffffff&#8221; text_orientation=&#8221;center&#8221; module_alignment=&#8221;left&#8221; custom_margin=&#8221;|||&#8221; custom_padding=&#8221;|||&#8221; custom_padding_tablet=&#8221;&#8221; custom_padding_phone=&#8221;&#8221; custom_padding_last_edited=&#8221;on|phone&#8221; animation_style=&#8221;zoom&#8221; animation_intensity_zoom=&#8221;8%&#8221; animation=&#8221;off&#8221; border_width_all_image=&#8221;50px&#8221;]<\/p>\n<p>J\u00f3zef Che\u0142mo\u0144ski zmar\u0142 6 kwietnia w Kukl\u00f3wce k\/Grodziska Mazowieckiego. Zosta\u0142 na cmentarzu w \u017belechowie.<\/p>\n<p>[\/et_pb_blurb][\/et_pb_column][\/et_pb_row][et_pb_row _builder_version=&#8221;4.5.8&#8243; _module_preset=&#8221;default&#8221;][et_pb_column type=&#8221;4_4&#8243; _builder_version=&#8221;4.5.8&#8243; _module_preset=&#8221;default&#8221;][et_pb_image src=&#8221;https:\/\/zagrajwsztuke.pl\/wp-content\/uploads\/2020\/08\/1920px-Jozef_Chelmonski_-_Czworka_1881.jpg&#8221; alt=&#8221;J\u00f3zef Che\u0142mo\u0144ski&#8221; title_text=&#8221;1920px-Jozef_Chelmonski_-_Czworka_(1881)&#8221; show_in_lightbox=&#8221;on&#8221; _builder_version=&#8221;4.5.8&#8243; _module_preset=&#8221;default&#8221;][\/et_pb_image][et_pb_text _builder_version=&#8221;4.5.8&#8243; _module_preset=&#8221;default&#8221;]Czw\u00f3rka, 1881, Muzeum Narodowe w Krakowie, Wikipedia[\/et_pb_text][\/et_pb_column][\/et_pb_row][\/et_pb_section][et_pb_section fb_built=&#8221;1&#8243; custom_padding_last_edited=&#8221;off|desktop&#8221; _builder_version=&#8221;3.22.3&#8243; use_background_color_gradient=&#8221;on&#8221; background_color_gradient_start=&#8221;#ffffff&#8221; background_color_gradient_end=&#8221;#F2F2FA&#8221; background_color_gradient_end_position=&#8221;50%&#8221; background_size=&#8221;initial&#8221; custom_padding=&#8221;|||&#8221; custom_padding_tablet=&#8221;0px||0px|0px&#8221; custom_padding_phone=&#8221;|||&#8221; bottom_divider_style=&#8221;ramp&#8221; bottom_divider_color=&#8221;#ffffff&#8221; bottom_divider_height=&#8221;250px&#8221; bottom_divider_height_tablet=&#8221;150px&#8221; bottom_divider_height_phone=&#8221;110px&#8221; bottom_divider_height_last_edited=&#8221;on|phone&#8221;][et_pb_row column_structure=&#8221;1_3,2_3&#8243; use_custom_gutter=&#8221;on&#8221; gutter_width=&#8221;2&#8243; _builder_version=&#8221;3.25.4&#8243; max_width=&#8221;1700px&#8221; custom_margin=&#8221;|||&#8221; custom_padding=&#8221;0px|||&#8221; use_custom_width=&#8221;on&#8221; custom_width_px=&#8221;1700px&#8221;][et_pb_column type=&#8221;1_3&#8243; _builder_version=&#8221;3.25&#8243; custom_padding=&#8221;|||&#8221; custom_padding__hover=&#8221;|||&#8221;][et_pb_text _builder_version=&#8221;4.5.7&#8243; text_font_size=&#8221;16px&#8221; text_line_height=&#8221;2em&#8221; header_2_font=&#8221;Roboto|700|||||||&#8221; header_2_font_size=&#8221;45px&#8221; header_2_line_height=&#8221;1.2em&#8221; max_width=&#8221;800px&#8221; max_width_last_edited=&#8221;off|desktop&#8221; module_alignment=&#8221;center&#8221; custom_margin=&#8221;|||&#8221; custom_padding=&#8221;||0px|||&#8221; header_2_font_size_tablet=&#8221;35px&#8221; header_2_font_size_phone=&#8221;28px&#8221; header_2_font_size_last_edited=&#8221;on|desktop&#8221;]<\/p>\n<h2><strong>Ciekawostki:<\/strong><\/h2>\n<p>[\/et_pb_text][et_pb_divider _builder_version=&#8221;3.25.4&#8243;][\/et_pb_divider][et_pb_toggle title=&#8221;Ubi\u00f3r&#8221; _builder_version=&#8221;4.5.8&#8243; title_font=&#8221;Roboto|700|||||||&#8221; title_font_size=&#8221;18px&#8221; title_line_height=&#8221;1.7em&#8221; body_font_size=&#8221;16px&#8221; body_line_height=&#8221;2em&#8221; background_color=&#8221;#ffffff&#8221; custom_margin=&#8221;|||&#8221; custom_padding=&#8221;|30px||30px&#8221; animation_style=&#8221;fold&#8221; animation_direction=&#8221;top&#8221; border_radii=&#8221;on|10px|10px|10px|10px&#8221; border_width_all=&#8221;0px&#8221; border_color_all=&#8221;#f7b100&#8243; border_width_left=&#8221;10px&#8221; box_shadow_style=&#8221;preset1&#8243; box_shadow_blur=&#8221;70px&#8221; box_shadow_color=&#8221;rgba(110,130,208,0.18)&#8221;]J\u00f3zef Che\u0142mo\u0144ski wzbudzi\u0142 w Monachium spor\u0105 sensacj\u0119 swoim ubiorem \u2013 nosi\u0142 czerwone rajtuzy konnicy rosyjskiej, granatow\u0105 u\u0142a\u0144sk\u0105 kurtk\u0119 oraz czapk\u0119 konduktorsk\u0105 Kolei Warszawsko-Wiede\u0144skiej\u2026[\/et_pb_toggle][et_pb_toggle title=&#8221;Z pami\u0119ci&#8221; _builder_version=&#8221;4.5.8&#8243; title_font=&#8221;Roboto|700|||||||&#8221; title_font_size=&#8221;18px&#8221; title_line_height=&#8221;1.7em&#8221; body_font_size=&#8221;16px&#8221; body_line_height=&#8221;2em&#8221; background_color=&#8221;#ffffff&#8221; custom_margin=&#8221;|||&#8221; custom_padding=&#8221;|30px||30px&#8221; animation_style=&#8221;fold&#8221; animation_direction=&#8221;top&#8221; animation_delay=&#8221;100ms&#8221; border_radii=&#8221;on|10px|10px|10px|10px&#8221; border_width_all=&#8221;0px&#8221; border_color_all=&#8221;#00d8bf&#8221; border_width_left=&#8221;10px&#8221; box_shadow_style=&#8221;preset1&#8243; box_shadow_blur=&#8221;70px&#8221; box_shadow_color=&#8221;rgba(110,130,208,0.18)&#8221;]<\/p>\n<p>Artysta s\u0142yn\u0105\u0142 z niemal fotograficznej pami\u0119ci. W czasie pobytu w Pary\u017cu ogromnym zainteresowaniem cieszy\u0142y si\u0119 jego p\u0142\u00f3tna przedstawiaj\u0105ce \u017cywio\u0142owe sceny z kresowych jarmark\u00f3w. Wszystkie obrazy namalowa\u0142 z pami\u0119ci\u2026<\/p>\n<p>[\/et_pb_toggle][et_pb_toggle title=&#8221;\u017bo\u0142nierki&#8221; _builder_version=&#8221;4.5.8&#8243; title_font=&#8221;Roboto|700|||||||&#8221; title_font_size=&#8221;18px&#8221; title_line_height=&#8221;1.7em&#8221; body_font_size=&#8221;16px&#8221; body_line_height=&#8221;2em&#8221; background_color=&#8221;#ffffff&#8221; custom_margin=&#8221;|||&#8221; custom_padding=&#8221;|30px||30px&#8221; animation_style=&#8221;fold&#8221; animation_direction=&#8221;top&#8221; animation_delay=&#8221;100ms&#8221; border_radii=&#8221;on|10px|10px|10px|10px&#8221; border_width_all=&#8221;0px&#8221; border_color_all=&#8221;#0C71C3&#8243; border_width_left=&#8221;10px&#8221; box_shadow_style=&#8221;preset1&#8243; box_shadow_blur=&#8221;70px&#8221; box_shadow_color=&#8221;rgba(110,130,208,0.18)&#8221;]<\/p>\n<p>W <em>\u201eEpizodzie z powstania 1863\u201d<\/em> J\u00f3zef Che\u0142mo\u0144ski pokaza\u0142 obecno\u015b\u0107 kobiet w oddziale powsta\u0144czym. \u017bo\u0142nierki w czasie Powstania Styczniowego nie by\u0142y pojedynczymi przypadkami. Niestety cz\u0119sto marginalizowano ich znaczenie, sugeruj\u0105c bardziej \u201ekobiece\u201d zaj\u0119cia. A nawet pos\u0105dzano o \u201eszukanie m\u0119\u017ca\u201d w oddziale. Tym bardziej motyw, uj\u0119ty przez J\u00f3zefa Che\u0142mo\u0144skiego jest niespotykany. Nie tylko pokaza\u0142 kobiety w oddziale powsta\u0144c\u00f3w, ale wr\u0119cz pokaza\u0142 je jako pe\u0142noprawne bohaterki.<\/p>\n<p>[\/et_pb_toggle][\/et_pb_column][et_pb_column type=&#8221;2_3&#8243; _builder_version=&#8221;3.25.4&#8243;][et_pb_image src=&#8221;https:\/\/zagrajwsztuke.pl\/wp-content\/uploads\/2020\/08\/1411px-Jozef_Chelmonski_Bociany_-_01_MP_561_MNW.jpg&#8221; alt=&#8221;Che\u0142mo\u0144ski&#8221; title_text=&#8221;1411px-Jozef_Chelmonski_Bociany_-_01_(MP_561_MNW)&#8221; align=&#8221;right&#8221; force_fullwidth=&#8221;on&#8221; align_tablet=&#8221;center&#8221; align_phone=&#8221;&#8221; align_last_edited=&#8221;on|desktop&#8221; _builder_version=&#8221;4.5.8&#8243; custom_margin=&#8221;||-10%|&#8221; animation_style=&#8221;roll&#8221; animation_direction=&#8221;left&#8221; animation_intensity_roll=&#8221;4%&#8221;][\/et_pb_image][et_pb_divider show_divider=&#8221;off&#8221; _builder_version=&#8221;4.5.7&#8243; _module_preset=&#8221;default&#8221;][\/et_pb_divider][et_pb_divider show_divider=&#8221;off&#8221; _builder_version=&#8221;4.5.7&#8243; _module_preset=&#8221;default&#8221;][\/et_pb_divider][et_pb_divider show_divider=&#8221;off&#8221; _builder_version=&#8221;4.5.7&#8243; _module_preset=&#8221;default&#8221;][\/et_pb_divider][et_pb_divider show_divider=&#8221;off&#8221; _builder_version=&#8221;4.5.7&#8243; _module_preset=&#8221;default&#8221;][\/et_pb_divider][et_pb_text _builder_version=&#8221;4.5.8&#8243; _module_preset=&#8221;default&#8221;]Bociany, 1900, Muzeum Narodowe w Warszawie, Wikipedia[\/et_pb_text][\/et_pb_column][\/et_pb_row][\/et_pb_section][et_pb_section fb_built=&#8221;1&#8243; custom_padding_last_edited=&#8221;off|desktop&#8221; _builder_version=&#8221;3.22.3&#8243; use_background_color_gradient=&#8221;on&#8221; background_color_gradient_start=&#8221;#ffffff&#8221; background_color_gradient_end=&#8221;#F2F2FA&#8221; background_color_gradient_end_position=&#8221;50%&#8221; background_size=&#8221;initial&#8221; custom_padding=&#8221;|||&#8221; custom_padding_tablet=&#8221;0px||0px|0px&#8221; custom_padding_phone=&#8221;|||&#8221; bottom_divider_style=&#8221;ramp&#8221; bottom_divider_color=&#8221;#ffffff&#8221; bottom_divider_height=&#8221;250px&#8221; bottom_divider_height_tablet=&#8221;150px&#8221; bottom_divider_height_phone=&#8221;110px&#8221; bottom_divider_height_last_edited=&#8221;on|phone&#8221;][et_pb_row column_structure=&#8221;1_2,1_2&#8243; use_custom_gutter=&#8221;on&#8221; gutter_width=&#8221;2&#8243; _builder_version=&#8221;3.25.4&#8243; max_width=&#8221;1700px&#8221; custom_margin=&#8221;|||&#8221; custom_padding=&#8221;0px|||&#8221; use_custom_width=&#8221;on&#8221; custom_width_px=&#8221;1700px&#8221;][et_pb_column type=&#8221;1_2&#8243; _builder_version=&#8221;3.25&#8243; custom_padding=&#8221;|||&#8221; custom_padding__hover=&#8221;|||&#8221;][et_pb_text _builder_version=&#8221;4.5.8&#8243; text_font_size=&#8221;16px&#8221; text_line_height=&#8221;2em&#8221; header_2_font=&#8221;Roboto|700|||||||&#8221; header_2_font_size=&#8221;45px&#8221; header_2_line_height=&#8221;1.2em&#8221; max_width=&#8221;800px&#8221; max_width_last_edited=&#8221;off|desktop&#8221; module_alignment=&#8221;center&#8221; custom_margin=&#8221;|||&#8221; custom_padding=&#8221;||0px|||&#8221; header_2_font_size_tablet=&#8221;35px&#8221; header_2_font_size_phone=&#8221;28px&#8221; header_2_font_size_last_edited=&#8221;on|desktop&#8221;]<\/p>\n<h2>O sztuce J\u00f3zefa Che\u0142mo\u0144skiego:<\/h2>\n<p>[\/et_pb_text][et_pb_divider _builder_version=&#8221;3.25.4&#8243;][\/et_pb_divider][et_pb_text _builder_version=&#8221;4.5.8&#8243; text_font_size=&#8221;18px&#8221; text_line_height=&#8221;2em&#8221; header_font_size=&#8221;28px&#8221; header_2_font=&#8221;Roboto|700|||||||&#8221; header_2_font_size=&#8221;45px&#8221; header_2_line_height=&#8221;1.2em&#8221; max_width=&#8221;800px&#8221; max_width_last_edited=&#8221;off|desktop&#8221; module_alignment=&#8221;center&#8221; custom_margin=&#8221;|||&#8221; custom_padding=&#8221;|||&#8221; header_2_font_size_tablet=&#8221;35px&#8221; header_2_font_size_phone=&#8221;28px&#8221; header_2_font_size_last_edited=&#8221;on|desktop&#8221;]<\/p>\n<p>W centrum zainteresowa\u0144 J\u00f3zefa Che\u0142mo\u0144skiego niezmiennie znajdowa\u0142a si\u0119 natura, a zw\u0142aszcza zwierz\u0119ta. By\u0142 mistrzem przedstawiania \u017cywio\u0142owych zaprz\u0119g\u00f3w w rozleg\u0142ej scenerii ukrai\u0144skich step\u00f3w. Znakomicie podpatrywa\u0142 zwierz\u0119ta i ukazywa\u0142 je w ich naturalnym \u015brodowisku na tle realistycznych pejza\u017cy.<em> <\/em><\/p>\n<p><em>\n\t\t<div class='et_quote'>\n\t\t\t<div class='et_right_quote'>\n\t\t\t\t\u201eArtysta obyczaj ptactwa w\u0119drownego podni\u00f3s\u0142 poetyczno\u015bci\u0105 pomys\u0142u do godno\u015bci dzie\u0142a sztuki.\u201d\u00a0\n\t\t\t\t\n\t\t\t<\/div>\n\t\t\t<span class='et_quote_sign'><\/span>\n\t\t<\/div>\n\t &#8211;\u00a0<\/em><strong>recenzja<\/strong> z wystawy<\/p>\n<p>[\/et_pb_text][et_pb_text _builder_version=&#8221;4.5.8&#8243; text_font_size=&#8221;18px&#8221; text_line_height=&#8221;2em&#8221; header_font_size=&#8221;28px&#8221; header_2_font=&#8221;Roboto|700|||||||&#8221; header_2_font_size=&#8221;45px&#8221; header_2_line_height=&#8221;1.2em&#8221; max_width=&#8221;800px&#8221; max_width_last_edited=&#8221;off|desktop&#8221; module_alignment=&#8221;center&#8221; custom_margin=&#8221;|||&#8221; custom_padding=&#8221;||0px|||&#8221; header_2_font_size_tablet=&#8221;35px&#8221; header_2_font_size_phone=&#8221;28px&#8221; header_2_font_size_last_edited=&#8221;on|desktop&#8221;]<\/p>\n<p><em>\u201eNoc gwia\u017adzista\u201d <\/em>to jedno z pierwszych dzie\u0142 J\u00f3zefa Che\u0142mo\u0144skiego pozbawionych obecno\u015bci cz\u0142owieka. Nocny krajobraz, pe\u0142en poetyckiego nastroju, w kt\u00f3rym jedynym \u201ebohaterem\u201d jest u\u015bpiona natura.<em> <\/em><\/p>\n<p><em>\n\t\t<div class='et_quote'>\n\t\t\t<div class='et_right_quote'>\n\t\t\t\t\u201eNiebo gwia\u017adziste, oddzielone w dali ciemn\u0105, w\u0105sk\u0105 smug\u0105 l\u0105du od w\u00f3d jeziora; cisza i spok\u00f3j. Ton obrazu doskona\u0142y. Astronomowie twierdz\u0105, \u017ce takich konstelacyj, jakie s\u0105 w tym obrazie, nie ma na niebie rzeczywistym, \u017ce to na chybi\u0142 trafi\u0142 narzucone punkciki \u2013 jest to zarzut, nie dotycz\u0105cy artystycznej warto\u015bci obrazu. Prawda w sztuce nie zale\u017cy od prawdziwo\u015bci sytuacji przedstawionej \u2013 niebo Che\u0142mo\u0144skiego z ca\u0142ym swoim nieporz\u0105dkiem astronomicznym jest zupe\u0142nie prawdziwe.\u201d\n\t\t\t\t\n\t\t\t<\/div>\n\t\t\t<span class='et_quote_sign'><\/span>\n\t\t<\/div>\n\t<\/em><\/p>\n<p>\u2013 <a href=\"https:\/\/zagrajwsztuke.pl\/stanislaw-ignacy-witkiewicz\/\" target=\"_blank\" rel=\"noopener noreferrer\"><strong>Stanis\u0142aw Witkiewicz<\/strong><\/a><\/p>\n<p>[\/et_pb_text][et_pb_text _builder_version=&#8221;4.5.8&#8243; text_font_size=&#8221;18px&#8221; text_line_height=&#8221;2em&#8221; header_font_size=&#8221;28px&#8221; header_2_font=&#8221;Roboto|700|||||||&#8221; header_2_font_size=&#8221;45px&#8221; header_2_line_height=&#8221;1.2em&#8221; max_width=&#8221;800px&#8221; max_width_last_edited=&#8221;off|desktop&#8221; module_alignment=&#8221;center&#8221; custom_margin=&#8221;|||&#8221; custom_padding=&#8221;|||&#8221; header_2_font_size_tablet=&#8221;35px&#8221; header_2_font_size_phone=&#8221;28px&#8221; header_2_font_size_last_edited=&#8221;on|desktop&#8221;]<\/p>\n<p>J\u00f3zef Che\u0142mo\u0144ski s\u0142yn\u0105\u0142 z niezwyk\u0142ego zmys\u0142u obserwacji i talentu do dostrzegania najbardziej subtelnych zjawisk wyst\u0119puj\u0105cych w naturze. Przyrod\u0119 ukazywa\u0142 z niemal religijnym i pe\u0142nym mistycyzmu uwielbieniem.<\/p>\n<p><em>\n\t\t<div class='et_quote'>\n\t\t\t<div class='et_right_quote'>\n\t\t\t\t\u201eArtysta stworzy\u0142 w\u00f3wczas dwa nastrojowe nokturny z motywem \u017curawi, zainspirowane prawdopodobnie lektur\u0105 Pana Tadeusza Adama Mickiewicza. Jednym z nich jest w\u0142a\u015bnie omawiany obraz, przedstawiaj\u0105cy stado \u017curawi szykuj\u0105cych si\u0119 wczesnym \u015bwitem do odlotu przed nadchodz\u0105c\u0105 zim\u0105. W mglistej przestrzeni podmok\u0142ego krajobrazu podrywaj\u0105 si\u0119 do lotu ptaki o pe\u0142nych gracji sylwetkach. Wyr\u00f3\u017cnia si\u0119 w\u015br\u00f3d nich \u017curaw ze z\u0142amanym skrzyd\u0142em.\u201d\n\t\t\t\t\n\t\t\t<\/div>\n\t\t\t<span class='et_quote_sign'><\/span>\n\t\t<\/div>\n\t\u2013 <\/em><strong>Aleksandra Krypczyk<\/strong><\/p>\n<p>[\/et_pb_text][\/et_pb_column][et_pb_column type=&#8221;1_2&#8243; _builder_version=&#8221;3.25.4&#8243;][et_pb_image src=&#8221;https:\/\/zagrajwsztuke.pl\/wp-content\/uploads\/2020\/08\/Jozef_Chelmonski_Powrot_z_balu_1879.jpg&#8221; alt=&#8221;J\u00f3zef Che\u0142mo\u0144ski&#8221; title_text=&#8221;Jozef_Chelmonski_Powrot_z_balu_(1879)&#8221; _builder_version=&#8221;4.5.8&#8243; custom_padding=&#8221;||1px|||&#8221;][\/et_pb_image][et_pb_text _builder_version=&#8221;4.5.8&#8243; _module_preset=&#8221;default&#8221;]Powr\u00f3t z balu, 1879, Muzeum \u015al\u0105skie w Katowicach, Wikipedia[\/et_pb_text][et_pb_divider show_divider=&#8221;off&#8221; _builder_version=&#8221;4.5.7&#8243; _module_preset=&#8221;default&#8221;][\/et_pb_divider][et_pb_text _builder_version=&#8221;4.5.8&#8243; text_font_size=&#8221;18px&#8221; text_line_height=&#8221;2em&#8221; header_font_size=&#8221;28px&#8221; header_2_font=&#8221;Roboto|700|||||||&#8221; header_2_font_size=&#8221;45px&#8221; header_2_line_height=&#8221;1.2em&#8221; max_width=&#8221;800px&#8221; max_width_last_edited=&#8221;off|desktop&#8221; module_alignment=&#8221;center&#8221; custom_margin=&#8221;|||&#8221; custom_padding=&#8221;|||&#8221; header_2_font_size_tablet=&#8221;35px&#8221; header_2_font_size_phone=&#8221;28px&#8221; header_2_font_size_last_edited=&#8221;on|desktop&#8221;]<\/p>\n<p>Pod koniec XIX w. obrazy J\u00f3zefa Che\u0142mo\u0144skiego cieszy\u0142y si\u0119 powszechnym uznaniem krytyk\u00f3w i publiczno\u015bci. Jego dzie\u0142a czasem zestawiano nawet z obrazami mistrza <a href=\"https:\/\/zagrajwsztuke.pl\/jan-matejko\/\" target=\"_blank\" rel=\"noopener noreferrer\"><u>Jana Matejki<\/u>. <\/a><\/p>\n<p><em>\n\t\t<div class='et_quote'>\n\t\t\t<div class='et_right_quote'>\n\t\t\t\t\u201eArtysta \u00f3w zakl\u0105\u0142 w swoim malarstwie tajemnic\u0119 polsko\u015bci (\u2026) jest w tym co\u015b z magii, jest zakl\u0119cie, jest urok rzucony przez prawdziwego my\u015bliwca na wielkich \u0142owach natury.\u201d\n\t\t\t\t\n\t\t\t<\/div>\n\t\t\t<span class='et_quote_sign'><\/span>\n\t\t<\/div>\n\t\u2013 <\/em><strong>Maciej Mas\u0142owski<\/strong><\/p>\n<p>[\/et_pb_text][et_pb_text _builder_version=&#8221;4.5.8&#8243; text_font_size=&#8221;18px&#8221; text_line_height=&#8221;2em&#8221; header_font_size=&#8221;28px&#8221; header_2_font=&#8221;Roboto|700|||||||&#8221; header_2_font_size=&#8221;45px&#8221; header_2_line_height=&#8221;1.2em&#8221; max_width=&#8221;800px&#8221; max_width_last_edited=&#8221;off|desktop&#8221; module_alignment=&#8221;center&#8221; custom_margin=&#8221;|||&#8221; custom_padding=&#8221;|||&#8221; header_2_font_size_tablet=&#8221;35px&#8221; header_2_font_size_phone=&#8221;28px&#8221; header_2_font_size_last_edited=&#8221;on|desktop&#8221;]<\/p>\n<p><a href=\"https:\/\/zagrajwsztuke.pl\/stanislaw-ignacy-witkiewicz\/\" target=\"_blank\" rel=\"noopener noreferrer\"><u>Stanis\u0142aw Witkiewicz<\/u><\/a> wysoko ceni\u0142 obrazy J\u00f3zefa Che\u0142mo\u0144skiego. Uznaj\u0105c je nawet za modelowe przyk\u0142ady realizmu w malarstwie, kt\u00f3re <em>\u201edawa\u0142y z\u0142udzenie rzeczywisto\u015bci, wytwarza\u0142y jej iluzj\u0119 i oddawa\u0142y wra\u017cenie\u201d<\/em>. Obraz <em>\u201eCzw\u00f3rka\u201d <\/em>jest z pewno\u015bci\u0105 jednym z najwi\u0119kszych osi\u0105gni\u0119\u0107 naturalizmu w malarstwie polskim.<\/p>\n<p><em>\n\t\t<div class='et_quote'>\n\t\t\t<div class='et_right_quote'>\n\t\t\t\t\u201ePowo\u017cony przez ukrai\u0144skiego ch\u0142opa zaprz\u0119g czterech koni zdaje si\u0119 p\u0119dzi\u0107 wprost na widza. Zwierz\u0119ta odmalowane w naturalnej wielko\u015bci, uj\u0119te w szale\u0144czym galopie, rozsadzaj\u0105 powierzchni\u0119 obrazu, powoduj\u0105c z\u0142udzenie niepowstrzymanego, ci\u0105gle trwaj\u0105cego ruchu. Wra\u017cenie to pot\u0119guje skontrastowanie g\u0142\u00f3wnego motywu ze statycznym, monotonnym t\u0142em.\u201d\n\t\t\t\t\n\t\t\t<\/div>\n\t\t\t<span class='et_quote_sign'><\/span>\n\t\t<\/div>\n\t\u2013 <\/em><strong>Wac\u0142awa Milewska<\/strong><\/p>\n<p>[\/et_pb_text][\/et_pb_column][\/et_pb_row][\/et_pb_section][et_pb_section fb_built=&#8221;1&#8243; custom_padding_last_edited=&#8221;off|desktop&#8221; _builder_version=&#8221;3.22.3&#8243; use_background_color_gradient=&#8221;on&#8221; background_color_gradient_start=&#8221;#ffffff&#8221; background_color_gradient_end=&#8221;#F2F2FA&#8221; background_color_gradient_end_position=&#8221;50%&#8221; background_size=&#8221;initial&#8221; custom_padding=&#8221;|||&#8221; custom_padding_tablet=&#8221;0px||0px|0px&#8221; custom_padding_phone=&#8221;|||&#8221; bottom_divider_style=&#8221;ramp&#8221; bottom_divider_color=&#8221;#ffffff&#8221; bottom_divider_height=&#8221;250px&#8221; bottom_divider_height_tablet=&#8221;150px&#8221; bottom_divider_height_phone=&#8221;110px&#8221; bottom_divider_height_last_edited=&#8221;on|phone&#8221;][et_pb_row column_structure=&#8221;1_2,1_2&#8243; use_custom_gutter=&#8221;on&#8221; gutter_width=&#8221;2&#8243; _builder_version=&#8221;3.25.4&#8243; max_width=&#8221;1700px&#8221; custom_margin=&#8221;|||&#8221; custom_padding=&#8221;0px|||&#8221; use_custom_width=&#8221;on&#8221; custom_width_px=&#8221;1700px&#8221;][et_pb_column type=&#8221;1_2&#8243; _builder_version=&#8221;3.25&#8243; custom_padding=&#8221;|||&#8221; custom_padding__hover=&#8221;|||&#8221;][et_pb_text _builder_version=&#8221;4.5.8&#8243; text_font=&#8221;||||||||&#8221; text_font_size=&#8221;16px&#8221; text_line_height=&#8221;2em&#8221; header_2_font=&#8221;Roboto|700|||||||&#8221; header_2_font_size=&#8221;45px&#8221; header_2_line_height=&#8221;1.2em&#8221; max_width=&#8221;800px&#8221; max_width_last_edited=&#8221;off|desktop&#8221; module_alignment=&#8221;center&#8221; custom_margin=&#8221;|||&#8221; custom_padding=&#8221;||0px|||&#8221; header_2_font_size_tablet=&#8221;35px&#8221; header_2_font_size_phone=&#8221;28px&#8221; header_2_font_size_last_edited=&#8221;on|desktop&#8221; text_text_shadow_style=&#8221;preset4&#8243;]<\/p>\n<h2>J\u00f3zef Che\u0142mo\u0144ski  w Muzeach:<\/h2>\n<p>[\/et_pb_text][et_pb_divider _builder_version=&#8221;3.25.4&#8243;][\/et_pb_divider][et_pb_image src=&#8221;https:\/\/zagrajwsztuke.pl\/wp-content\/uploads\/2020\/08\/844px-Jozef_Chelmonski_-_Krzyz_w_zadymce_1907.jpg&#8221; alt=&#8221;J\u00f3zef Che\u0142mo\u0144ski&#8221; title_text=&#8221;844px-Jozef_Chelmonski_-_Krzyz_w_zadymce_(1907)&#8221; _builder_version=&#8221;4.5.8&#8243; custom_padding=&#8221;||1px|||&#8221;][\/et_pb_image][et_pb_text _builder_version=&#8221;4.5.8&#8243; _module_preset=&#8221;default&#8221;]Krzy\u017c w zadymce, 1907, Muzeum Narodowe w Warszawie, Wikipedia[\/et_pb_text][et_pb_divider show_divider=&#8221;off&#8221; _builder_version=&#8221;4.5.7&#8243; _module_preset=&#8221;default&#8221;][\/et_pb_divider][\/et_pb_column][et_pb_column type=&#8221;1_2&#8243; _builder_version=&#8221;3.25.4&#8243;][et_pb_blurb title=&#8221;Polska:&#8221; image=&#8221;https:\/\/zagrajwsztuke.pl\/wp-content\/uploads\/2020\/08\/poland-galeria-marzen.png&#8221; alt=&#8221;galeria marze\u0144&#8221; icon_placement=&#8221;left&#8221; _builder_version=&#8221;4.5.8&#8243; header_font=&#8221;Roboto|700|||||||&#8221; header_text_align=&#8221;left&#8221; header_font_size=&#8221;18px&#8221; header_line_height=&#8221;1.7em&#8221; body_font=&#8221;||||||||&#8221; body_text_align=&#8221;left&#8221; body_font_size=&#8221;18px&#8221; body_line_height=&#8221;1.8em&#8221; background_color=&#8221;#ffffff&#8221; text_orientation=&#8221;center&#8221; module_alignment=&#8221;left&#8221; custom_margin=&#8221;|||&#8221; custom_padding=&#8221;|||&#8221; custom_padding_tablet=&#8221;&#8221; custom_padding_phone=&#8221;&#8221; custom_padding_last_edited=&#8221;on|phone&#8221; animation_style=&#8221;zoom&#8221; animation_intensity_zoom=&#8221;8%&#8221; animation=&#8221;off&#8221; box_shadow_style_image=&#8221;preset2&#8243; box_shadow_horizontal_image=&#8221;5px&#8221; box_shadow_vertical_image=&#8221;5px&#8221; box_shadow_blur_image=&#8221;5px&#8221;]<\/p>\n<ul>\n<li>Bytom: Muzeum G\u00f3rno\u015bl\u0105skie. Mo\u017cna tam podziwia\u0107 m. in.:\n<ul>\n<li><em>\u201eSanna\u201d<\/em> bez daty<\/li>\n<\/ul>\n<\/li>\n<li>Katowice: Muzeum \u015al\u0105skie. Mo\u017cna tam podziwia\u0107 m. in.:\n<ul>\n<li>\u201e<em>Powr\u00f3t z balu<\/em>\u201d namalowany w 1879<\/li>\n<\/ul>\n<\/li>\n<li>Krak\u00f3w: Muzeum Narodowe \u2013 Galeria Sztuki Polskiej w Sukiennicach. Mo\u017cna tam podziwia\u0107 m. in.:\n<ul>\n<li><em>\u201e\u017burawie\u201d <\/em>namalowany w 1870<\/li>\n<li><em>\u201eOdlot \u017curawi\u201d <\/em>namalowany w 1871<\/li>\n<li><em>\u201eNa folwarku\u201d <\/em>namalowany w 1875<\/li>\n<li><em>\u201eCzw\u00f3rka\u201d <\/em>namalowany w 1881<\/li>\n<li>\u201e<em>Na jarmarku\u201d <\/em>namalowany w 1883<\/li>\n<li><em>\u201eDroga w lesie\u201d <\/em>namalowany w 1887<\/li>\n<li><em>\u201e\u017bebrak warszawski\u201d <\/em>namalowany w 1888<\/li>\n<li><em>\u201e\u015awit\u201d <\/em>namalowany w 1892<\/li>\n<li><em>\u201eBurza\u201d <\/em>namalowany w 1896<\/li>\n<li><em>\u201eOwczarek\u201d <\/em>namalowany w 1897<\/li>\n<li><em>\u201eDniestr noc\u0105\u201d <\/em>namalowany w 1906<\/li>\n<li><em>\u201eStudium ptak\u00f3w\u201d <\/em>bez daty<\/li>\n<li><em>\u201eW\u00f3z z koniem\u201d <\/em>bez daty<\/li>\n<\/ul>\n<\/li>\n<li>\u0141\u00f3d\u017a: Muzeum Sztuki. Mo\u017cna tam podziwia\u0107 m. in.:\n<ul>\n<li><em>\u201ePowitanie s\u0142o\u0144ca &#8211; \u017burawie\u201d <\/em>namalowany w 1910<\/li>\n<\/ul>\n<\/li>\n<li>Pozna\u0144: Muzeum Narodowe. Mo\u017cna tam podziwia\u0107 m. in.:\n<ul>\n<li>\u201e<em>Zjazd na polowanie\u201d <\/em>namalowany w 1874<\/li>\n<li><em>\u201eOrka\u201d <\/em>namalowany w 1896<\/li>\n<li><em>\u201eDymy &#8211; Jesie\u0144\u201d <\/em>namalowany w 1897<\/li>\n<li><em>\u201ePogoda &#8211; Jastrz\u0105b\u201d <\/em>namalowany w 1899<\/li>\n<\/ul>\n<\/li>\n<li>Warszawa: Muzeum Narodowe. Mo\u017cna tam podziwia\u0107 m. in.:\n<ul>\n<li><em>\u201eRozp\u0142ata robocizny&#8221; <\/em>lub <em>\u201eSobota na folwarku\u201d <\/em>namalowany w 1869<\/li>\n<li><em>\u201ePrzed deszczem\u201d <\/em>namalowany w 1872<\/li>\n<li><em>\u201eSprawa u w\u00f3jta\u201d <\/em>namalowany w 1873<\/li>\n<li><em>\u201eBabie lato\u201d <\/em>namalowany w 1875<\/li>\n<li>\u201e<em>Noc na Ukrainie zim\u0105\u201d <\/em>namalowany w 1877<\/li>\n<li><em>\u201ePrzed karczm\u0105\u201d <\/em>namalowany w 1877<\/li>\n<li>\u201e<em>Jarmark na konie w Ba\u0142cie\u201d <\/em>namalowany w 1879<\/li>\n<li><em>\u201eDropie\u201d <\/em>namalowany w 1886<\/li>\n<li><em>\u201eDroga\u201d <\/em>namalowany w 1889<\/li>\n<li><em>\u201eKuropatwy na \u015bniegu\u201d <\/em>namalowany w 1891<\/li>\n<li><em>\u201eBociany\u201d <\/em>namalowany w 1900<\/li>\n<li>\u201e<em>Autoportret\u201d <\/em>namalowany w 1902<\/li>\n<li><em>\u201eKrzy\u017c w zadymce\u201d <\/em>namalowany w 1907<\/li>\n<li><em>\u201eKacze\u0144ce &#8211; Wiosna\u201d <\/em>namalowany w 1907<\/li>\n<li><em>\u201eKurhan\u201d <\/em>namalowany w 1912<\/li>\n<li>\u201e<em>Ko\u0144skie wywczasy<\/em>\u201d bez daty<\/li>\n<li>\u201e<em>Kozacy<\/em>\u201d bez daty<\/li>\n<li>\u201e<em>Epizod z powstania<\/em>\u201d bez daty<\/li>\n<li>\u201e<em>Ko\u0144 w zaprz\u0119gu w saniach<\/em>\u201d bez daty<\/li>\n<li>\u201e<em>Studium pejza\u017cowe<\/em>\u201d bez daty<\/li>\n<\/ul>\n<\/li>\n<li>Wroc\u0142aw: Muzeum \u015al\u0105skie. Mo\u017cna tam podziwia\u0107 m. in.:\n<ul>\n<li><em>\u201ePortret Jana G\u00f3rskiego\u201d <\/em>namalowany w 1897<\/li>\n<\/ul>\n<\/li>\n<\/ul>\n<p>[\/et_pb_blurb][\/et_pb_column][\/et_pb_row][\/et_pb_section][et_pb_section fb_built=&#8221;1&#8243; custom_padding_last_edited=&#8221;off|desktop&#8221; admin_label=&#8221;Services&#8221; _builder_version=&#8221;3.22.3&#8243; background_color_gradient_direction=&#8221;130deg&#8221; background_size=&#8221;initial&#8221; custom_padding=&#8221;80px|0px|80px|0px|false|false&#8221; custom_padding_tablet=&#8221;|||&#8221; custom_padding_phone=&#8221;0px|20%|0px||true&#8221; bottom_divider_style=&#8221;ramp&#8221; bottom_divider_color=&#8221;#ffffff&#8221; bottom_divider_height=&#8221;200px&#8221; bottom_divider_flip=&#8221;horizontal&#8221;][et_pb_row column_structure=&#8221;1_2,1_2&#8243; module_class=&#8221; et_pb_row_fullwidth&#8221; _builder_version=&#8221;3.25&#8243; width=&#8221;89%&#8221; width_tablet=&#8221;80%&#8221; width_phone=&#8221;&#8221; width_last_edited=&#8221;on|desktop&#8221; max_width=&#8221;89%&#8221; max_width_tablet=&#8221;80%&#8221; max_width_phone=&#8221;&#8221; max_width_last_edited=&#8221;on|desktop&#8221; make_fullwidth=&#8221;on&#8221;][et_pb_column type=&#8221;1_2&#8243; _builder_version=&#8221;3.25&#8243; custom_padding=&#8221;|||&#8221; custom_padding__hover=&#8221;|||&#8221;][et_pb_text _builder_version=&#8221;4.5.8&#8243; text_font_size=&#8221;16px&#8221; text_line_height=&#8221;2em&#8221; header_2_font=&#8221;Roboto|700|||||||&#8221; header_2_font_size=&#8221;45px&#8221; header_2_line_height=&#8221;1.2em&#8221; max_width=&#8221;800px&#8221; max_width_last_edited=&#8221;off|desktop&#8221; module_alignment=&#8221;center&#8221; custom_margin=&#8221;|||&#8221; custom_padding=&#8221;|||&#8221; header_2_font_size_tablet=&#8221;35px&#8221; header_2_font_size_phone=&#8221;28px&#8221; header_2_font_size_last_edited=&#8221;on|desktop&#8221;]<\/p>\n<h2>J\u00f3zef Che\u0142mo\u0144ski (1849-1914) <\/h2>\n<p>[\/et_pb_text][et_pb_divider _builder_version=&#8221;4.5.7&#8243; _module_preset=&#8221;default&#8221;][\/et_pb_divider][et_pb_counters _builder_version=&#8221;4.5.8&#8243; percent_font=&#8221;||||||||&#8221;][et_pb_counter percent=&#8221;100&#8243; _builder_version=&#8221;4.5.8&#8243; title_font_size=&#8221;20px&#8221; background_enable_color_default=&#8221;on&#8221; parallax_default=&#8221;off&#8221; parallax_method_default=&#8221;on&#8221; bar_background_color_default=&#8221;#E02B20&#8243; use_percentages=&#8221;on&#8221; allow_player_pause_default=&#8221;off&#8221;]CZO\u0141OWY PRZEDSTAWICIEL REALIZMU POLSKIEGO:[\/et_pb_counter][et_pb_counter percent=&#8221;100&#8243; _builder_version=&#8221;4.5.8&#8243; title_font_size=&#8221;20px&#8221; background_enable_color_default=&#8221;on&#8221; parallax_default=&#8221;off&#8221; parallax_method_default=&#8221;on&#8221; bar_background_color_default=&#8221;#E02B20&#8243; use_percentages=&#8221;on&#8221; allow_player_pause_default=&#8221;off&#8221;]NASTROJOWY PEJZA\u017bYSTA:[\/et_pb_counter][et_pb_counter percent=&#8221;100&#8243; _builder_version=&#8221;4.5.8&#8243; title_font_size=&#8221;20px&#8221; background_enable_color_default=&#8221;on&#8221; parallax_default=&#8221;off&#8221; parallax_method_default=&#8221;on&#8221; bar_background_color_default=&#8221;#E02B20&#8243; use_percentages=&#8221;on&#8221; allow_player_pause_default=&#8221;off&#8221;]ANIMALISTA:[\/et_pb_counter][et_pb_counter percent=&#8221;100&#8243; _builder_version=&#8221;4.5.8&#8243; title_font_size=&#8221;20px&#8221; background_enable_color_default=&#8221;on&#8221; parallax_default=&#8221;off&#8221; parallax_method_default=&#8221;on&#8221; bar_background_color_default=&#8221;#E02B20&#8243; use_percentages=&#8221;on&#8221; allow_player_pause_default=&#8221;off&#8221;]ILUSTRATOR:[\/et_pb_counter][et_pb_counter percent=&#8221;100&#8243; _builder_version=&#8221;4.5.8&#8243; title_font_size=&#8221;20px&#8221; background_enable_color_default=&#8221;on&#8221; parallax_default=&#8221;off&#8221; parallax_method_default=&#8221;on&#8221; bar_background_color_default=&#8221;#E02B20&#8243; use_percentages=&#8221;on&#8221; allow_player_pause_default=&#8221;off&#8221;]POETYCKO\u015a\u0106 OBRAZ\u00d3W:[\/et_pb_counter][\/et_pb_counters][\/et_pb_column][et_pb_column type=&#8221;1_2&#8243; _builder_version=&#8221;3.25&#8243; custom_padding=&#8221;|||&#8221; custom_padding__hover=&#8221;|||&#8221;][et_pb_image src=&#8221;https:\/\/zagrajwsztuke.pl\/wp-content\/uploads\/2020\/08\/1409px-Jozef_Chelmonski_Indian_summer_-_Google_Art_Project.jpg&#8221; alt=&#8221;J\u00f3zef Che\u0142mo\u0144ski&#8221; title_text=&#8221;1409px-Jozef_Chelmonski_Indian_summer_-_Google_Art_Project&#8221; _builder_version=&#8221;4.5.8&#8243; _module_preset=&#8221;default&#8221;][\/et_pb_image][et_pb_text _builder_version=&#8221;4.5.8&#8243; _module_preset=&#8221;default&#8221;]Babie lato, 1875, Muzeum Narodowe w Warszawie, Wikipedia[\/et_pb_text][\/et_pb_column][\/et_pb_row][\/et_pb_section][et_pb_section fb_built=&#8221;1&#8243; custom_padding_last_edited=&#8221;on|desktop&#8221; admin_label=&#8221;Call to action&#8221; _builder_version=&#8221;4.5.7&#8243; background_color_gradient_direction=&#8221;130deg&#8221; background_image=&#8221;https:\/\/zagrajwsztuke.pl\/wp-content\/uploads\/2020\/08\/brush-96240_1920.jpg&#8221; parallax=&#8221;on&#8221; custom_padding=&#8221;16vw||7vw||false|false&#8221; custom_padding_tablet=&#8221;100px||100px||true&#8221; custom_padding_phone=&#8221;||||true&#8221; top_divider_style=&#8221;ramp2&#8243; top_divider_color=&#8221;#ffffff&#8221; top_divider_height=&#8221;250px&#8221; top_divider_flip=&#8221;vertical&#8221; top_divider_height_tablet=&#8221;150px&#8221; top_divider_height_phone=&#8221;110px&#8221; top_divider_height_last_edited=&#8221;on|phone&#8221; saved_tabs=&#8221;all&#8221;][et_pb_row module_class=&#8221; et_pb_row_fullwidth&#8221; _builder_version=&#8221;3.25&#8243; width=&#8221;89%&#8221; width_tablet=&#8221;80%&#8221; width_phone=&#8221;&#8221; width_last_edited=&#8221;on|desktop&#8221; max_width=&#8221;89%&#8221; max_width_tablet=&#8221;80%&#8221; max_width_phone=&#8221;&#8221; max_width_last_edited=&#8221;on|desktop&#8221; custom_margin_phone=&#8221;|||&#8221; custom_margin_last_edited=&#8221;off|desktop&#8221; custom_padding=&#8221;|||&#8221; make_fullwidth=&#8221;on&#8221;][et_pb_column type=&#8221;4_4&#8243; _builder_version=&#8221;3.25&#8243; custom_padding=&#8221;|||&#8221; custom_padding__hover=&#8221;|||&#8221;][et_pb_text _builder_version=&#8221;4.5.7&#8243; text_font=&#8221;||||||||&#8221; header_font=&#8221;||||||||&#8221; header_2_font=&#8221;Roboto|700|||||||&#8221; header_2_font_size=&#8221;50px&#8221; header_2_line_height=&#8221;1.4em&#8221; header_3_font=&#8221;Roboto|700||on|||||&#8221; header_3_text_align=&#8221;center&#8221; header_3_text_color=&#8221;#ffffff&#8221; header_3_font_size=&#8221;24px&#8221; header_3_letter_spacing=&#8221;5px&#8221; header_3_line_height=&#8221;2em&#8221; text_orientation=&#8221;center&#8221; background_layout=&#8221;dark&#8221; max_width=&#8221;850px&#8221; module_alignment=&#8221;center&#8221; custom_margin=&#8221;|||&#8221; custom_padding=&#8221;|||&#8221; text_font_size_last_edited=&#8221;off|desktop&#8221; header_2_font_size_tablet=&#8221;40px&#8221; header_2_font_size_phone=&#8221;32px&#8221; header_2_font_size_last_edited=&#8221;on|desktop&#8221; header_3_font_size_tablet=&#8221;16px&#8221; header_3_font_size_phone=&#8221;14px&#8221; header_3_font_size_last_edited=&#8221;on|phone&#8221; text_text_shadow_style=&#8221;preset3&#8243; text_text_shadow_horizontal_length=&#8221;0.1em&#8221; text_text_shadow_vertical_length=&#8221;0.1em&#8221;]<\/p>\n<h3>CZAS NA ZABAW\u0118!<\/h3>\n<h2>GOT\u00d3W NA GR\u0118?<\/h2>\n<p>[\/et_pb_text][et_pb_button button_url=&#8221;@ET-DC@eyJkeW5hbWljIjp0cnVlLCJjb250ZW50IjoicG9zdF9saW5rX3VybF9wYWdlIiwic2V0dGluZ3MiOnsicG9zdF9pZCI6IjMxNjQifX0=@&#8221; url_new_window=&#8221;on&#8221; button_text=&#8221;GRAM!&#8221; button_alignment=&#8221;center&#8221; _builder_version=&#8221;4.5.7&#8243; _dynamic_attributes=&#8221;button_url&#8221; _module_preset=&#8221;default&#8221; custom_button=&#8221;on&#8221; button_text_size=&#8221;26px&#8221; button_text_color=&#8221;#FFFFFF&#8221; button_bg_color=&#8221;#E02B20&#8243; button_border_width=&#8221;0px&#8221; button_border_radius=&#8221;37px&#8221; button_letter_spacing=&#8221;7px&#8221; box_shadow_style=&#8221;preset1&#8243; box_shadow_vertical=&#8221;4px&#8221; box_shadow_blur=&#8221;14px&#8221;][\/et_pb_button][\/et_pb_column][\/et_pb_row][\/et_pb_section]<\/p>\n","protected":false},"excerpt":{"rendered":"<p>J\u00f3zef Che\u0142mo\u0144ski (1849-1914) - an outstanding painter of nature. J\u00f3zef Che\u0142mo\u0144ski - a leading representative of Polish realism, an atmospheric landscape painter.<\/p>","protected":false},"author":1,"featured_media":3561,"comment_status":"closed","ping_status":"closed","sticky":false,"template":"","format":"standard","meta":{"_et_pb_use_builder":"on","_et_pb_old_content":"","_et_gb_content_width":"1920","footnotes":""},"categories":[75,164,197,117],"tags":[78,244,160,245,246],"class_list":["post-3556","post","type-post","status-publish","format-standard","has-post-thumbnail","hentry","category-animalista","category-ilustrator","category-pejzazysta","category-prekursor-polskiego-realizmu","tag-animalista","tag-czolowy-przedstawiciel-realizmu-polskiego","tag-ilustrator","tag-nastrojowy-pejzazysta","tag-poetyckosc-obrazow","et-has-post-format-content","et_post_format-et-post-format-standard"],"yoast_head":"<!-- This site is optimized with the Yoast SEO plugin v27.3 - https:\/\/yoast.com\/product\/yoast-seo-wordpress\/ -->\n<title>J\u00f3zef Che\u0142mo\u0144ski - Galeria Marze\u0144 J\u00f3zef Che\u0142mo\u0144ski -<\/title>\n<meta name=\"description\" content=\"J\u00f3zef Che\u0142mo\u0144ski (1849-1914) \u2013 wybitny malarz natury. J\u00f3zef Che\u0142mo\u0144ski - czo\u0142owy przedstawiciel realizmu polskiego, nastrojowy pejza\u017cysta.\" \/>\n<meta name=\"robots\" content=\"index, follow, max-snippet:-1, max-image-preview:large, max-video-preview:-1\" \/>\n<link rel=\"canonical\" href=\"https:\/\/zagrajwsztuke.pl\/en\/jozef-chelmonski\/\" \/>\n<meta property=\"og:locale\" content=\"en_GB\" \/>\n<meta property=\"og:type\" content=\"article\" \/>\n<meta property=\"og:title\" content=\"J\u00f3zef Che\u0142mo\u0144ski - Galeria Marze\u0144 J\u00f3zef Che\u0142mo\u0144ski -\" \/>\n<meta property=\"og:description\" content=\"J\u00f3zef Che\u0142mo\u0144ski (1849-1914) \u2013 wybitny malarz natury. J\u00f3zef Che\u0142mo\u0144ski - czo\u0142owy przedstawiciel realizmu polskiego, nastrojowy pejza\u017cysta.\" \/>\n<meta property=\"og:url\" content=\"https:\/\/zagrajwsztuke.pl\/en\/jozef-chelmonski\/\" \/>\n<meta property=\"og:site_name\" content=\"Galeria Marze\u0144\" \/>\n<meta property=\"article:published_time\" content=\"2020-08-26T18:16:50+00:00\" \/>\n<meta property=\"article:modified_time\" content=\"2020-08-30T23:23:56+00:00\" \/>\n<meta property=\"og:image\" content=\"https:\/\/zagrajwsztuke.pl\/wp-content\/uploads\/2020\/08\/1920px-Jozef_Chelmonski_-_Czworka_1881.jpg\" \/>\n\t<meta property=\"og:image:width\" content=\"1920\" \/>\n\t<meta property=\"og:image:height\" content=\"786\" \/>\n\t<meta property=\"og:image:type\" content=\"image\/jpeg\" \/>\n<meta name=\"author\" content=\"Kulturopedia\" \/>\n<meta name=\"twitter:card\" content=\"summary_large_image\" \/>\n<meta name=\"twitter:label1\" content=\"Written by\" \/>\n\t<meta name=\"twitter:data1\" content=\"Kulturopedia\" \/>\n\t<meta name=\"twitter:label2\" content=\"Estimated reading time\" \/>\n\t<meta name=\"twitter:data2\" content=\"32 minutes\" \/>\n<script type=\"application\/ld+json\" class=\"yoast-schema-graph\">{\"@context\":\"https:\\\/\\\/schema.org\",\"@graph\":[{\"@type\":\"Article\",\"@id\":\"https:\\\/\\\/zagrajwsztuke.pl\\\/en\\\/jozef-chelmonski\\\/#article\",\"isPartOf\":{\"@id\":\"https:\\\/\\\/zagrajwsztuke.pl\\\/en\\\/jozef-chelmonski\\\/\"},\"author\":{\"name\":\"Kulturopedia\",\"@id\":\"https:\\\/\\\/zagrajwsztuke.pl\\\/#\\\/schema\\\/person\\\/c35c85467d4d3d214a2782a78eb91055\"},\"headline\":\"J\u00f3zef Che\u0142mo\u0144ski\",\"datePublished\":\"2020-08-26T18:16:50+00:00\",\"dateModified\":\"2020-08-30T23:23:56+00:00\",\"mainEntityOfPage\":{\"@id\":\"https:\\\/\\\/zagrajwsztuke.pl\\\/en\\\/jozef-chelmonski\\\/\"},\"wordCount\":6384,\"image\":{\"@id\":\"https:\\\/\\\/zagrajwsztuke.pl\\\/en\\\/jozef-chelmonski\\\/#primaryimage\"},\"thumbnailUrl\":\"https:\\\/\\\/zagrajwsztuke.pl\\\/wp-content\\\/uploads\\\/2020\\\/08\\\/1920px-Jozef_Chelmonski_-_Czworka_1881.jpg\",\"keywords\":[\"animalista\",\"czo\u0142owy przedstawiciel realizmu polskiego\",\"ilustrator\",\"nastrojowy pejza\u017cysta\",\"poetycko\u015b\u0107 obraz\u00f3w\"],\"articleSection\":[\"Animalista\",\"Ilustrator\",\"Pejza\u017cysta\",\"Prekursor polskiego realizmu\"],\"inLanguage\":\"en-GB\"},{\"@type\":\"WebPage\",\"@id\":\"https:\\\/\\\/zagrajwsztuke.pl\\\/en\\\/jozef-chelmonski\\\/\",\"url\":\"https:\\\/\\\/zagrajwsztuke.pl\\\/en\\\/jozef-chelmonski\\\/\",\"name\":\"J\u00f3zef Che\u0142mo\u0144ski - Galeria Marze\u0144 J\u00f3zef Che\u0142mo\u0144ski -\",\"isPartOf\":{\"@id\":\"https:\\\/\\\/zagrajwsztuke.pl\\\/#website\"},\"primaryImageOfPage\":{\"@id\":\"https:\\\/\\\/zagrajwsztuke.pl\\\/en\\\/jozef-chelmonski\\\/#primaryimage\"},\"image\":{\"@id\":\"https:\\\/\\\/zagrajwsztuke.pl\\\/en\\\/jozef-chelmonski\\\/#primaryimage\"},\"thumbnailUrl\":\"https:\\\/\\\/zagrajwsztuke.pl\\\/wp-content\\\/uploads\\\/2020\\\/08\\\/1920px-Jozef_Chelmonski_-_Czworka_1881.jpg\",\"datePublished\":\"2020-08-26T18:16:50+00:00\",\"dateModified\":\"2020-08-30T23:23:56+00:00\",\"author\":{\"@id\":\"https:\\\/\\\/zagrajwsztuke.pl\\\/#\\\/schema\\\/person\\\/c35c85467d4d3d214a2782a78eb91055\"},\"description\":\"J\u00f3zef Che\u0142mo\u0144ski (1849-1914) \u2013 wybitny malarz natury. J\u00f3zef Che\u0142mo\u0144ski - czo\u0142owy przedstawiciel realizmu polskiego, nastrojowy pejza\u017cysta.\",\"breadcrumb\":{\"@id\":\"https:\\\/\\\/zagrajwsztuke.pl\\\/en\\\/jozef-chelmonski\\\/#breadcrumb\"},\"inLanguage\":\"en-GB\",\"potentialAction\":[{\"@type\":\"ReadAction\",\"target\":[\"https:\\\/\\\/zagrajwsztuke.pl\\\/en\\\/jozef-chelmonski\\\/\"]}]},{\"@type\":\"ImageObject\",\"inLanguage\":\"en-GB\",\"@id\":\"https:\\\/\\\/zagrajwsztuke.pl\\\/en\\\/jozef-chelmonski\\\/#primaryimage\",\"url\":\"https:\\\/\\\/zagrajwsztuke.pl\\\/wp-content\\\/uploads\\\/2020\\\/08\\\/1920px-Jozef_Chelmonski_-_Czworka_1881.jpg\",\"contentUrl\":\"https:\\\/\\\/zagrajwsztuke.pl\\\/wp-content\\\/uploads\\\/2020\\\/08\\\/1920px-Jozef_Chelmonski_-_Czworka_1881.jpg\",\"width\":1920,\"height\":786,\"caption\":\"Muzeum Narodowe w Krakowie; www.zbiory.mnk.pl ;MNK II-a-258;;fot. Pracownia Fotograficzna MNK\"},{\"@type\":\"BreadcrumbList\",\"@id\":\"https:\\\/\\\/zagrajwsztuke.pl\\\/en\\\/jozef-chelmonski\\\/#breadcrumb\",\"itemListElement\":[{\"@type\":\"ListItem\",\"position\":1,\"name\":\"Strona g\u0142\u00f3wna\",\"item\":\"https:\\\/\\\/zagrajwsztuke.pl\\\/\"},{\"@type\":\"ListItem\",\"position\":2,\"name\":\"J\u00f3zef Che\u0142mo\u0144ski\"}]},{\"@type\":\"WebSite\",\"@id\":\"https:\\\/\\\/zagrajwsztuke.pl\\\/#website\",\"url\":\"https:\\\/\\\/zagrajwsztuke.pl\\\/\",\"name\":\"Galeria Marze\u0144\",\"description\":\"Zagraj w sztuk\u0119!\",\"potentialAction\":[{\"@type\":\"SearchAction\",\"target\":{\"@type\":\"EntryPoint\",\"urlTemplate\":\"https:\\\/\\\/zagrajwsztuke.pl\\\/?s={search_term_string}\"},\"query-input\":{\"@type\":\"PropertyValueSpecification\",\"valueRequired\":true,\"valueName\":\"search_term_string\"}}],\"inLanguage\":\"en-GB\"},{\"@type\":\"Person\",\"@id\":\"https:\\\/\\\/zagrajwsztuke.pl\\\/#\\\/schema\\\/person\\\/c35c85467d4d3d214a2782a78eb91055\",\"name\":\"Kulturopedia\",\"image\":{\"@type\":\"ImageObject\",\"inLanguage\":\"en-GB\",\"@id\":\"https:\\\/\\\/secure.gravatar.com\\\/avatar\\\/9838ac4e8915a32574d895f9bfa0750a5b5179663c0fd948cf422fbc90101041?s=96&d=mm&r=g\",\"url\":\"https:\\\/\\\/secure.gravatar.com\\\/avatar\\\/9838ac4e8915a32574d895f9bfa0750a5b5179663c0fd948cf422fbc90101041?s=96&d=mm&r=g\",\"contentUrl\":\"https:\\\/\\\/secure.gravatar.com\\\/avatar\\\/9838ac4e8915a32574d895f9bfa0750a5b5179663c0fd948cf422fbc90101041?s=96&d=mm&r=g\",\"caption\":\"Kulturopedia\"},\"url\":\"https:\\\/\\\/zagrajwsztuke.pl\\\/en\\\/author\\\/admin\\\/\"}]}<\/script>\n<!-- \/ Yoast SEO plugin. -->","yoast_head_json":{"title":"J\u00f3zef Che\u0142mo\u0144ski - Galeria Marze\u0144 J\u00f3zef Che\u0142mo\u0144ski -","description":"J\u00f3zef Che\u0142mo\u0144ski (1849-1914) \u2013 wybitny malarz natury. J\u00f3zef Che\u0142mo\u0144ski - czo\u0142owy przedstawiciel realizmu polskiego, nastrojowy pejza\u017cysta.","robots":{"index":"index","follow":"follow","max-snippet":"max-snippet:-1","max-image-preview":"max-image-preview:large","max-video-preview":"max-video-preview:-1"},"canonical":"https:\/\/zagrajwsztuke.pl\/en\/jozef-chelmonski\/","og_locale":"en_GB","og_type":"article","og_title":"J\u00f3zef Che\u0142mo\u0144ski - Galeria Marze\u0144 J\u00f3zef Che\u0142mo\u0144ski -","og_description":"J\u00f3zef Che\u0142mo\u0144ski (1849-1914) \u2013 wybitny malarz natury. J\u00f3zef Che\u0142mo\u0144ski - czo\u0142owy przedstawiciel realizmu polskiego, nastrojowy pejza\u017cysta.","og_url":"https:\/\/zagrajwsztuke.pl\/en\/jozef-chelmonski\/","og_site_name":"Galeria Marze\u0144","article_published_time":"2020-08-26T18:16:50+00:00","article_modified_time":"2020-08-30T23:23:56+00:00","og_image":[{"width":1920,"height":786,"url":"https:\/\/zagrajwsztuke.pl\/wp-content\/uploads\/2020\/08\/1920px-Jozef_Chelmonski_-_Czworka_1881.jpg","type":"image\/jpeg"}],"author":"Kulturopedia","twitter_card":"summary_large_image","twitter_misc":{"Written by":"Kulturopedia","Estimated reading time":"32 minutes"},"schema":{"@context":"https:\/\/schema.org","@graph":[{"@type":"Article","@id":"https:\/\/zagrajwsztuke.pl\/en\/jozef-chelmonski\/#article","isPartOf":{"@id":"https:\/\/zagrajwsztuke.pl\/en\/jozef-chelmonski\/"},"author":{"name":"Kulturopedia","@id":"https:\/\/zagrajwsztuke.pl\/#\/schema\/person\/c35c85467d4d3d214a2782a78eb91055"},"headline":"J\u00f3zef Che\u0142mo\u0144ski","datePublished":"2020-08-26T18:16:50+00:00","dateModified":"2020-08-30T23:23:56+00:00","mainEntityOfPage":{"@id":"https:\/\/zagrajwsztuke.pl\/en\/jozef-chelmonski\/"},"wordCount":6384,"image":{"@id":"https:\/\/zagrajwsztuke.pl\/en\/jozef-chelmonski\/#primaryimage"},"thumbnailUrl":"https:\/\/zagrajwsztuke.pl\/wp-content\/uploads\/2020\/08\/1920px-Jozef_Chelmonski_-_Czworka_1881.jpg","keywords":["animalista","czo\u0142owy przedstawiciel realizmu polskiego","ilustrator","nastrojowy pejza\u017cysta","poetycko\u015b\u0107 obraz\u00f3w"],"articleSection":["Animalista","Ilustrator","Pejza\u017cysta","Prekursor polskiego realizmu"],"inLanguage":"en-GB"},{"@type":"WebPage","@id":"https:\/\/zagrajwsztuke.pl\/en\/jozef-chelmonski\/","url":"https:\/\/zagrajwsztuke.pl\/en\/jozef-chelmonski\/","name":"J\u00f3zef Che\u0142mo\u0144ski - Galeria Marze\u0144 J\u00f3zef Che\u0142mo\u0144ski -","isPartOf":{"@id":"https:\/\/zagrajwsztuke.pl\/#website"},"primaryImageOfPage":{"@id":"https:\/\/zagrajwsztuke.pl\/en\/jozef-chelmonski\/#primaryimage"},"image":{"@id":"https:\/\/zagrajwsztuke.pl\/en\/jozef-chelmonski\/#primaryimage"},"thumbnailUrl":"https:\/\/zagrajwsztuke.pl\/wp-content\/uploads\/2020\/08\/1920px-Jozef_Chelmonski_-_Czworka_1881.jpg","datePublished":"2020-08-26T18:16:50+00:00","dateModified":"2020-08-30T23:23:56+00:00","author":{"@id":"https:\/\/zagrajwsztuke.pl\/#\/schema\/person\/c35c85467d4d3d214a2782a78eb91055"},"description":"J\u00f3zef Che\u0142mo\u0144ski (1849-1914) \u2013 wybitny malarz natury. J\u00f3zef Che\u0142mo\u0144ski - czo\u0142owy przedstawiciel realizmu polskiego, nastrojowy pejza\u017cysta.","breadcrumb":{"@id":"https:\/\/zagrajwsztuke.pl\/en\/jozef-chelmonski\/#breadcrumb"},"inLanguage":"en-GB","potentialAction":[{"@type":"ReadAction","target":["https:\/\/zagrajwsztuke.pl\/en\/jozef-chelmonski\/"]}]},{"@type":"ImageObject","inLanguage":"en-GB","@id":"https:\/\/zagrajwsztuke.pl\/en\/jozef-chelmonski\/#primaryimage","url":"https:\/\/zagrajwsztuke.pl\/wp-content\/uploads\/2020\/08\/1920px-Jozef_Chelmonski_-_Czworka_1881.jpg","contentUrl":"https:\/\/zagrajwsztuke.pl\/wp-content\/uploads\/2020\/08\/1920px-Jozef_Chelmonski_-_Czworka_1881.jpg","width":1920,"height":786,"caption":"Muzeum Narodowe w Krakowie; www.zbiory.mnk.pl ;MNK II-a-258;;fot. Pracownia Fotograficzna MNK"},{"@type":"BreadcrumbList","@id":"https:\/\/zagrajwsztuke.pl\/en\/jozef-chelmonski\/#breadcrumb","itemListElement":[{"@type":"ListItem","position":1,"name":"Strona g\u0142\u00f3wna","item":"https:\/\/zagrajwsztuke.pl\/"},{"@type":"ListItem","position":2,"name":"J\u00f3zef Che\u0142mo\u0144ski"}]},{"@type":"WebSite","@id":"https:\/\/zagrajwsztuke.pl\/#website","url":"https:\/\/zagrajwsztuke.pl\/","name":"Dream Gallery","description":"PLAY A GAME!","potentialAction":[{"@type":"SearchAction","target":{"@type":"EntryPoint","urlTemplate":"https:\/\/zagrajwsztuke.pl\/?s={search_term_string}"},"query-input":{"@type":"PropertyValueSpecification","valueRequired":true,"valueName":"search_term_string"}}],"inLanguage":"en-GB"},{"@type":"Person","@id":"https:\/\/zagrajwsztuke.pl\/#\/schema\/person\/c35c85467d4d3d214a2782a78eb91055","name":"Culturopedia","image":{"@type":"ImageObject","inLanguage":"en-GB","@id":"https:\/\/secure.gravatar.com\/avatar\/9838ac4e8915a32574d895f9bfa0750a5b5179663c0fd948cf422fbc90101041?s=96&d=mm&r=g","url":"https:\/\/secure.gravatar.com\/avatar\/9838ac4e8915a32574d895f9bfa0750a5b5179663c0fd948cf422fbc90101041?s=96&d=mm&r=g","contentUrl":"https:\/\/secure.gravatar.com\/avatar\/9838ac4e8915a32574d895f9bfa0750a5b5179663c0fd948cf422fbc90101041?s=96&d=mm&r=g","caption":"Kulturopedia"},"url":"https:\/\/zagrajwsztuke.pl\/en\/author\/admin\/"}]}},"_links":{"self":[{"href":"https:\/\/zagrajwsztuke.pl\/en\/wp-json\/wp\/v2\/posts\/3556","targetHints":{"allow":["GET"]}}],"collection":[{"href":"https:\/\/zagrajwsztuke.pl\/en\/wp-json\/wp\/v2\/posts"}],"about":[{"href":"https:\/\/zagrajwsztuke.pl\/en\/wp-json\/wp\/v2\/types\/post"}],"author":[{"embeddable":true,"href":"https:\/\/zagrajwsztuke.pl\/en\/wp-json\/wp\/v2\/users\/1"}],"replies":[{"embeddable":true,"href":"https:\/\/zagrajwsztuke.pl\/en\/wp-json\/wp\/v2\/comments?post=3556"}],"version-history":[{"count":0,"href":"https:\/\/zagrajwsztuke.pl\/en\/wp-json\/wp\/v2\/posts\/3556\/revisions"}],"wp:featuredmedia":[{"embeddable":true,"href":"https:\/\/zagrajwsztuke.pl\/en\/wp-json\/wp\/v2\/media\/3561"}],"wp:attachment":[{"href":"https:\/\/zagrajwsztuke.pl\/en\/wp-json\/wp\/v2\/media?parent=3556"}],"wp:term":[{"taxonomy":"category","embeddable":true,"href":"https:\/\/zagrajwsztuke.pl\/en\/wp-json\/wp\/v2\/categories?post=3556"},{"taxonomy":"post_tag","embeddable":true,"href":"https:\/\/zagrajwsztuke.pl\/en\/wp-json\/wp\/v2\/tags?post=3556"}],"curies":[{"name":"wp","href":"https:\/\/api.w.org\/{rel}","templated":true}]}}