{"id":3475,"date":"2020-08-24T19:50:16","date_gmt":"2020-08-24T18:50:16","guid":{"rendered":"https:\/\/zagrajwsztuke.pl\/?p=3475"},"modified":"2020-09-01T19:56:09","modified_gmt":"2020-09-01T18:56:09","slug":"aleksander-gierymski","status":"publish","type":"post","link":"https:\/\/zagrajwsztuke.pl\/en\/aleksander-gierymski\/","title":{"rendered":"Aleksander Gierymski"},"content":{"rendered":"<p>[et_pb_section fb_built=&#8221;1&#8243; custom_padding_last_edited=&#8221;on|desktop&#8221; admin_label=&#8221;Header&#8221; _builder_version=&#8221;4.5.7&#8243; background_color_gradient_direction=&#8221;130deg&#8221; background_image=&#8221;https:\/\/zagrajwsztuke.pl\/wp-content\/uploads\/2020\/08\/1461px-Gierymski_Sand_miners.jpg&#8221; parallax=&#8221;on&#8221; custom_padding=&#8221;7vw||10vw||false|false&#8221; custom_padding_tablet=&#8221;100px||100px||true&#8221; custom_padding_phone=&#8221;||||true&#8221; bottom_divider_style=&#8221;ramp2&#8243; bottom_divider_color=&#8221;#ffffff&#8221; bottom_divider_height=&#8221;250px&#8221; bottom_divider_flip=&#8221;horizontal&#8221; bottom_divider_height_tablet=&#8221;150px&#8221; bottom_divider_height_phone=&#8221;110px&#8221; bottom_divider_height_last_edited=&#8221;on|phone&#8221; saved_tabs=&#8221;all&#8221;][et_pb_row _builder_version=&#8221;3.25&#8243;][et_pb_column type=&#8221;4_4&#8243; _builder_version=&#8221;3.25&#8243; custom_padding=&#8221;|||&#8221; custom_padding__hover=&#8221;|||&#8221;][et_pb_text _builder_version=&#8221;4.5.7&#8243; text_font=&#8221;Roboto||||||||&#8221; text_text_color=&#8221;#000000&#8243; text_font_size=&#8221;16px&#8221; text_line_height=&#8221;1.8em&#8221; header_font=&#8221;Roboto|700|||||||&#8221; header_text_align=&#8221;center&#8221; header_font_size=&#8221;80px&#8221; header_line_height=&#8221;1.2em&#8221; header_3_font=&#8221;Roboto|700||on|||||&#8221; header_3_text_align=&#8221;center&#8221; header_3_text_color=&#8221;#ffffff&#8221; header_3_font_size=&#8221;24px&#8221; header_3_letter_spacing=&#8221;10px&#8221; header_3_line_height=&#8221;2em&#8221; text_orientation=&#8221;center&#8221; background_layout=&#8221;dark&#8221; module_alignment=&#8221;center&#8221; text_font_size_last_edited=&#8221;off|desktop&#8221; header_font_size_tablet=&#8221;40px&#8221; header_font_size_phone=&#8221;32px&#8221; header_font_size_last_edited=&#8221;on|phone&#8221; header_3_font_size_tablet=&#8221;16px&#8221; header_3_font_size_phone=&#8221;14px&#8221; header_3_font_size_last_edited=&#8221;on|phone&#8221; header_3_letter_spacing_tablet=&#8221;5px&#8221; header_3_letter_spacing_phone=&#8221;&#8221; header_3_letter_spacing_last_edited=&#8221;on|tablet&#8221; text_text_shadow_style=&#8221;preset3&#8243; text_text_shadow_horizontal_length=&#8221;0.1em&#8221; text_text_shadow_vertical_length=&#8221;0.1em&#8221; text_text_shadow_color=&#8221;#000000&#8243;]<\/p>\n<h3><strong style=\"font-family: Roboto, Helvetica, Arial, Lucida, sans-serif;\">Wielcy Malarze<\/strong><\/h3>\n<h3><strong style=\"font-family: Roboto, Helvetica, Arial, Lucida, sans-serif; font-size: 80px; letter-spacing: 0.5px;\">Aleksander Gierymski<\/strong><\/h3>\n<h3><strong style=\"font-family: Roboto, Helvetica, Arial, Lucida, sans-serif;\">\u2013 kap\u0142an \u015bwiat\u0142a<\/strong><\/h3>\n<p>[\/et_pb_text][\/et_pb_column][\/et_pb_row][\/et_pb_section][et_pb_section fb_built=&#8221;1&#8243; admin_label=&#8221;Get Started&#8221; _builder_version=&#8221;3.22.3&#8243; custom_padding=&#8221;0px||||false|false&#8221; saved_tabs=&#8221;all&#8221;][et_pb_row column_structure=&#8221;1_2,1_2&#8243; use_custom_gutter=&#8221;on&#8221; gutter_width=&#8221;2&#8243; _builder_version=&#8221;3.25.4&#8243; max_width=&#8221;1700px&#8221; custom_margin=&#8221;|||&#8221; custom_padding=&#8221;0px|||&#8221; use_custom_width=&#8221;on&#8221; custom_width_px=&#8221;1700px&#8221;][et_pb_column type=&#8221;1_2&#8243; _builder_version=&#8221;3.25&#8243; custom_padding=&#8221;|||&#8221; custom_padding__hover=&#8221;|||&#8221;][et_pb_image src=&#8221;https:\/\/zagrajwsztuke.pl\/wp-content\/uploads\/2020\/08\/Aleksander_Gierymski.jpg&#8221; alt=&#8221;Aleksander Gierymski&#8221; title_text=&#8221;Aleksander_Gierymski&#8221; align=&#8221;center&#8221; align_tablet=&#8221;center&#8221; align_phone=&#8221;&#8221; align_last_edited=&#8221;on|desktop&#8221; _builder_version=&#8221;4.5.7&#8243; max_width=&#8221;1100px&#8221; module_alignment=&#8221;center&#8221; custom_margin=&#8221;-8vw|||&#8221; custom_margin_tablet=&#8221;0vw|||&#8221; custom_margin_phone=&#8221;&#8221; custom_margin_last_edited=&#8221;on|tablet&#8221; animation_style=&#8221;roll&#8221; animation_direction=&#8221;left&#8221; animation_intensity_roll=&#8221;1%&#8221;][\/et_pb_image][et_pb_text _builder_version=&#8221;4.5.7&#8243; _module_preset=&#8221;default&#8221;]Aleksander Gierymski, Autoportret, Wikipedia[\/et_pb_text][\/et_pb_column][et_pb_column type=&#8221;1_2&#8243; _builder_version=&#8221;3.25.4&#8243;][et_pb_text _builder_version=&#8221;4.5.7&#8243; text_font_size=&#8221;16px&#8221; text_line_height=&#8221;2em&#8221; header_2_font=&#8221;Roboto|700|||||||&#8221; header_2_font_size=&#8221;45px&#8221; header_2_line_height=&#8221;1.2em&#8221; max_width=&#8221;800px&#8221; max_width_last_edited=&#8221;off|desktop&#8221; module_alignment=&#8221;center&#8221; custom_margin=&#8221;|||&#8221; custom_padding=&#8221;|||&#8221; header_2_font_size_tablet=&#8221;35px&#8221; header_2_font_size_phone=&#8221;28px&#8221; header_2_font_size_last_edited=&#8221;on|desktop&#8221;]<\/p>\n<h2>Aleksander Gierymski (1850-1901) <\/h2>\n<p>[\/et_pb_text][et_pb_divider _builder_version=&#8221;3.25.4&#8243;][\/et_pb_divider][et_pb_text _builder_version=&#8221;4.5.7&#8243; text_font_size=&#8221;20px&#8221; text_line_height=&#8221;2em&#8221; header_2_font=&#8221;Roboto|700|||||||&#8221; header_2_font_size=&#8221;45px&#8221; header_2_line_height=&#8221;1.2em&#8221; max_width=&#8221;800px&#8221; max_width_last_edited=&#8221;off|desktop&#8221; module_alignment=&#8221;center&#8221; custom_margin=&#8221;|||&#8221; custom_padding=&#8221;|||&#8221; header_2_font_size_tablet=&#8221;35px&#8221; header_2_font_size_phone=&#8221;28px&#8221; header_2_font_size_last_edited=&#8221;on|desktop&#8221;]<\/p>\n<p>Jego obrazy sta\u0142y si\u0119 symbolem walki o jako\u015b\u0107 w polskiej sztuce i czysto artystyczne kryteria jej oceny. Zostawi\u0142 zachwycaj\u0105ce studia \u015bwiat\u0142a i najpi\u0119kniejsze widoki XIX-wiecznej Warszawy \u2013 niemal reporta\u017c fotograficzny z ulic Warszawy. Dzi\u0119ki obaj braciom Gierymskim polskie malarstwo w\u0142\u0105czy\u0142o si\u0119 w artystyczne problemy sztuki europejskiej. Cie\u0144 s\u0142awy starszego brata ci\u0105\u017cy\u0142 mu a\u017c do \u015bmierci, wiecznie niezadowolony z siebie, by\u0142 postaci\u0105 tragiczn\u0105.<\/p>\n<p>[\/et_pb_text][\/et_pb_column][\/et_pb_row][et_pb_row column_structure=&#8221;1_3,1_3,1_3&#8243; _builder_version=&#8221;4.5.7&#8243; _module_preset=&#8221;default&#8221;][et_pb_column type=&#8221;1_3&#8243; _builder_version=&#8221;4.5.7&#8243; _module_preset=&#8221;default&#8221;][et_pb_blurb title=&#8221;WYBITNY PRZEDSTAWICIEL REALIZMU&#8221; use_icon=&#8221;on&#8221; font_icon=&#8221;%%70%%&#8221; icon_color=&#8221;#6a9ae8&#8243; use_circle=&#8221;on&#8221; circle_color=&#8221;rgba(106,154,232,0.3)&#8221; use_icon_font_size=&#8221;on&#8221; _builder_version=&#8221;4.5.7&#8243; header_font=&#8221;Roboto|700|||||||&#8221; header_font_size=&#8221;18px&#8221; header_line_height=&#8221;1.7em&#8221; body_font=&#8221;||||||||&#8221; body_line_height=&#8221;1.8em&#8221; background_color=&#8221;#ffffff&#8221; text_orientation=&#8221;center&#8221; module_alignment=&#8221;left&#8221; custom_margin=&#8221;|||&#8221; custom_padding=&#8221;|||&#8221; custom_padding_tablet=&#8221;&#8221; custom_padding_phone=&#8221;&#8221; custom_padding_last_edited=&#8221;on|phone&#8221; animation_style=&#8221;zoom&#8221; animation_intensity_zoom=&#8221;8%&#8221; animation=&#8221;off&#8221; border_width_all_image=&#8221;50px&#8221;][\/et_pb_blurb][et_pb_blurb title=&#8221;MALARZ ARCHITEKTURY&#8221; use_icon=&#8221;on&#8221; font_icon=&#8221;%%202%%&#8221; icon_color=&#8221;#6a9ae8&#8243; use_circle=&#8221;on&#8221; circle_color=&#8221;rgba(106,154,232,0.3)&#8221; use_icon_font_size=&#8221;on&#8221; _builder_version=&#8221;4.5.7&#8243; header_font=&#8221;Roboto|700|||||||&#8221; header_font_size=&#8221;18px&#8221; header_line_height=&#8221;1.7em&#8221; body_font=&#8221;||||||||&#8221; body_line_height=&#8221;1.8em&#8221; background_color=&#8221;#ffffff&#8221; text_orientation=&#8221;center&#8221; module_alignment=&#8221;left&#8221; custom_margin=&#8221;|||&#8221; custom_padding=&#8221;|||&#8221; custom_padding_tablet=&#8221;&#8221; custom_padding_phone=&#8221;&#8221; custom_padding_last_edited=&#8221;on|phone&#8221; animation_style=&#8221;zoom&#8221; animation_intensity_zoom=&#8221;8%&#8221; animation=&#8221;off&#8221; border_width_all_image=&#8221;50px&#8221;][\/et_pb_blurb][\/et_pb_column][et_pb_column type=&#8221;1_3&#8243; _builder_version=&#8221;4.5.7&#8243; _module_preset=&#8221;default&#8221;][et_pb_blurb title=&#8221;\u015aWIETNY KOLORYSTA I LUMINISTA&#8221; use_icon=&#8221;on&#8221; font_icon=&#8221;%%101%%&#8221; icon_color=&#8221;#6a9ae8&#8243; use_circle=&#8221;on&#8221; circle_color=&#8221;rgba(106,154,232,0.3)&#8221; use_icon_font_size=&#8221;on&#8221; _builder_version=&#8221;4.5.7&#8243; header_font=&#8221;Roboto|700|||||||&#8221; header_font_size=&#8221;18px&#8221; header_line_height=&#8221;1.7em&#8221; body_font=&#8221;||||||||&#8221; body_line_height=&#8221;1.8em&#8221; background_color=&#8221;#ffffff&#8221; text_orientation=&#8221;center&#8221; module_alignment=&#8221;left&#8221; custom_margin=&#8221;|||&#8221; custom_padding=&#8221;|||&#8221; custom_padding_tablet=&#8221;&#8221; custom_padding_phone=&#8221;&#8221; custom_padding_last_edited=&#8221;on|phone&#8221; animation_style=&#8221;zoom&#8221; animation_intensity_zoom=&#8221;8%&#8221; animation=&#8221;off&#8221; border_width_all_image=&#8221;50px&#8221;][\/et_pb_blurb][et_pb_blurb title=&#8221;REALISTYCZNE, \u201eREPORTA\u017bOWE\u201d SCENY Z \u017bYCIA&#8221; use_icon=&#8221;on&#8221; font_icon=&#8221;%%147%%&#8221; icon_color=&#8221;#6a9ae8&#8243; use_circle=&#8221;on&#8221; circle_color=&#8221;rgba(106,154,232,0.3)&#8221; use_icon_font_size=&#8221;on&#8221; _builder_version=&#8221;4.5.7&#8243; header_font=&#8221;Roboto|700|||||||&#8221; header_font_size=&#8221;18px&#8221; header_line_height=&#8221;1.7em&#8221; body_font=&#8221;||||||||&#8221; body_line_height=&#8221;1.8em&#8221; background_color=&#8221;#ffffff&#8221; text_orientation=&#8221;center&#8221; module_alignment=&#8221;left&#8221; custom_margin=&#8221;|||&#8221; custom_padding=&#8221;|||&#8221; custom_padding_tablet=&#8221;&#8221; custom_padding_phone=&#8221;&#8221; custom_padding_last_edited=&#8221;on|phone&#8221; animation_style=&#8221;zoom&#8221; animation_intensity_zoom=&#8221;8%&#8221; animation=&#8221;off&#8221; border_width_all_image=&#8221;50px&#8221;][\/et_pb_blurb][\/et_pb_column][et_pb_column type=&#8221;1_3&#8243; _builder_version=&#8221;4.5.7&#8243; _module_preset=&#8221;default&#8221;][et_pb_blurb title=&#8221;PEJZA\u017bYSTA&#8221; use_icon=&#8221;on&#8221; font_icon=&#8221;%%100%%&#8221; icon_color=&#8221;#6a9ae8&#8243; use_circle=&#8221;on&#8221; circle_color=&#8221;rgba(106,154,232,0.3)&#8221; use_icon_font_size=&#8221;on&#8221; _builder_version=&#8221;4.5.7&#8243; header_font=&#8221;Roboto|700|||||||&#8221; header_font_size=&#8221;18px&#8221; header_line_height=&#8221;1.7em&#8221; body_font=&#8221;||||||||&#8221; body_line_height=&#8221;1.8em&#8221; background_color=&#8221;#ffffff&#8221; text_orientation=&#8221;center&#8221; module_alignment=&#8221;left&#8221; custom_margin=&#8221;|||&#8221; custom_padding=&#8221;|||&#8221; custom_padding_tablet=&#8221;&#8221; custom_padding_phone=&#8221;&#8221; custom_padding_last_edited=&#8221;on|phone&#8221; animation_style=&#8221;zoom&#8221; animation_intensity_zoom=&#8221;8%&#8221; animation=&#8221;off&#8221; border_width_all_image=&#8221;50px&#8221;][\/et_pb_blurb][et_pb_blurb title=&#8221;OBRAZY NICZYM ZDJ\u0118CIA&#8221; use_icon=&#8221;on&#8221; font_icon=&#8221;%%129%%&#8221; icon_color=&#8221;#6a9ae8&#8243; use_circle=&#8221;on&#8221; circle_color=&#8221;rgba(106,154,232,0.3)&#8221; use_icon_font_size=&#8221;on&#8221; _builder_version=&#8221;4.5.7&#8243; header_font=&#8221;Roboto|700|||||||&#8221; header_font_size=&#8221;18px&#8221; header_line_height=&#8221;1.7em&#8221; body_font=&#8221;||||||||&#8221; body_line_height=&#8221;1.8em&#8221; background_color=&#8221;#ffffff&#8221; text_orientation=&#8221;center&#8221; module_alignment=&#8221;left&#8221; custom_margin=&#8221;|||&#8221; custom_padding=&#8221;|||&#8221; custom_padding_tablet=&#8221;&#8221; custom_padding_phone=&#8221;&#8221; custom_padding_last_edited=&#8221;on|phone&#8221; animation_style=&#8221;zoom&#8221; animation_intensity_zoom=&#8221;8%&#8221; animation=&#8221;off&#8221; border_width_all_image=&#8221;50px&#8221;][\/et_pb_blurb][\/et_pb_column][\/et_pb_row][et_pb_row column_structure=&#8221;1_2,1_2&#8243; _builder_version=&#8221;3.25&#8243; background_size=&#8221;initial&#8221; background_position=&#8221;top_left&#8221; background_repeat=&#8221;repeat&#8221;][et_pb_column type=&#8221;1_2&#8243; _builder_version=&#8221;3.25&#8243; custom_padding=&#8221;|||&#8221; custom_padding__hover=&#8221;|||&#8221;][et_pb_text _builder_version=&#8221;4.5.7&#8243; text_font_size=&#8221;16px&#8221; text_line_height=&#8221;2em&#8221; header_2_font=&#8221;Roboto|700|||||||&#8221; header_2_font_size=&#8221;45px&#8221; header_2_line_height=&#8221;1.2em&#8221; max_width=&#8221;800px&#8221; max_width_last_edited=&#8221;off|desktop&#8221; module_alignment=&#8221;center&#8221; custom_margin=&#8221;|||&#8221; custom_padding=&#8221;|||&#8221; header_2_font_size_tablet=&#8221;35px&#8221; header_2_font_size_phone=&#8221;28px&#8221; header_2_font_size_last_edited=&#8221;on|desktop&#8221;]<\/p>\n<h2>Aleksander Gierymski <\/h2>\n<p>[\/et_pb_text][et_pb_divider _builder_version=&#8221;3.25.4&#8243;][\/et_pb_divider][et_pb_blurb title=&#8221;1850&#8243; use_icon=&#8221;on&#8221; font_icon=&#8221;%%169%%&#8221; icon_color=&#8221;#6a9ae8&#8243; use_icon_font_size=&#8221;on&#8221; _builder_version=&#8221;4.5.7&#8243; header_font=&#8221;Roboto|700|||||||&#8221; header_font_size=&#8221;30px&#8221; header_line_height=&#8221;1.7em&#8221; body_font=&#8221;||||||||&#8221; body_font_size=&#8221;18px&#8221; body_line_height=&#8221;1.8em&#8221; background_color=&#8221;#ffffff&#8221; text_orientation=&#8221;center&#8221; module_alignment=&#8221;left&#8221; custom_margin=&#8221;|||&#8221; custom_padding=&#8221;|||&#8221; custom_padding_tablet=&#8221;&#8221; custom_padding_phone=&#8221;&#8221; custom_padding_last_edited=&#8221;on|phone&#8221; animation_style=&#8221;zoom&#8221; animation_intensity_zoom=&#8221;8%&#8221; animation=&#8221;off&#8221; border_width_all_image=&#8221;50px&#8221;]<\/p>\n<p>(30 stycznia) w Warszawie urodzi\u0142 si\u0119 Aleksander Gierymski, syn J\u00f3zefa (administrator Szpitala Ujazdowskiego w Warszawie) i Julii z Kielichowskich. Aleksander by\u0142 m\u0142odszym bratem\u00a0<a href=\"https:\/\/zagrajwsztuke.pl\/maksymilian-gierymski\/\" target=\"_blank\" rel=\"noopener noreferrer\"><u>Maksymiliana Gierymskiego<\/u>, r\u00f3wnie\u017c malarza<\/a><\/p>\n<p>[\/et_pb_blurb][et_pb_blurb title=&#8221;1867 &#8221; _builder_version=&#8221;4.5.7&#8243; header_font=&#8221;Roboto|700|||||||&#8221; header_font_size=&#8221;30px&#8221; header_line_height=&#8221;1.7em&#8221; body_font=&#8221;||||||||&#8221; body_font_size=&#8221;18px&#8221; body_line_height=&#8221;1.8em&#8221; background_color=&#8221;#ffffff&#8221; text_orientation=&#8221;center&#8221; module_alignment=&#8221;left&#8221; custom_margin=&#8221;|||&#8221; custom_padding=&#8221;|||&#8221; custom_padding_tablet=&#8221;&#8221; custom_padding_phone=&#8221;&#8221; custom_padding_last_edited=&#8221;on|phone&#8221; animation_style=&#8221;zoom&#8221; animation_intensity_zoom=&#8221;8%&#8221; animation=&#8221;off&#8221; border_width_all_image=&#8221;50px&#8221;]<\/p>\n<p>rozpocz\u0105\u0142 nauk\u0119 w warszawskiej Klasie Rysunkowej<\/p>\n<p>[\/et_pb_blurb][et_pb_blurb title=&#8221;1868 &#8221; use_icon=&#8221;on&#8221; font_icon=&#8221;%%72%%&#8221; icon_color=&#8221;#6a9ae8&#8243; use_icon_font_size=&#8221;on&#8221; _builder_version=&#8221;4.5.7&#8243; header_font=&#8221;Roboto|700|||||||&#8221; header_font_size=&#8221;30px&#8221; header_line_height=&#8221;1.7em&#8221; body_font=&#8221;||||||||&#8221; body_font_size=&#8221;18px&#8221; body_line_height=&#8221;1.8em&#8221; background_color=&#8221;#ffffff&#8221; text_orientation=&#8221;center&#8221; module_alignment=&#8221;left&#8221; custom_margin=&#8221;|||&#8221; custom_padding=&#8221;|||&#8221; custom_padding_tablet=&#8221;&#8221; custom_padding_phone=&#8221;&#8221; custom_padding_last_edited=&#8221;on|phone&#8221; animation_style=&#8221;zoom&#8221; animation_intensity_zoom=&#8221;8%&#8221; animation=&#8221;off&#8221; border_width_all_image=&#8221;50px&#8221;]<\/p>\n<p>wyjecha\u0142 w maju na studia do Akademii Monachijskiej, dzi\u0119ki pozycji brata <a href=\"https:\/\/zagrajwsztuke.pl\/maksymilian-gierymski\/\" target=\"_blank\" rel=\"noopener noreferrer\"><u>Maksymiliana<\/u> <\/a>\u2013 Aleksander Gierymski zosta\u0142 przyj\u0119ty do Akademii bez egzaminu. W przeciwie\u0144stwie do brata, studiowa\u0142 malarstwo d\u0142ugo \u2013 niemal 6 lat<\/p>\n<p>[\/et_pb_blurb][et_pb_blurb title=&#8221;1872&#8243; _builder_version=&#8221;4.5.7&#8243; header_font=&#8221;Roboto|700|||||||&#8221; header_font_size=&#8221;30px&#8221; header_line_height=&#8221;1.7em&#8221; body_font=&#8221;||||||||&#8221; body_font_size=&#8221;18px&#8221; body_line_height=&#8221;1.8em&#8221; background_color=&#8221;#ffffff&#8221; text_orientation=&#8221;center&#8221; module_alignment=&#8221;left&#8221; custom_margin=&#8221;|||&#8221; custom_padding=&#8221;|||&#8221; custom_padding_tablet=&#8221;&#8221; custom_padding_phone=&#8221;&#8221; custom_padding_last_edited=&#8221;on|phone&#8221; animation_style=&#8221;zoom&#8221; animation_intensity_zoom=&#8221;8%&#8221; animation=&#8221;off&#8221; border_width_all_image=&#8221;50px&#8221;]<\/p>\n<p>uko\u0144czy\u0142 Akademi\u0119 z nagrod\u0105 za obraz <em>\u201eKupiec Wenecki\u201d<\/em><\/p>\n<p>[\/et_pb_blurb][et_pb_blurb title=&#8221;1873 &#8221; _builder_version=&#8221;4.5.7&#8243; header_font=&#8221;Roboto|700|||||||&#8221; header_font_size=&#8221;30px&#8221; header_line_height=&#8221;1.7em&#8221; body_font=&#8221;||||||||&#8221; body_font_size=&#8221;18px&#8221; body_line_height=&#8221;1.8em&#8221; background_color=&#8221;#ffffff&#8221; text_orientation=&#8221;center&#8221; module_alignment=&#8221;left&#8221; custom_margin=&#8221;|||&#8221; custom_padding=&#8221;|||&#8221; custom_padding_tablet=&#8221;&#8221; custom_padding_phone=&#8221;&#8221; custom_padding_last_edited=&#8221;on|phone&#8221; animation_style=&#8221;zoom&#8221; animation_intensity_zoom=&#8221;8%&#8221; animation=&#8221;off&#8221; border_width_all_image=&#8221;50px&#8221;]<\/p>\n<p>zamieszka\u0142 z ci\u0119\u017cko chorym bratem w Rzymie, dalej piel\u0119gnuj\u0105c go w chorobie<\/p>\n<p>[\/et_pb_blurb][et_pb_blurb title=&#8221;1875 &#8221; use_icon=&#8221;on&#8221; font_icon=&#8221;%%26%%&#8221; icon_color=&#8221;#6a9ae8&#8243; use_icon_font_size=&#8221;on&#8221; _builder_version=&#8221;4.5.7&#8243; header_font=&#8221;Roboto|700|||||||&#8221; header_font_size=&#8221;30px&#8221; header_line_height=&#8221;1.7em&#8221; body_font=&#8221;||||||||&#8221; body_font_size=&#8221;18px&#8221; body_line_height=&#8221;1.8em&#8221; background_color=&#8221;#ffffff&#8221; text_orientation=&#8221;center&#8221; module_alignment=&#8221;left&#8221; custom_margin=&#8221;|||&#8221; custom_padding=&#8221;|||&#8221; custom_padding_tablet=&#8221;&#8221; custom_padding_phone=&#8221;&#8221; custom_padding_last_edited=&#8221;on|phone&#8221; animation_style=&#8221;zoom&#8221; animation_intensity_zoom=&#8221;8%&#8221; animation=&#8221;off&#8221; border_width_all_image=&#8221;50px&#8221;]<\/p>\n<p>Aleksander Gierymski pozna\u0142 Helen\u0119 Modrzejewsk\u0105 i powi\u0119kszy\u0142 grono adoruj\u0105cych j\u0105 wielbicieli. Bywa\u0142 na urz\u0105dzanych w jej domu koncertach, podziwia\u0142 j\u0105 w teatrze, wielokrotnie rysowa\u0142 jej wdzi\u0119czn\u0105 sylwetk\u0119, typowe gesty i pozy \u2013 p\u00f3\u017aniej wykorzysta\u0142 te szkice w obrazie <em>\u201eSjesta w\u0142oska\u201d<\/em>. M\u0142odzie\u0144cze uczucie do starszej o 10 lat muzy, prze\u017cywaj\u0105cej chwile najwi\u0119kszej s\u0142awy, w dodatku ju\u017c zam\u0119\u017cnej \u2013 nie ma przysz\u0142o\u015bci. Aleksander Gierymski, podobnie jak brat <a href=\"https:\/\/zagrajwsztuke.pl\/maksymilian-gierymski\/\" target=\"_blank\" rel=\"noopener noreferrer\"><u>Maksymilian<\/u><\/a>, nie za\u0142o\u017cy\u0142 rodziny.<\/p>\n<p>[\/et_pb_blurb][et_pb_image src=&#8221;https:\/\/zagrajwsztuke.pl\/wp-content\/uploads\/2020\/08\/1457px-Aleksander_Gierymski-swieto_Trabek_I.jpg&#8221; alt=&#8221;Aleksander Gierymski&#8221; title_text=&#8221;1457px-Aleksander_Gierymski-swieto_Trabek_I&#8221; _builder_version=&#8221;4.5.7&#8243; _module_preset=&#8221;default&#8221;][\/et_pb_image][et_pb_text _builder_version=&#8221;4.5.7&#8243; _module_preset=&#8221;default&#8221;]\u015awi\u0119to tr\u0105bek I (1884), Wikipedia[\/et_pb_text][\/et_pb_column][et_pb_column type=&#8221;1_2&#8243; _builder_version=&#8221;3.25&#8243; custom_padding=&#8221;|||&#8221; custom_padding__hover=&#8221;|||&#8221;][et_pb_image src=&#8221;https:\/\/zagrajwsztuke.pl\/wp-content\/uploads\/2020\/08\/903px-Aleksander_Gierymski_-_Jewish_woman_selling_oranges_-_Google_Art_Project.jpg&#8221; alt=&#8221;Aleksander Gierymski&#8221; title_text=&#8221;903px-Aleksander_Gierymski_-_Jewish_woman_selling_oranges_-_Google_Art_Project&#8221; align=&#8221;right&#8221; force_fullwidth=&#8221;on&#8221; align_tablet=&#8221;center&#8221; align_phone=&#8221;&#8221; align_last_edited=&#8221;on|desktop&#8221; _builder_version=&#8221;4.5.7&#8243; custom_margin=&#8221;||-10%|&#8221; animation_style=&#8221;roll&#8221; animation_direction=&#8221;left&#8221; animation_intensity_roll=&#8221;4%&#8221;][\/et_pb_image][et_pb_divider show_divider=&#8221;off&#8221; _builder_version=&#8221;4.5.7&#8243; _module_preset=&#8221;default&#8221;][\/et_pb_divider][et_pb_divider show_divider=&#8221;off&#8221; _builder_version=&#8221;4.5.7&#8243; _module_preset=&#8221;default&#8221;][\/et_pb_divider][et_pb_divider show_divider=&#8221;off&#8221; _builder_version=&#8221;4.5.7&#8243; _module_preset=&#8221;default&#8221;][\/et_pb_divider][et_pb_text _builder_version=&#8221;4.5.7&#8243; _module_preset=&#8221;default&#8221;]\u017byd\u00f3wka z pomara\u0144czami (1881), Muzeum Narodowe w Warszawie, Wikipedia[\/et_pb_text][et_pb_blurb title=&#8221;1879&#8243; _builder_version=&#8221;4.5.7&#8243; header_font=&#8221;Roboto|700|||||||&#8221; header_font_size=&#8221;30px&#8221; header_line_height=&#8221;1.7em&#8221; body_font=&#8221;||||||||&#8221; body_font_size=&#8221;18px&#8221; body_line_height=&#8221;1.8em&#8221; background_color=&#8221;#ffffff&#8221; text_orientation=&#8221;center&#8221; module_alignment=&#8221;left&#8221; custom_margin=&#8221;|||&#8221; custom_padding=&#8221;0px|||||&#8221; custom_padding_tablet=&#8221;&#8221; custom_padding_phone=&#8221;&#8221; custom_padding_last_edited=&#8221;on|phone&#8221; animation_style=&#8221;zoom&#8221; animation_intensity_zoom=&#8221;8%&#8221; animation=&#8221;off&#8221; border_width_all_image=&#8221;50px&#8221;]<\/p>\n<p>powr\u00f3ci\u0142 do Warszawy, rozpocz\u0105\u0142 si\u0119 wtedy \u201eokres warszawski\u201d w tw\u00f3rczo\u015bci Aleksandra Gierymskiego<\/p>\n<p>[\/et_pb_blurb][et_pb_blurb title=&#8221;1885&#8243; use_icon=&#8221;on&#8221; font_icon=&#8221;%%135%%&#8221; icon_color=&#8221;#6a9ae8&#8243; use_icon_font_size=&#8221;on&#8221; _builder_version=&#8221;4.5.7&#8243; header_font=&#8221;Roboto|700|||||||&#8221; header_font_size=&#8221;30px&#8221; header_line_height=&#8221;1.7em&#8221; body_font=&#8221;||||||||&#8221; body_font_size=&#8221;18px&#8221; body_line_height=&#8221;1.8em&#8221; background_color=&#8221;#ffffff&#8221; text_orientation=&#8221;center&#8221; module_alignment=&#8221;left&#8221; custom_margin=&#8221;|||&#8221; custom_padding=&#8221;|||&#8221; custom_padding_tablet=&#8221;&#8221; custom_padding_phone=&#8221;&#8221; custom_padding_last_edited=&#8221;on|phone&#8221; animation_style=&#8221;zoom&#8221; animation_intensity_zoom=&#8221;8%&#8221; animation=&#8221;off&#8221; border_width_all_image=&#8221;50px&#8221;]<\/p>\n<p>nak\u0142adem <em>\u201eW\u0119drowca\u201d <\/em>ukaza\u0142 si\u0119 <em>\u201eAlbum Maksa i Aleksandra Gierymskich\u201d<\/em><\/p>\n<p>[\/et_pb_blurb][et_pb_blurb title=&#8221;1888&#8243; use_icon=&#8221;on&#8221; font_icon=&#8221;%%122%%&#8221; icon_color=&#8221;#6a9ae8&#8243; use_icon_font_size=&#8221;on&#8221; _builder_version=&#8221;4.5.7&#8243; header_font=&#8221;Roboto|700|||||||&#8221; header_font_size=&#8221;30px&#8221; header_line_height=&#8221;1.7em&#8221; body_font=&#8221;||||||||&#8221; body_font_size=&#8221;18px&#8221; body_line_height=&#8221;1.8em&#8221; background_color=&#8221;#ffffff&#8221; text_orientation=&#8221;center&#8221; module_alignment=&#8221;left&#8221; custom_margin=&#8221;|||&#8221; custom_padding=&#8221;|||&#8221; custom_padding_tablet=&#8221;&#8221; custom_padding_phone=&#8221;&#8221; custom_padding_last_edited=&#8221;on|phone&#8221; animation_style=&#8221;zoom&#8221; animation_intensity_zoom=&#8221;8%&#8221; animation=&#8221;off&#8221; border_width_all_image=&#8221;50px&#8221;]<\/p>\n<p>Aleksander Gierymski wyjecha\u0142 do Monachium i Pary\u017ca<\/p>\n<p>[\/et_pb_blurb][et_pb_blurb title=&#8221;1893&#8243; _builder_version=&#8221;4.5.7&#8243; header_font=&#8221;Roboto|700|||||||&#8221; header_font_size=&#8221;30px&#8221; header_line_height=&#8221;1.7em&#8221; body_font=&#8221;||||||||&#8221; body_font_size=&#8221;18px&#8221; body_line_height=&#8221;1.8em&#8221; background_color=&#8221;#ffffff&#8221; text_orientation=&#8221;center&#8221; module_alignment=&#8221;left&#8221; custom_margin=&#8221;|||&#8221; custom_padding=&#8221;|||&#8221; custom_padding_tablet=&#8221;&#8221; custom_padding_phone=&#8221;&#8221; custom_padding_last_edited=&#8221;on|phone&#8221; animation_style=&#8221;zoom&#8221; animation_intensity_zoom=&#8221;8%&#8221; animation=&#8221;off&#8221; border_width_all_image=&#8221;50px&#8221;]<\/p>\n<p>wr\u00f3ci\u0142 do kraju i malowa\u0142 w Bronowicach<\/p>\n<p>[\/et_pb_blurb][et_pb_blurb title=&#8221;1895 &#8221; _builder_version=&#8221;4.5.7&#8243; header_font=&#8221;Roboto|700|||||||&#8221; header_font_size=&#8221;30px&#8221; header_line_height=&#8221;1.7em&#8221; body_font=&#8221;||||||||&#8221; body_font_size=&#8221;18px&#8221; body_line_height=&#8221;1.8em&#8221; background_color=&#8221;#ffffff&#8221; text_orientation=&#8221;center&#8221; module_alignment=&#8221;left&#8221; custom_margin=&#8221;|||&#8221; custom_padding=&#8221;|||&#8221; custom_padding_tablet=&#8221;&#8221; custom_padding_phone=&#8221;&#8221; custom_padding_last_edited=&#8221;on|phone&#8221; animation_style=&#8221;zoom&#8221; animation_intensity_zoom=&#8221;8%&#8221; animation=&#8221;off&#8221; border_width_all_image=&#8221;50px&#8221;]<\/p>\n<p>ponownie wyjecha\u0142 do Monachium<\/p>\n<p>[\/et_pb_blurb][et_pb_blurb title=&#8221;1897-1899&#8243; _builder_version=&#8221;4.5.7&#8243; header_font=&#8221;Roboto|700|||||||&#8221; header_font_size=&#8221;30px&#8221; header_line_height=&#8221;1.7em&#8221; body_font=&#8221;||||||||&#8221; body_font_size=&#8221;18px&#8221; body_line_height=&#8221;1.8em&#8221; background_color=&#8221;#ffffff&#8221; text_orientation=&#8221;center&#8221; module_alignment=&#8221;left&#8221; custom_margin=&#8221;|||&#8221; custom_padding=&#8221;|||&#8221; custom_padding_tablet=&#8221;&#8221; custom_padding_phone=&#8221;&#8221; custom_padding_last_edited=&#8221;on|phone&#8221; animation_style=&#8221;zoom&#8221; animation_intensity_zoom=&#8221;8%&#8221; animation=&#8221;off&#8221; border_width_all_image=&#8221;50px&#8221;]<\/p>\n<p>\u00a0podr\u00f3\u017cowa\u0142 do W\u0142och (Wenecja, Palermo, Siena), przebywa\u0142 w Pary\u017cu i powr\u00f3ci\u0142 do Rzymu.<\/p>\n<p>[\/et_pb_blurb][et_pb_blurb title=&#8221;1899-1901&#8243; _builder_version=&#8221;4.5.7&#8243; header_font=&#8221;Roboto|700|||||||&#8221; header_font_size=&#8221;30px&#8221; header_line_height=&#8221;1.7em&#8221; body_font=&#8221;||||||||&#8221; body_font_size=&#8221;18px&#8221; body_line_height=&#8221;1.8em&#8221; background_color=&#8221;#ffffff&#8221; text_orientation=&#8221;center&#8221; module_alignment=&#8221;left&#8221; custom_margin=&#8221;|||&#8221; custom_padding=&#8221;|||&#8221; custom_padding_tablet=&#8221;&#8221; custom_padding_phone=&#8221;&#8221; custom_padding_last_edited=&#8221;on|phone&#8221; animation_style=&#8221;zoom&#8221; animation_intensity_zoom=&#8221;8%&#8221; animation=&#8221;off&#8221; border_width_all_image=&#8221;50px&#8221;]<\/p>\n<p><strong>\u00a0<\/strong>ostatni okres \u017cycia sp\u0119dzi\u0142 we W\u0142oszech. Z tych lat pochodz\u0105 w\u0142oskie krajobrazy, rozs\u0142onecznione pejza\u017ce miejskie i wn\u0119trza budowli, malowane z pedantyczn\u0105 dok\u0142adno\u015bci\u0105. Ci\u0105g\u0142e d\u0105\u017cenie do doskona\u0142o\u015bci, sta\u0142o si\u0119 jego obsesj\u0105 i udr\u0119k\u0105. Boryka\u0142 si\u0119 z depresj\u0105 psychiczn\u0105. Widoczna w niekt\u00f3rych p\u0142\u00f3tnach maniakalna drobiazgowo\u015b\u0107 by\u0142a jednym z przejaw\u00f3w rosn\u0105cej neurastenii.<\/p>\n<p>[\/et_pb_blurb][et_pb_blurb title=&#8221;1901&#8243; _builder_version=&#8221;4.5.7&#8243; header_font=&#8221;Roboto|700|||||||&#8221; header_font_size=&#8221;30px&#8221; header_line_height=&#8221;1.7em&#8221; body_font=&#8221;||||||||&#8221; body_font_size=&#8221;18px&#8221; body_line_height=&#8221;1.8em&#8221; background_color=&#8221;#ffffff&#8221; text_orientation=&#8221;center&#8221; module_alignment=&#8221;left&#8221; custom_margin=&#8221;|||&#8221; custom_padding=&#8221;|||&#8221; custom_padding_tablet=&#8221;&#8221; custom_padding_phone=&#8221;&#8221; custom_padding_last_edited=&#8221;on|phone&#8221; animation_style=&#8221;zoom&#8221; animation_intensity_zoom=&#8221;8%&#8221; animation=&#8221;off&#8221; border_width_all_image=&#8221;50px&#8221;]<\/p>\n<p>rozstr\u00f3j nerwowy doprowadzi\u0142 w ko\u0144cu do wyczerpania organizmu \u2013 Aleksander Gierymski zmar\u0142 8 marca w szpitalu psychiatrycznym w Rzymie. Zosta\u0142 pochowany na rzymskim cmentarzu Campo Verano.<\/p>\n<p>[\/et_pb_blurb][\/et_pb_column][\/et_pb_row][\/et_pb_section][et_pb_section fb_built=&#8221;1&#8243; custom_padding_last_edited=&#8221;off|desktop&#8221; _builder_version=&#8221;3.22.3&#8243; use_background_color_gradient=&#8221;on&#8221; background_color_gradient_start=&#8221;#ffffff&#8221; background_color_gradient_end=&#8221;#F2F2FA&#8221; background_color_gradient_end_position=&#8221;50%&#8221; background_size=&#8221;initial&#8221; custom_padding=&#8221;|||&#8221; custom_padding_tablet=&#8221;0px||0px|0px&#8221; custom_padding_phone=&#8221;|||&#8221; bottom_divider_style=&#8221;ramp&#8221; bottom_divider_color=&#8221;#ffffff&#8221; bottom_divider_height=&#8221;250px&#8221; bottom_divider_height_tablet=&#8221;150px&#8221; bottom_divider_height_phone=&#8221;110px&#8221; bottom_divider_height_last_edited=&#8221;on|phone&#8221;][et_pb_row column_structure=&#8221;1_4,3_4&#8243; use_custom_gutter=&#8221;on&#8221; gutter_width=&#8221;2&#8243; _builder_version=&#8221;3.25.4&#8243; max_width=&#8221;1700px&#8221; custom_margin=&#8221;|||&#8221; custom_padding=&#8221;0px|||&#8221; use_custom_width=&#8221;on&#8221; custom_width_px=&#8221;1700px&#8221;][et_pb_column type=&#8221;1_4&#8243; _builder_version=&#8221;3.25&#8243; custom_padding=&#8221;|||&#8221; custom_padding__hover=&#8221;|||&#8221;][et_pb_text _builder_version=&#8221;4.5.7&#8243; text_font_size=&#8221;16px&#8221; text_line_height=&#8221;2em&#8221; header_2_font=&#8221;Roboto|700|||||||&#8221; header_2_font_size=&#8221;45px&#8221; header_2_line_height=&#8221;1.2em&#8221; max_width=&#8221;800px&#8221; max_width_last_edited=&#8221;off|desktop&#8221; module_alignment=&#8221;center&#8221; custom_margin=&#8221;|||&#8221; custom_padding=&#8221;||0px|||&#8221; header_2_font_size_tablet=&#8221;35px&#8221; header_2_font_size_phone=&#8221;28px&#8221; header_2_font_size_last_edited=&#8221;on|desktop&#8221;]<\/p>\n<h2><strong>Ciekawostki:<\/strong><\/h2>\n<p>[\/et_pb_text][et_pb_divider _builder_version=&#8221;3.25.4&#8243;][\/et_pb_divider][et_pb_toggle title=&#8221;Medal&#8221; _builder_version=&#8221;4.5.7&#8243; title_font=&#8221;Roboto|700|||||||&#8221; title_font_size=&#8221;18px&#8221; title_line_height=&#8221;1.7em&#8221; body_font_size=&#8221;16px&#8221; body_line_height=&#8221;2em&#8221; background_color=&#8221;#ffffff&#8221; custom_margin=&#8221;|||&#8221; custom_padding=&#8221;|30px||30px&#8221; animation_style=&#8221;fold&#8221; animation_direction=&#8221;top&#8221; border_radii=&#8221;on|10px|10px|10px|10px&#8221; border_width_all=&#8221;0px&#8221; border_color_all=&#8221;#f7b100&#8243; border_width_left=&#8221;10px&#8221; box_shadow_style=&#8221;preset1&#8243; box_shadow_blur=&#8221;70px&#8221; box_shadow_color=&#8221;rgba(110,130,208,0.18)&#8221;]<\/p>\n<p>W pracy nad <em>\u201eGr\u0105 w Mora\u201d <\/em>Aleksander Gierymski posi\u0142kowa\u0142 si\u0119 fotografiami upozowanych modeli. Obraz dosta\u0142 medal na Wystawie Powszechnej w Filadelfii.<\/p>\n<p>[\/et_pb_toggle][et_pb_toggle title=&#8221;Altana&#8221; _builder_version=&#8221;4.5.7&#8243; title_font=&#8221;Roboto|700|||||||&#8221; title_font_size=&#8221;18px&#8221; title_line_height=&#8221;1.7em&#8221; body_font_size=&#8221;16px&#8221; body_line_height=&#8221;2em&#8221; background_color=&#8221;#ffffff&#8221; custom_margin=&#8221;|||&#8221; custom_padding=&#8221;|30px||30px&#8221; animation_style=&#8221;fold&#8221; animation_direction=&#8221;top&#8221; animation_delay=&#8221;100ms&#8221; border_radii=&#8221;on|10px|10px|10px|10px&#8221; border_width_all=&#8221;0px&#8221; border_color_all=&#8221;#00d8bf&#8221; border_width_left=&#8221;10px&#8221; box_shadow_style=&#8221;preset1&#8243; box_shadow_blur=&#8221;70px&#8221; box_shadow_color=&#8221;rgba(110,130,208,0.18)&#8221;]<\/p>\n<p>Ofiar\u0105 malarskiej zaciek\u0142o\u015bci malarza sta\u0142a si\u0119 malowana 5 lat mityczna <em>\u201eAltana\u201d<\/em>, zacz\u0119ta jeszcze w Rzymie, poci\u0119ta na kawa\u0142ki i odtworzona w mniejszej, mniej udanej wersji. <em>\u201eGierymski opowiada\u0142, \u017ce malowa\u0142 tak d\u0142ugo, tyle razy przemalowywa\u0142, \u017ce w ko\u0144cu nie m\u00f3g\u0142 si\u0119 zbli\u017cy\u0107 do obrazu, z kt\u00f3rego stercza\u0142y potworne sople farb, stalagmity, tworz\u0105ce z powierzchni obrazu rodzaj plastycznej mapy \u0142a\u0144cucha g\u00f3rskiego\u201d<\/em> \u2013 <u>Stanis\u0142aw Witkiewicz<\/u><\/p>\n<p>[\/et_pb_toggle][et_pb_toggle title=&#8221;Piasek&#8221; _builder_version=&#8221;4.5.7&#8243; title_font=&#8221;Roboto|700|||||||&#8221; title_font_size=&#8221;18px&#8221; title_line_height=&#8221;1.7em&#8221; body_font_size=&#8221;16px&#8221; body_line_height=&#8221;2em&#8221; background_color=&#8221;#ffffff&#8221; custom_margin=&#8221;|||&#8221; custom_padding=&#8221;|30px||30px&#8221; animation_style=&#8221;fold&#8221; animation_direction=&#8221;top&#8221; animation_delay=&#8221;100ms&#8221; border_radii=&#8221;on|10px|10px|10px|10px&#8221; border_width_all=&#8221;0px&#8221; border_color_all=&#8221;#0C71C3&#8243; border_width_left=&#8221;10px&#8221; box_shadow_style=&#8221;preset1&#8243; box_shadow_blur=&#8221;70px&#8221; box_shadow_color=&#8221;rgba(110,130,208,0.18)&#8221;]<\/p>\n<p>Aleksander Gierymski przyst\u0119puj\u0105c do malowania <em>\u201ePiaskarzy\u201d<\/em> wypo\u017cyczy\u0142 od <u>Podkowi\u0144skiego<\/u> i Pankiewicza pracowni\u0119 z g\u00f3rnym \u015bwiat\u0142em i zwali\u0142 tam na pod\u0142og\u0119 kupy piasku\u2026, potrzebne do studi\u00f3w z natury.<\/p>\n<p>[\/et_pb_toggle][\/et_pb_column][et_pb_column type=&#8221;3_4&#8243; _builder_version=&#8221;3.25.4&#8243;][et_pb_image src=&#8221;https:\/\/zagrajwsztuke.pl\/wp-content\/uploads\/2020\/08\/1177px-Gierymski_In_the_arbour.png&#8221; alt=&#8221;Aleksander Gierymski&#8221; title_text=&#8221;1177px-Gierymski_In_the_arbour&#8221; _builder_version=&#8221;4.5.7&#8243; custom_padding=&#8221;||1px|||&#8221;][\/et_pb_image][et_pb_text _builder_version=&#8221;4.5.7&#8243; _module_preset=&#8221;default&#8221;]W altanie, 1882 Muzeum Narodowe w Warszawie, Wikipedia[\/et_pb_text][\/et_pb_column][\/et_pb_row][et_pb_row _builder_version=&#8221;4.5.7&#8243; _module_preset=&#8221;default&#8221;][et_pb_column type=&#8221;4_4&#8243; _builder_version=&#8221;4.5.7&#8243; _module_preset=&#8221;default&#8221;][et_pb_image src=&#8221;https:\/\/zagrajwsztuke.pl\/wp-content\/uploads\/2020\/08\/1461px-Gierymski_Sand_miners.jpg&#8221; alt=&#8221;Aleksander Gierymski&#8221; title_text=&#8221;1461px-Gierymski_Sand_miners&#8221; _builder_version=&#8221;4.5.7&#8243; _module_preset=&#8221;default&#8221;][\/et_pb_image][et_pb_text _builder_version=&#8221;4.5.7&#8243; _module_preset=&#8221;default&#8221;]Aleksander Gierymski, Piaskarze, Wikipedia[\/et_pb_text][\/et_pb_column][\/et_pb_row][\/et_pb_section][et_pb_section fb_built=&#8221;1&#8243; custom_padding_last_edited=&#8221;off|desktop&#8221; _builder_version=&#8221;3.22.3&#8243; use_background_color_gradient=&#8221;on&#8221; background_color_gradient_start=&#8221;#ffffff&#8221; background_color_gradient_end=&#8221;#F2F2FA&#8221; background_color_gradient_end_position=&#8221;50%&#8221; background_size=&#8221;initial&#8221; custom_padding=&#8221;|||&#8221; custom_padding_tablet=&#8221;0px||0px|0px&#8221; custom_padding_phone=&#8221;|||&#8221; bottom_divider_style=&#8221;ramp&#8221; bottom_divider_color=&#8221;#ffffff&#8221; bottom_divider_height=&#8221;250px&#8221; bottom_divider_height_tablet=&#8221;150px&#8221; bottom_divider_height_phone=&#8221;110px&#8221; bottom_divider_height_last_edited=&#8221;on|phone&#8221;][et_pb_row column_structure=&#8221;2_5,3_5&#8243; use_custom_gutter=&#8221;on&#8221; gutter_width=&#8221;2&#8243; _builder_version=&#8221;3.25.4&#8243; max_width=&#8221;1700px&#8221; custom_margin=&#8221;|||&#8221; custom_padding=&#8221;0px|||&#8221; use_custom_width=&#8221;on&#8221; custom_width_px=&#8221;1700px&#8221;][et_pb_column type=&#8221;2_5&#8243; _builder_version=&#8221;3.25&#8243; custom_padding=&#8221;|||&#8221; custom_padding__hover=&#8221;|||&#8221;][et_pb_text _builder_version=&#8221;4.5.7&#8243; text_font_size=&#8221;16px&#8221; text_line_height=&#8221;2em&#8221; header_2_font=&#8221;Roboto|700|||||||&#8221; header_2_font_size=&#8221;45px&#8221; header_2_line_height=&#8221;1.2em&#8221; max_width=&#8221;800px&#8221; max_width_last_edited=&#8221;off|desktop&#8221; module_alignment=&#8221;center&#8221; custom_margin=&#8221;|||&#8221; custom_padding=&#8221;||0px|||&#8221; header_2_font_size_tablet=&#8221;35px&#8221; header_2_font_size_phone=&#8221;28px&#8221; header_2_font_size_last_edited=&#8221;on|desktop&#8221;]<\/p>\n<h2>O sztuce Aleksandra Gierymskiego:<\/h2>\n<p>[\/et_pb_text][et_pb_divider _builder_version=&#8221;3.25.4&#8243;][\/et_pb_divider][et_pb_text _builder_version=&#8221;4.5.7&#8243; text_font_size=&#8221;18px&#8221; text_line_height=&#8221;2em&#8221; header_font_size=&#8221;28px&#8221; header_2_font=&#8221;Roboto|700|||||||&#8221; header_2_font_size=&#8221;45px&#8221; header_2_line_height=&#8221;1.2em&#8221; max_width=&#8221;800px&#8221; max_width_last_edited=&#8221;off|desktop&#8221; module_alignment=&#8221;center&#8221; custom_margin=&#8221;|||&#8221; custom_padding=&#8221;|||&#8221; header_2_font_size_tablet=&#8221;35px&#8221; header_2_font_size_phone=&#8221;28px&#8221; header_2_font_size_last_edited=&#8221;on|desktop&#8221;]<\/p>\n<p>Ca\u0142a tw\u00f3rczo\u015b\u0107 Aleksandra Gierymskiego b\u0119dzie \u015bwiadectwem d\u0105\u017cenia do niemo\u017cliwego: po\u0142\u0105czenia prawdy sztuki z prawd\u0105 rzeczywisto\u015bci. Nad ka\u017cdym obrazem pracowa\u0142 bardzo d\u0142ugo, d\u0105\u017c\u0105c do absolutnej prawdy widzenia. Zmienno\u015b\u0107 \u015bwiat\u0142\u0105, ale i zmienno\u015b\u0107 nastroj\u00f3w, sprawia\u0142a, \u017ce wielokrotnie przemalowywa\u0142 p\u0142\u00f3tna, pokrywaj\u0105c je wci\u0105\u017c nowymi warstwami farby.<\/p>\n<p><em>\n\t\t<div class='et_quote'>\n\t\t\t<div class='et_right_quote'>\n\t\t\t\t\u201eGierymski mia\u0142 wstr\u0119t nieprzezwyci\u0119\u017cony do rzeczy \u0142atwych, tanich\u2026 W obrazy swoje czy studia wk\u0142ada\u0142 ca\u0142\u0105 dusz\u0119, dawa\u0142 im wszystko, co m\u00f3g\u0142 da\u0107, nie l\u0119kaj\u0105c si\u0119 niesko\u0144czonych przer\u00f3bek, poprawek, zaczynania na nowo wszystkiego\u2026 nosi\u0142 je w sobie latami i rodzi\u0142 w b\u00f3lu, w ci\u0119\u017ckiej walce\u201d<\/em>\u00a0\n\t\t\t\t\n\t\t\t<\/div>\n\t\t\t<span class='et_quote_sign'><\/span>\n\t\t<\/div>\n\t<\/p>\n<p>\u2013 <strong>Eligiusz Niewiadomski<\/strong><\/p>\n<p>[\/et_pb_text][et_pb_text _builder_version=&#8221;4.5.7&#8243; text_font_size=&#8221;18px&#8221; text_line_height=&#8221;2em&#8221; header_font_size=&#8221;28px&#8221; header_2_font=&#8221;Roboto|700|||||||&#8221; header_2_font_size=&#8221;45px&#8221; header_2_line_height=&#8221;1.2em&#8221; max_width=&#8221;800px&#8221; max_width_last_edited=&#8221;off|desktop&#8221; module_alignment=&#8221;center&#8221; custom_margin=&#8221;|||&#8221; custom_padding=&#8221;|||&#8221; header_2_font_size_tablet=&#8221;35px&#8221; header_2_font_size_phone=&#8221;28px&#8221; header_2_font_size_last_edited=&#8221;on|desktop&#8221;]<\/p>\n<p>W niekt\u00f3rych warszawskich obrazach, jak np. <em>\u201ePiaskarze\u201d<\/em> przewa\u017ca sk\u0142onno\u015b\u0107 artysty do drobiazgowego, niemal fotograficznego realizmu, pedanteria wyko\u0144czenia. Jednak najwi\u0119ksze wra\u017cenie w obrazie robi nie reporterska precyzja, lecz cienie \u017cagli stoj\u0105cych przy mo\u015bcie, refleksy \u015bwiat\u0142a i chmury odbijaj\u0105ce si\u0119 w stalowej, dr\u017c\u0105cej tafli wody. \n\t\t<div class='et_quote'>\n\t\t\t<div class='et_right_quote'>\n\t\t\t\t<em>\u201eGierymski w swoim naturalizmie graniczy z szale\u0144stwem \u2013 maluje ka\u017cd\u0105 ceg\u0142\u0119 z osobna i ka\u017cde niemal ziarenko piasku w swoich \u201ePiaskarzach nad Wis\u0142\u0105\u201d\u201d\u00ad\n\t\t\t\t\n\t\t\t<\/div>\n\t\t\t<span class='et_quote_sign'><\/span>\n\t\t<\/div>\n\t<\/em><strong>\u2013 J\u00f3zef Czapski<\/strong><\/p>\n<p>[\/et_pb_text][\/et_pb_column][et_pb_column type=&#8221;3_5&#8243; _builder_version=&#8221;3.25.4&#8243;][et_pb_text _builder_version=&#8221;4.5.7&#8243; text_font_size=&#8221;18px&#8221; text_line_height=&#8221;2em&#8221; header_font_size=&#8221;28px&#8221; header_2_font=&#8221;Roboto|700|||||||&#8221; header_2_font_size=&#8221;45px&#8221; header_2_line_height=&#8221;1.2em&#8221; max_width=&#8221;800px&#8221; max_width_last_edited=&#8221;off|desktop&#8221; module_alignment=&#8221;center&#8221; custom_margin=&#8221;|||&#8221; custom_padding=&#8221;|||&#8221; header_2_font_size_tablet=&#8221;35px&#8221; header_2_font_size_phone=&#8221;28px&#8221; header_2_font_size_last_edited=&#8221;on|desktop&#8221;]<\/p>\n<p>Wszechstronnie uzdolniony, oczytany brat by\u0142 dla Aleksandra Gierymskiego wyroczni\u0105. Imponowa\u0142a mu jego powsta\u0144cza legenda, ale tak\u017ce towarzyskie obycie, elegancja i dojrza\u0142o\u015b\u0107. Pr\u00f3bowa\u0142 go na\u015bladowa\u0107, cho\u0107 od pocz\u0105tku wida\u0107 by\u0142o r\u00f3\u017cnic\u0119 temperament\u00f3w, a w sztuce \u2013 inne widzenie formy. Je\u015bli w malarstwie Aleksander Gierymski szybko wyzwoli\u0142 si\u0119 od wp\u0142ywu brata, z pewno\u015bci\u0105 odziedziczy\u0142 jego malarski \u015bwiatopogl\u0105d, artystyczn\u0105 uczciwo\u015b\u0107 i bezkompromisowo\u015b\u0107. \n\t\t<div class='et_quote'>\n\t\t\t<div class='et_right_quote'>\n\t\t\t\t<em>\u201eLekcja Gierymskiego polega\u0142aby na wskazaniu bezwzgl\u0119dnej, na wskro\u015b osobistej odpowiedzialno\u015bci artysty za ka\u017cde poci\u0105gni\u0119cie p\u0119dzla w my\u015bl zasady, \u017ce nic dla efektu, wszystko dla prawdy\u201d<\/em>\u00a0\n\t\t\t\t\n\t\t\t<\/div>\n\t\t\t<span class='et_quote_sign'><\/span>\n\t\t<\/div>\n\t\u2013 <strong>Juliusz Starzy\u0144ski<\/strong><\/p>\n<p>[\/et_pb_text][et_pb_text _builder_version=&#8221;4.5.7&#8243; text_font_size=&#8221;18px&#8221; text_line_height=&#8221;2em&#8221; header_font_size=&#8221;28px&#8221; header_2_font=&#8221;Roboto|700|||||||&#8221; header_2_font_size=&#8221;45px&#8221; header_2_line_height=&#8221;1.2em&#8221; max_width=&#8221;800px&#8221; max_width_last_edited=&#8221;off|desktop&#8221; module_alignment=&#8221;center&#8221; custom_margin=&#8221;|||&#8221; custom_padding=&#8221;|||&#8221; header_2_font_size_tablet=&#8221;35px&#8221; header_2_font_size_phone=&#8221;28px&#8221; header_2_font_size_last_edited=&#8221;on|desktop&#8221;]<\/p>\n<p>Wielokrotnie malowa\u0142 nokturny, kt\u00f3re dawa\u0142y mu mo\u017cno\u015b\u0107 studiowania trudnych zagadnie\u0144 zwi\u0105zanych ze sztucznym o\u015bwietleniem. Charakterystyczny jest w nich kontrast mi\u0119dzy g\u0142adk\u0105 powierzchni\u0105 ciemnego p\u0142\u00f3tna i reliefow\u0105 wypuk\u0142o\u015bci\u0105 \u015bwiate\u0142 uformowanych z grubych bry\u0142ek bia\u0142ej farby.<\/p>\n<p><em>\n\t\t<div class='et_quote'>\n\t\t\t<div class='et_right_quote'>\n\t\t\t\t\u201eGierymski nie jest ani malarzem \u201erodzajowym\u201d, ani \u201ehistorycznym\u201d, ani \u201efotografem\u201d, ale raczej kap\u0142anem \u015bwiat\u0142a, kt\u00f3rego \u015bledzi tajemnice i wyk\u0142ada nam jego pi\u0119kno\u015bci\u201d\n\t\t\t\t\n\t\t\t<\/div>\n\t\t\t<span class='et_quote_sign'><\/span>\n\t\t<\/div>\n\t<\/em> \u2013<strong> Boles\u0142aw Prus<\/strong><\/p>\n<p>[\/et_pb_text][et_pb_image src=&#8221;https:\/\/zagrajwsztuke.pl\/wp-content\/uploads\/2020\/08\/Aleksander_Gierymski_-_Wieczor_nad_Sekwana.jpg&#8221; alt=&#8221;Aleksander Gierymski&#8221; title_text=&#8221;Aleksander_Gierymski_-_Wieczor_nad_Sekwana&#8221; _builder_version=&#8221;4.5.7&#8243; custom_padding=&#8221;||1px|||&#8221;][\/et_pb_image][et_pb_text _builder_version=&#8221;4.5.7&#8243; _module_preset=&#8221;default&#8221;]Wiecz\u00f3r nad Sekwan\u0105 Muzeum Narodowe w Krakowie, Galeria Sztuki Polskiej XIX wieku w Sukiennicach, 1893, Wikipedia[\/et_pb_text][\/et_pb_column][\/et_pb_row][\/et_pb_section][et_pb_section fb_built=&#8221;1&#8243; custom_padding_last_edited=&#8221;off|desktop&#8221; _builder_version=&#8221;3.22.3&#8243; use_background_color_gradient=&#8221;on&#8221; background_color_gradient_start=&#8221;#ffffff&#8221; background_color_gradient_end=&#8221;#F2F2FA&#8221; background_color_gradient_end_position=&#8221;50%&#8221; background_size=&#8221;initial&#8221; custom_padding=&#8221;|||&#8221; custom_padding_tablet=&#8221;0px||0px|0px&#8221; custom_padding_phone=&#8221;|||&#8221; bottom_divider_style=&#8221;ramp&#8221; bottom_divider_color=&#8221;#ffffff&#8221; bottom_divider_height=&#8221;250px&#8221; bottom_divider_height_tablet=&#8221;150px&#8221; bottom_divider_height_phone=&#8221;110px&#8221; bottom_divider_height_last_edited=&#8221;on|phone&#8221;][et_pb_row column_structure=&#8221;1_2,1_2&#8243; use_custom_gutter=&#8221;on&#8221; gutter_width=&#8221;2&#8243; _builder_version=&#8221;3.25.4&#8243; max_width=&#8221;1700px&#8221; custom_margin=&#8221;|||&#8221; custom_padding=&#8221;0px|||&#8221; use_custom_width=&#8221;on&#8221; custom_width_px=&#8221;1700px&#8221;][et_pb_column type=&#8221;1_2&#8243; _builder_version=&#8221;3.25&#8243; custom_padding=&#8221;|||&#8221; custom_padding__hover=&#8221;|||&#8221;][et_pb_text _builder_version=&#8221;4.5.7&#8243; text_font=&#8221;||||||||&#8221; text_font_size=&#8221;16px&#8221; text_line_height=&#8221;2em&#8221; header_2_font=&#8221;Roboto|700|||||||&#8221; header_2_font_size=&#8221;45px&#8221; header_2_line_height=&#8221;1.2em&#8221; max_width=&#8221;800px&#8221; max_width_last_edited=&#8221;off|desktop&#8221; module_alignment=&#8221;center&#8221; custom_margin=&#8221;|||&#8221; custom_padding=&#8221;||0px|||&#8221; header_2_font_size_tablet=&#8221;35px&#8221; header_2_font_size_phone=&#8221;28px&#8221; header_2_font_size_last_edited=&#8221;on|desktop&#8221; text_text_shadow_style=&#8221;preset4&#8243;]<\/p>\n<h2>Maksymilian i Aleksander Gierymski w Muzeach:<\/h2>\n<p>[\/et_pb_text][et_pb_divider _builder_version=&#8221;3.25.4&#8243;][\/et_pb_divider][et_pb_blurb title=&#8221;Krak\u00f3w: Muzeum Narodowe \u2013 Pa\u0144stwowe Zbiory Sztuki na Wawelu \u2013 Galeria Sztuki Polskiej XIX wieku w Sukiennicach. Mo\u017cna tam podziwia\u0107 m. in.:&#8221; image=&#8221;https:\/\/zagrajwsztuke.pl\/wp-content\/uploads\/2020\/08\/poland-galeria-marzen.png&#8221; alt=&#8221;galeria marze\u0144&#8221; icon_placement=&#8221;left&#8221; _builder_version=&#8221;4.5.7&#8243; header_font=&#8221;Roboto|700|||||||&#8221; header_text_align=&#8221;left&#8221; header_font_size=&#8221;18px&#8221; header_line_height=&#8221;1.7em&#8221; body_font=&#8221;||||||||&#8221; body_text_align=&#8221;left&#8221; body_font_size=&#8221;18px&#8221; body_line_height=&#8221;1.8em&#8221; background_color=&#8221;#ffffff&#8221; text_orientation=&#8221;center&#8221; module_alignment=&#8221;left&#8221; custom_margin=&#8221;|||&#8221; custom_padding=&#8221;||2px|||&#8221; custom_padding_tablet=&#8221;&#8221; custom_padding_phone=&#8221;&#8221; custom_padding_last_edited=&#8221;on|phone&#8221; animation_style=&#8221;zoom&#8221; animation_intensity_zoom=&#8221;8%&#8221; animation=&#8221;off&#8221; box_shadow_style_image=&#8221;preset2&#8243; box_shadow_horizontal_image=&#8221;5px&#8221; box_shadow_vertical_image=&#8221;5px&#8221; box_shadow_blur_image=&#8221;5px&#8221;]<\/p>\n<ul>\n<li><em>\u201eFontanna, studium do obrazu \u201eW altanie\u201d\u201d <\/em>namalowany w 1876-1880<\/li>\n<li><em>\u201ePowi\u015ble\u201d <\/em>namalowany w 1883<\/li>\n<li><em>\u201ePa\u017a florencki\u201d <\/em>namalowany w 1884<\/li>\n<li><em>\u201e\u015awi\u0119to tr\u0105bek III\u201d <\/em>namalowany w 1890<\/li>\n<li><em>\u201eWiecz\u00f3r nad Sekwan\u0105\u201d <\/em>namalowany w 1892<\/li>\n<li><em>\u201ePinie przy Villa Borghese w Rzymie\u201d <\/em>namalowany w 1900<\/li>\n<\/ul>\n<p>[\/et_pb_blurb][et_pb_blurb title=&#8221;Warszawa: Muzeum Narodowe \u2013 Muzeum Wojska Polskiego. Mo\u017cna tam podziwia\u0107 m. in.:&#8221; image=&#8221;https:\/\/zagrajwsztuke.pl\/wp-content\/uploads\/2020\/08\/poland-galeria-marzen.png&#8221; alt=&#8221;galeria marze\u0144&#8221; icon_placement=&#8221;left&#8221; _builder_version=&#8221;4.5.7&#8243; header_font=&#8221;Roboto|700|||||||&#8221; header_text_align=&#8221;left&#8221; header_font_size=&#8221;18px&#8221; header_line_height=&#8221;1.7em&#8221; body_font=&#8221;||||||||&#8221; body_text_align=&#8221;left&#8221; body_font_size=&#8221;18px&#8221; body_line_height=&#8221;1.8em&#8221; background_color=&#8221;#ffffff&#8221; text_orientation=&#8221;center&#8221; module_alignment=&#8221;left&#8221; custom_margin=&#8221;|||&#8221; custom_padding=&#8221;|||&#8221; custom_padding_tablet=&#8221;&#8221; custom_padding_phone=&#8221;&#8221; custom_padding_last_edited=&#8221;on|phone&#8221; animation_style=&#8221;zoom&#8221; animation_intensity_zoom=&#8221;8%&#8221; animation=&#8221;off&#8221; box_shadow_style_image=&#8221;preset2&#8243; box_shadow_horizontal_image=&#8221;5px&#8221; box_shadow_vertical_image=&#8221;5px&#8221; box_shadow_blur_image=&#8221;5px&#8221;]<\/p>\n<ul>\n<li><em>\u201eGra w Mora\u201d <\/em>namalowany w 1874<\/li>\n<li><em>\u201eStudium do obrazu \u201eW altanie\u201d\u201d <\/em>namalowany ok. 1876<\/li>\n<li><em>\u201eSjesta w\u0142oska\u201d <\/em>namalowany ok. 1876-1880<\/li>\n<li><em>\u201e\u017byd\u00f3wka z pomara\u0144czami\u201d <\/em>namalowany w 1881<\/li>\n<li><em>\u201eW altanie\u201d <\/em>namalowany w 1882<\/li>\n<li><em>\u201e\u015awi\u0119to tr\u0105bek I\u201d <\/em>namalowany w 1884<\/li>\n<li><em>\u201ePiaskarze\u201d <\/em>namalowany w 1887<\/li>\n<li><em>\u201ePlac Wittelsbach\u00f3w w Monachium w nocy\u201d <\/em>namalowany w 1890<\/li>\n<li><em>\u201eOpera Paryska w nocy\u201d <\/em>namalowany w 1891<\/li>\n<li><em>\u201eTrumna ch\u0142opska\u201d <\/em>namalowany w latach 1894-1895<\/li>\n<li><em>\u201eFragment Rotenburga\u201d <\/em>namalowany w latach 1896-1897<\/li>\n<li><em>\u201eWn\u0119trze bazyliki \u015bw. Marka w Wenecji\u201d <\/em>namalowany w 1899<\/li>\n<li><em>\u201ePiazza del Popolo w Rzymie\u201d <\/em>namalowany w latach 1900-1901<\/li>\n<li><em>\u201eMorze\u201d <\/em>namalowany w 1901<\/li>\n<\/ul>\n<p>&nbsp;<\/p>\n<p>[\/et_pb_blurb][\/et_pb_column][et_pb_column type=&#8221;1_2&#8243; _builder_version=&#8221;3.25.4&#8243;][et_pb_blurb title=&#8221;Czechy: &#8221; image=&#8221;https:\/\/zagrajwsztuke.pl\/wp-content\/uploads\/2020\/08\/czech-republic-galeriamarzen.png&#8221; alt=&#8221;Jerzy Nowosielski&#8221; icon_placement=&#8221;left&#8221; _builder_version=&#8221;4.5.7&#8243; header_font=&#8221;Roboto|700|||||||&#8221; header_text_align=&#8221;left&#8221; header_font_size=&#8221;18px&#8221; header_line_height=&#8221;1.7em&#8221; body_font=&#8221;||||||||&#8221; body_font_size=&#8221;18px&#8221; body_line_height=&#8221;1.8em&#8221; background_color=&#8221;#ffffff&#8221; text_orientation=&#8221;center&#8221; module_alignment=&#8221;left&#8221; custom_margin=&#8221;|||&#8221; custom_padding=&#8221;|||&#8221; custom_padding_tablet=&#8221;&#8221; custom_padding_phone=&#8221;&#8221; custom_padding_last_edited=&#8221;on|phone&#8221; animation_style=&#8221;zoom&#8221; animation_intensity_zoom=&#8221;8%&#8221; animation=&#8221;off&#8221; box_shadow_style_image=&#8221;preset2&#8243; box_shadow_horizontal_image=&#8221;5px&#8221; box_shadow_vertical_image=&#8221;5px&#8221; box_shadow_blur_image=&#8221;5px&#8221;]<\/p>\n<ul>\n<li style=\"text-align: left;\">Liberec: Oblstni Galerie<\/li>\n<li style=\"text-align: left;\">Praga: Pamtnik Nrodniho Pisemnictvi<\/li>\n<\/ul>\n<p>[\/et_pb_blurb][et_pb_blurb title=&#8221;Niemcy: &#8221; image=&#8221;https:\/\/zagrajwsztuke.pl\/wp-content\/uploads\/2020\/08\/niemcy-flaga.png&#8221; alt=&#8221;galeria marze\u0144&#8221; icon_placement=&#8221;left&#8221; _builder_version=&#8221;4.5.7&#8243; header_font=&#8221;Roboto|700|||||||&#8221; header_text_align=&#8221;left&#8221; header_font_size=&#8221;18px&#8221; header_line_height=&#8221;1.7em&#8221; body_font=&#8221;||||||||&#8221; body_font_size=&#8221;18px&#8221; body_line_height=&#8221;1.8em&#8221; background_color=&#8221;#ffffff&#8221; text_orientation=&#8221;center&#8221; module_alignment=&#8221;left&#8221; custom_margin=&#8221;|||&#8221; custom_padding=&#8221;|||&#8221; custom_padding_tablet=&#8221;&#8221; custom_padding_phone=&#8221;&#8221; custom_padding_last_edited=&#8221;on|phone&#8221; animation_style=&#8221;zoom&#8221; animation_intensity_zoom=&#8221;8%&#8221; animation=&#8221;off&#8221; box_shadow_style_image=&#8221;preset2&#8243; box_shadow_horizontal_image=&#8221;5px&#8221; box_shadow_vertical_image=&#8221;5px&#8221; box_shadow_blur_image=&#8221;5px&#8221;]<\/p>\n<ul>\n<li>Schweinfurt: Sammlung Georg Schfer<\/li>\n<\/ul>\n<p>[\/et_pb_blurb][et_pb_blurb title=&#8221;Rosja:&#8221; image=&#8221;https:\/\/zagrajwsztuke.pl\/wp-content\/uploads\/2020\/08\/flaga-rosja.png&#8221; alt=&#8221;Jacek Malczewski&#8221; icon_placement=&#8221;left&#8221; _builder_version=&#8221;4.5.7&#8243; header_font=&#8221;Roboto|700|||||||&#8221; header_text_align=&#8221;left&#8221; header_font_size=&#8221;18px&#8221; header_line_height=&#8221;1.7em&#8221; body_font=&#8221;||||||||&#8221; body_font_size=&#8221;18px&#8221; body_line_height=&#8221;1.8em&#8221; background_color=&#8221;#ffffff&#8221; text_orientation=&#8221;center&#8221; module_alignment=&#8221;left&#8221; custom_margin=&#8221;|||&#8221; custom_padding=&#8221;|||&#8221; custom_padding_tablet=&#8221;&#8221; custom_padding_phone=&#8221;&#8221; custom_padding_last_edited=&#8221;on|phone&#8221; animation_style=&#8221;zoom&#8221; animation_intensity_zoom=&#8221;8%&#8221; animation=&#8221;off&#8221; box_shadow_style_image=&#8221;preset2&#8243; box_shadow_horizontal_image=&#8221;5px&#8221; box_shadow_vertical_image=&#8221;5px&#8221; box_shadow_blur_image=&#8221;5px&#8221;]<\/p>\n<ul>\n<li>Kaliningrad: Muzeum Miejskie<\/li>\n<\/ul>\n<p>[\/et_pb_blurb][et_pb_blurb title=&#8221;Ukraina:&#8221; image=&#8221;https:\/\/zagrajwsztuke.pl\/wp-content\/uploads\/2020\/08\/ukraine-galeria-marzen.png&#8221; alt=&#8221;galeria marze\u0144&#8221; icon_placement=&#8221;left&#8221; _builder_version=&#8221;4.5.7&#8243; header_font=&#8221;Roboto|700|||||||&#8221; header_text_align=&#8221;left&#8221; header_font_size=&#8221;18px&#8221; header_line_height=&#8221;1.7em&#8221; body_font=&#8221;||||||||&#8221; body_font_size=&#8221;18px&#8221; body_line_height=&#8221;1.8em&#8221; background_color=&#8221;#ffffff&#8221; text_orientation=&#8221;center&#8221; module_alignment=&#8221;left&#8221; custom_margin=&#8221;|||&#8221; custom_padding=&#8221;|||&#8221; custom_padding_tablet=&#8221;&#8221; custom_padding_phone=&#8221;&#8221; custom_padding_last_edited=&#8221;on|phone&#8221; animation_style=&#8221;zoom&#8221; animation_intensity_zoom=&#8221;8%&#8221; animation=&#8221;off&#8221; box_shadow_style_image=&#8221;preset2&#8243; box_shadow_horizontal_image=&#8221;5px&#8221; box_shadow_vertical_image=&#8221;5px&#8221; box_shadow_blur_image=&#8221;5px&#8221;]<\/p>\n<ul>\n<li style=\"text-align: left;\">Lw\u00f3w \u2013\u00a0Lwowska Galeria Obraz\u00f3w\u00a0<\/li>\n<\/ul>\n<p>[\/et_pb_blurb][et_pb_blurb title=&#8221;Inne miasta Polski:&#8221; image=&#8221;https:\/\/zagrajwsztuke.pl\/wp-content\/uploads\/2020\/08\/poland-galeria-marzen.png&#8221; alt=&#8221;galeria marze\u0144&#8221; icon_placement=&#8221;left&#8221; _builder_version=&#8221;4.5.7&#8243; header_font=&#8221;Roboto|700|||||||&#8221; header_text_align=&#8221;left&#8221; header_font_size=&#8221;18px&#8221; header_line_height=&#8221;1.7em&#8221; body_font=&#8221;||||||||&#8221; body_text_align=&#8221;left&#8221; body_font_size=&#8221;18px&#8221; body_line_height=&#8221;1.8em&#8221; background_color=&#8221;#ffffff&#8221; text_orientation=&#8221;center&#8221; module_alignment=&#8221;left&#8221; custom_margin=&#8221;|||&#8221; custom_padding=&#8221;|||&#8221; custom_padding_tablet=&#8221;&#8221; custom_padding_phone=&#8221;&#8221; custom_padding_last_edited=&#8221;on|phone&#8221; animation_style=&#8221;zoom&#8221; animation_intensity_zoom=&#8221;8%&#8221; animation=&#8221;off&#8221; box_shadow_style_image=&#8221;preset2&#8243; box_shadow_horizontal_image=&#8221;5px&#8221; box_shadow_vertical_image=&#8221;5px&#8221; box_shadow_blur_image=&#8221;5px&#8221;]<\/p>\n<ul>\n<li>Katowice: Muzeum \u015al\u0105skie. Mo\u017cna tam podziwia\u0107 m. in.:\n<ul>\n<li><em>\u201e\u017byd\u00f3wka z cytrynami\u201d <\/em>namalowany w 1881<\/li>\n<\/ul>\n<\/li>\n<li>Kielce: Muzeum Narodowe. Mo\u017cna tam podziwia\u0107 m. in.:\n<ul>\n<li><em>\u201eKatedra w Amalfi\u201d <\/em>namalowany w latach 1897-1898<\/li>\n<\/ul>\n<\/li>\n<li>\u0141\u00f3d\u017a: Muzeum Sztuki\n<ul>\n<li><em>\u201eBrama na Starym Mie\u015bcie\u201d <\/em>namalowany w 1883<\/li>\n<\/ul>\n<\/li>\n<li>Pozna\u0144: Muzeum Narodowe\n<ul>\n<li><em>\u201eLuwr w nocy\u201d <\/em>namalowany w 1892<\/li>\n<\/ul>\n<\/li>\n<li>Wroc\u0142aw: Muzeum Narodowe. Mo\u017cna tam podziwia\u0107 m. in.:\n<ul>\n<li><em>\u201eCh\u0142opiec nios\u0105cy snop\u201d <\/em>namalowany w 1895<\/li>\n<\/ul>\n<\/li>\n<li>Bytom: Muzeum G\u00f3rno\u015bl\u0105skie<\/li>\n<li>Lublin: Muzeum Okr\u0119gowe<\/li>\n<li>Radom: Muzeum Okr\u0119gowe<\/li>\n<li>S\u0142upsk: Muzeum Pomorza \u015arodkowego<\/li>\n<li>Toru\u0144: Muzeum Okr\u0119gowe<\/li>\n<\/ul>\n<p>[\/et_pb_blurb][\/et_pb_column][\/et_pb_row][\/et_pb_section][et_pb_section fb_built=&#8221;1&#8243; custom_padding_last_edited=&#8221;off|desktop&#8221; admin_label=&#8221;Services&#8221; _builder_version=&#8221;3.22.3&#8243; background_color_gradient_direction=&#8221;130deg&#8221; background_size=&#8221;initial&#8221; custom_padding=&#8221;80px|0px|80px|0px|false|false&#8221; custom_padding_tablet=&#8221;|||&#8221; custom_padding_phone=&#8221;0px|20%|0px||true&#8221; bottom_divider_style=&#8221;ramp&#8221; bottom_divider_color=&#8221;#ffffff&#8221; bottom_divider_height=&#8221;200px&#8221; bottom_divider_flip=&#8221;horizontal&#8221;][et_pb_row column_structure=&#8221;1_2,1_2&#8243; module_class=&#8221; et_pb_row_fullwidth&#8221; _builder_version=&#8221;3.25&#8243; width=&#8221;89%&#8221; width_tablet=&#8221;80%&#8221; width_phone=&#8221;&#8221; width_last_edited=&#8221;on|desktop&#8221; max_width=&#8221;89%&#8221; max_width_tablet=&#8221;80%&#8221; max_width_phone=&#8221;&#8221; max_width_last_edited=&#8221;on|desktop&#8221; make_fullwidth=&#8221;on&#8221;][et_pb_column type=&#8221;1_2&#8243; _builder_version=&#8221;3.25&#8243; custom_padding=&#8221;|||&#8221; custom_padding__hover=&#8221;|||&#8221;][et_pb_text _builder_version=&#8221;4.5.7&#8243; text_font_size=&#8221;16px&#8221; text_line_height=&#8221;2em&#8221; header_2_font=&#8221;Roboto|700|||||||&#8221; header_2_font_size=&#8221;45px&#8221; header_2_line_height=&#8221;1.2em&#8221; max_width=&#8221;800px&#8221; max_width_last_edited=&#8221;off|desktop&#8221; module_alignment=&#8221;center&#8221; custom_margin=&#8221;|||&#8221; custom_padding=&#8221;|||&#8221; header_2_font_size_tablet=&#8221;35px&#8221; header_2_font_size_phone=&#8221;28px&#8221; header_2_font_size_last_edited=&#8221;on|desktop&#8221;]<\/p>\n<h2>Aleksander Gierymski (1850-1901) <\/h2>\n<p>[\/et_pb_text][et_pb_divider _builder_version=&#8221;4.5.7&#8243; _module_preset=&#8221;default&#8221;][\/et_pb_divider][et_pb_counters _builder_version=&#8221;4.5.7&#8243; percent_font=&#8221;||||||||&#8221;][et_pb_counter percent=&#8221;100&#8243; _builder_version=&#8221;4.5.7&#8243; title_font_size=&#8221;20px&#8221; background_enable_color_default=&#8221;on&#8221; parallax_default=&#8221;off&#8221; parallax_method_default=&#8221;on&#8221; bar_background_color_default=&#8221;#E02B20&#8243; use_percentages=&#8221;on&#8221; allow_player_pause_default=&#8221;off&#8221;]WYBITNY PRZEDSTAWICIEL REALIZMU:[\/et_pb_counter][et_pb_counter percent=&#8221;100&#8243; _builder_version=&#8221;4.5.7&#8243; title_font_size=&#8221;20px&#8221; background_enable_color_default=&#8221;on&#8221; parallax_default=&#8221;off&#8221; parallax_method_default=&#8221;on&#8221; bar_background_color_default=&#8221;#E02B20&#8243; use_percentages=&#8221;on&#8221; allow_player_pause_default=&#8221;off&#8221;]\u015aWIETNY KOLORYSTA I LUMINISTA:[\/et_pb_counter][et_pb_counter percent=&#8221;95&#8243; _builder_version=&#8221;4.5.7&#8243; title_font_size=&#8221;20px&#8221; background_enable_color_default=&#8221;on&#8221; parallax_default=&#8221;off&#8221; parallax_method_default=&#8221;on&#8221; bar_background_color_default=&#8221;#E02B20&#8243; use_percentages=&#8221;on&#8221; allow_player_pause_default=&#8221;off&#8221;]PEJZA\u017bYSTA:[\/et_pb_counter][et_pb_counter percent=&#8221;100&#8243; _builder_version=&#8221;4.5.7&#8243; title_font_size=&#8221;20px&#8221; background_enable_color_default=&#8221;on&#8221; parallax_default=&#8221;off&#8221; parallax_method_default=&#8221;on&#8221; bar_background_color_default=&#8221;#E02B20&#8243; use_percentages=&#8221;on&#8221; allow_player_pause_default=&#8221;off&#8221;]MALARZ ARCHITEKTURY:[\/et_pb_counter][et_pb_counter percent=&#8221;100&#8243; _builder_version=&#8221;4.5.7&#8243; title_font_size=&#8221;20px&#8221; background_enable_color_default=&#8221;on&#8221; parallax_default=&#8221;off&#8221; parallax_method_default=&#8221;on&#8221; bar_background_color_default=&#8221;#E02B20&#8243; use_percentages=&#8221;on&#8221; allow_player_pause_default=&#8221;off&#8221;]OBRAZY NICZYM ZDJ\u0118CIA:[\/et_pb_counter][et_pb_counter percent=&#8221;100&#8243; _builder_version=&#8221;4.5.7&#8243; title_font_size=&#8221;20px&#8221; background_enable_color_default=&#8221;on&#8221; parallax_default=&#8221;off&#8221; parallax_method_default=&#8221;on&#8221; bar_background_color_default=&#8221;#E02B20&#8243; use_percentages=&#8221;on&#8221; allow_player_pause_default=&#8221;off&#8221;]REALISTYCZNE, \u201eREPORTA\u017bOWE\u201d SCENY Z \u017bYCIA:[\/et_pb_counter][\/et_pb_counters][\/et_pb_column][et_pb_column type=&#8221;1_2&#8243; _builder_version=&#8221;3.25&#8243; custom_padding=&#8221;|||&#8221; custom_padding__hover=&#8221;|||&#8221;][\/et_pb_column][\/et_pb_row][\/et_pb_section][et_pb_section fb_built=&#8221;1&#8243; custom_padding_last_edited=&#8221;on|desktop&#8221; admin_label=&#8221;Call to action&#8221; _builder_version=&#8221;4.5.7&#8243; background_color_gradient_direction=&#8221;130deg&#8221; background_image=&#8221;https:\/\/zagrajwsztuke.pl\/wp-content\/uploads\/2020\/08\/brush-96240_1920.jpg&#8221; parallax=&#8221;on&#8221; custom_padding=&#8221;16vw||7vw||false|false&#8221; custom_padding_tablet=&#8221;100px||100px||true&#8221; custom_padding_phone=&#8221;||||true&#8221; top_divider_style=&#8221;ramp2&#8243; top_divider_color=&#8221;#ffffff&#8221; top_divider_height=&#8221;250px&#8221; top_divider_flip=&#8221;vertical&#8221; top_divider_height_tablet=&#8221;150px&#8221; top_divider_height_phone=&#8221;110px&#8221; top_divider_height_last_edited=&#8221;on|phone&#8221; saved_tabs=&#8221;all&#8221;][et_pb_row module_class=&#8221; et_pb_row_fullwidth&#8221; _builder_version=&#8221;3.25&#8243; width=&#8221;89%&#8221; width_tablet=&#8221;80%&#8221; width_phone=&#8221;&#8221; width_last_edited=&#8221;on|desktop&#8221; max_width=&#8221;89%&#8221; max_width_tablet=&#8221;80%&#8221; max_width_phone=&#8221;&#8221; max_width_last_edited=&#8221;on|desktop&#8221; custom_margin_phone=&#8221;|||&#8221; custom_margin_last_edited=&#8221;off|desktop&#8221; custom_padding=&#8221;|||&#8221; make_fullwidth=&#8221;on&#8221;][et_pb_column type=&#8221;4_4&#8243; _builder_version=&#8221;3.25&#8243; custom_padding=&#8221;|||&#8221; custom_padding__hover=&#8221;|||&#8221;][et_pb_text _builder_version=&#8221;4.5.7&#8243; text_font=&#8221;||||||||&#8221; header_font=&#8221;||||||||&#8221; header_2_font=&#8221;Roboto|700|||||||&#8221; header_2_font_size=&#8221;50px&#8221; header_2_line_height=&#8221;1.4em&#8221; header_3_font=&#8221;Roboto|700||on|||||&#8221; header_3_text_align=&#8221;center&#8221; header_3_text_color=&#8221;#ffffff&#8221; header_3_font_size=&#8221;24px&#8221; header_3_letter_spacing=&#8221;5px&#8221; header_3_line_height=&#8221;2em&#8221; text_orientation=&#8221;center&#8221; background_layout=&#8221;dark&#8221; max_width=&#8221;850px&#8221; module_alignment=&#8221;center&#8221; custom_margin=&#8221;|||&#8221; custom_padding=&#8221;|||&#8221; text_font_size_last_edited=&#8221;off|desktop&#8221; header_2_font_size_tablet=&#8221;40px&#8221; header_2_font_size_phone=&#8221;32px&#8221; header_2_font_size_last_edited=&#8221;on|desktop&#8221; header_3_font_size_tablet=&#8221;16px&#8221; header_3_font_size_phone=&#8221;14px&#8221; header_3_font_size_last_edited=&#8221;on|phone&#8221; text_text_shadow_style=&#8221;preset3&#8243; text_text_shadow_horizontal_length=&#8221;0.1em&#8221; text_text_shadow_vertical_length=&#8221;0.1em&#8221;]<\/p>\n<h3>CZAS NA ZABAW\u0118!<\/h3>\n<h2>GOT\u00d3W NA GR\u0118?<\/h2>\n<p>[\/et_pb_text][et_pb_button button_url=&#8221;@ET-DC@eyJkeW5hbWljIjp0cnVlLCJjb250ZW50IjoicG9zdF9saW5rX3VybF9wYWdlIiwic2V0dGluZ3MiOnsicG9zdF9pZCI6IjMxNjQifX0=@&#8221; url_new_window=&#8221;on&#8221; button_text=&#8221;GRAM!&#8221; button_alignment=&#8221;center&#8221; _builder_version=&#8221;4.5.7&#8243; _dynamic_attributes=&#8221;button_url&#8221; _module_preset=&#8221;default&#8221; custom_button=&#8221;on&#8221; button_text_size=&#8221;26px&#8221; button_text_color=&#8221;#FFFFFF&#8221; button_bg_color=&#8221;#E02B20&#8243; button_border_width=&#8221;0px&#8221; button_border_radius=&#8221;37px&#8221; button_letter_spacing=&#8221;7px&#8221; box_shadow_style=&#8221;preset1&#8243; box_shadow_vertical=&#8221;4px&#8221; box_shadow_blur=&#8221;14px&#8221;][\/et_pb_button][\/et_pb_column][\/et_pb_row][\/et_pb_section]<\/p>\n","protected":false},"excerpt":{"rendered":"<p>Aleksander Gierymski (1850-1901) - priest of light. Aleksander Gierymski - an outstanding representative of realism, a great colorist and luminist.<\/p>","protected":false},"author":1,"featured_media":3480,"comment_status":"closed","ping_status":"closed","sticky":false,"template":"","format":"standard","meta":{"_et_pb_use_builder":"on","_et_pb_old_content":"","_et_gb_content_width":"1920","footnotes":""},"categories":[96,223,198,126,197,117,200],"tags":[195,192,193,191,194,190,189],"class_list":["post-3475","post","type-post","status-publish","format-standard","has-post-thumbnail","hentry","category-kolorystyczny-nowator","category-luminista","category-malarz-architektury","category-obrazy-fotografie","category-pejzazysta","category-prekursor-polskiego-realizmu","category-realistyczne-reportazowe-sceny-z-zycia","tag-reportazowe-sceny-z-zycia","tag-malarz-architektury","tag-obrazy-niczym-zdjecia","tag-pejzazysta","tag-realistyczne","tag-swietny-kolorysta-i-luminista","tag-wybitny-przedstawiciel-realizmu","et-has-post-format-content","et_post_format-et-post-format-standard"],"yoast_head":"<!-- This site is optimized with the Yoast SEO plugin v27.3 - https:\/\/yoast.com\/product\/yoast-seo-wordpress\/ -->\n<title>Aleksander Gierymski - Galeria Marze\u0144 Aleksander Gierymski<\/title>\n<meta name=\"description\" content=\"Aleksander Gierymski (1850-1901) \u2013 kap\u0142an \u015bwiat\u0142a. Aleksander Gierymski - wybitny przedstawiciel realizmu, \u015bwietny kolorysta i luminista.\" \/>\n<meta name=\"robots\" content=\"index, follow, max-snippet:-1, max-image-preview:large, max-video-preview:-1\" \/>\n<link rel=\"canonical\" href=\"https:\/\/zagrajwsztuke.pl\/en\/aleksander-gierymski\/\" \/>\n<meta property=\"og:locale\" content=\"en_GB\" \/>\n<meta property=\"og:type\" content=\"article\" \/>\n<meta property=\"og:title\" content=\"Aleksander Gierymski - Galeria Marze\u0144 Aleksander Gierymski\" \/>\n<meta property=\"og:description\" content=\"Aleksander Gierymski (1850-1901) \u2013 kap\u0142an \u015bwiat\u0142a. Aleksander Gierymski - wybitny przedstawiciel realizmu, \u015bwietny kolorysta i luminista.\" \/>\n<meta property=\"og:url\" content=\"https:\/\/zagrajwsztuke.pl\/en\/aleksander-gierymski\/\" \/>\n<meta property=\"og:site_name\" content=\"Galeria Marze\u0144\" \/>\n<meta property=\"article:published_time\" content=\"2020-08-24T18:50:16+00:00\" \/>\n<meta property=\"article:modified_time\" content=\"2020-09-01T18:56:09+00:00\" \/>\n<meta property=\"og:image\" content=\"https:\/\/zagrajwsztuke.pl\/wp-content\/uploads\/2020\/08\/1461px-Gierymski_Sand_miners.jpg\" \/>\n\t<meta property=\"og:image:width\" content=\"1461\" \/>\n\t<meta property=\"og:image:height\" content=\"1080\" \/>\n\t<meta property=\"og:image:type\" content=\"image\/jpeg\" \/>\n<meta name=\"author\" content=\"Kulturopedia\" \/>\n<meta name=\"twitter:card\" content=\"summary_large_image\" \/>\n<meta name=\"twitter:label1\" content=\"Written by\" \/>\n\t<meta name=\"twitter:data1\" content=\"Kulturopedia\" \/>\n\t<meta name=\"twitter:label2\" content=\"Estimated reading time\" \/>\n\t<meta name=\"twitter:data2\" content=\"33 minutes\" \/>\n<script type=\"application\/ld+json\" class=\"yoast-schema-graph\">{\"@context\":\"https:\\\/\\\/schema.org\",\"@graph\":[{\"@type\":\"Article\",\"@id\":\"https:\\\/\\\/zagrajwsztuke.pl\\\/aleksander-gierymski\\\/#article\",\"isPartOf\":{\"@id\":\"https:\\\/\\\/zagrajwsztuke.pl\\\/aleksander-gierymski\\\/\"},\"author\":{\"name\":\"Kulturopedia\",\"@id\":\"https:\\\/\\\/zagrajwsztuke.pl\\\/#\\\/schema\\\/person\\\/c35c85467d4d3d214a2782a78eb91055\"},\"headline\":\"Aleksander Gierymski\",\"datePublished\":\"2020-08-24T18:50:16+00:00\",\"dateModified\":\"2020-09-01T18:56:09+00:00\",\"mainEntityOfPage\":{\"@id\":\"https:\\\/\\\/zagrajwsztuke.pl\\\/aleksander-gierymski\\\/\"},\"wordCount\":6518,\"image\":{\"@id\":\"https:\\\/\\\/zagrajwsztuke.pl\\\/aleksander-gierymski\\\/#primaryimage\"},\"thumbnailUrl\":\"https:\\\/\\\/zagrajwsztuke.pl\\\/wp-content\\\/uploads\\\/2020\\\/08\\\/1461px-Gierymski_Sand_miners.jpg\",\"keywords\":[\"\u201ereporta\u017cowe\u201d sceny z \u017cycia\",\"malarz architektury\",\"obrazy niczym zdj\u0119cia\",\"pejza\u017cysta\",\"realistyczne\",\"\u015bwietny kolorysta i luminista\",\"wybitny przedstawiciel realizmu\"],\"articleSection\":[\"Kolorysta\",\"Luminista\",\"Malarz architektury\",\"Obrazy-fotografie\",\"Pejza\u017cysta\",\"Prekursor polskiego realizmu\",\"Realistyczne, \u201ereporta\u017cowe\u201d sceny z \u017cycia\"],\"inLanguage\":\"en-GB\"},{\"@type\":\"WebPage\",\"@id\":\"https:\\\/\\\/zagrajwsztuke.pl\\\/aleksander-gierymski\\\/\",\"url\":\"https:\\\/\\\/zagrajwsztuke.pl\\\/aleksander-gierymski\\\/\",\"name\":\"Aleksander Gierymski - Galeria Marze\u0144 Aleksander Gierymski\",\"isPartOf\":{\"@id\":\"https:\\\/\\\/zagrajwsztuke.pl\\\/#website\"},\"primaryImageOfPage\":{\"@id\":\"https:\\\/\\\/zagrajwsztuke.pl\\\/aleksander-gierymski\\\/#primaryimage\"},\"image\":{\"@id\":\"https:\\\/\\\/zagrajwsztuke.pl\\\/aleksander-gierymski\\\/#primaryimage\"},\"thumbnailUrl\":\"https:\\\/\\\/zagrajwsztuke.pl\\\/wp-content\\\/uploads\\\/2020\\\/08\\\/1461px-Gierymski_Sand_miners.jpg\",\"datePublished\":\"2020-08-24T18:50:16+00:00\",\"dateModified\":\"2020-09-01T18:56:09+00:00\",\"author\":{\"@id\":\"https:\\\/\\\/zagrajwsztuke.pl\\\/#\\\/schema\\\/person\\\/c35c85467d4d3d214a2782a78eb91055\"},\"description\":\"Aleksander Gierymski (1850-1901) \u2013 kap\u0142an \u015bwiat\u0142a. Aleksander Gierymski - wybitny przedstawiciel realizmu, \u015bwietny kolorysta i luminista.\",\"breadcrumb\":{\"@id\":\"https:\\\/\\\/zagrajwsztuke.pl\\\/aleksander-gierymski\\\/#breadcrumb\"},\"inLanguage\":\"en-GB\",\"potentialAction\":[{\"@type\":\"ReadAction\",\"target\":[\"https:\\\/\\\/zagrajwsztuke.pl\\\/aleksander-gierymski\\\/\"]}]},{\"@type\":\"ImageObject\",\"inLanguage\":\"en-GB\",\"@id\":\"https:\\\/\\\/zagrajwsztuke.pl\\\/aleksander-gierymski\\\/#primaryimage\",\"url\":\"https:\\\/\\\/zagrajwsztuke.pl\\\/wp-content\\\/uploads\\\/2020\\\/08\\\/1461px-Gierymski_Sand_miners.jpg\",\"contentUrl\":\"https:\\\/\\\/zagrajwsztuke.pl\\\/wp-content\\\/uploads\\\/2020\\\/08\\\/1461px-Gierymski_Sand_miners.jpg\",\"width\":1461,\"height\":1080,\"caption\":\"Aleksander Gierymski\"},{\"@type\":\"BreadcrumbList\",\"@id\":\"https:\\\/\\\/zagrajwsztuke.pl\\\/aleksander-gierymski\\\/#breadcrumb\",\"itemListElement\":[{\"@type\":\"ListItem\",\"position\":1,\"name\":\"Strona g\u0142\u00f3wna\",\"item\":\"https:\\\/\\\/zagrajwsztuke.pl\\\/\"},{\"@type\":\"ListItem\",\"position\":2,\"name\":\"Aleksander Gierymski\"}]},{\"@type\":\"WebSite\",\"@id\":\"https:\\\/\\\/zagrajwsztuke.pl\\\/#website\",\"url\":\"https:\\\/\\\/zagrajwsztuke.pl\\\/\",\"name\":\"Galeria Marze\u0144\",\"description\":\"Zagraj w sztuk\u0119!\",\"potentialAction\":[{\"@type\":\"SearchAction\",\"target\":{\"@type\":\"EntryPoint\",\"urlTemplate\":\"https:\\\/\\\/zagrajwsztuke.pl\\\/?s={search_term_string}\"},\"query-input\":{\"@type\":\"PropertyValueSpecification\",\"valueRequired\":true,\"valueName\":\"search_term_string\"}}],\"inLanguage\":\"en-GB\"},{\"@type\":\"Person\",\"@id\":\"https:\\\/\\\/zagrajwsztuke.pl\\\/#\\\/schema\\\/person\\\/c35c85467d4d3d214a2782a78eb91055\",\"name\":\"Kulturopedia\",\"image\":{\"@type\":\"ImageObject\",\"inLanguage\":\"en-GB\",\"@id\":\"https:\\\/\\\/secure.gravatar.com\\\/avatar\\\/9838ac4e8915a32574d895f9bfa0750a5b5179663c0fd948cf422fbc90101041?s=96&d=mm&r=g\",\"url\":\"https:\\\/\\\/secure.gravatar.com\\\/avatar\\\/9838ac4e8915a32574d895f9bfa0750a5b5179663c0fd948cf422fbc90101041?s=96&d=mm&r=g\",\"contentUrl\":\"https:\\\/\\\/secure.gravatar.com\\\/avatar\\\/9838ac4e8915a32574d895f9bfa0750a5b5179663c0fd948cf422fbc90101041?s=96&d=mm&r=g\",\"caption\":\"Kulturopedia\"},\"url\":\"https:\\\/\\\/zagrajwsztuke.pl\\\/en\\\/author\\\/admin\\\/\"}]}<\/script>\n<!-- \/ Yoast SEO plugin. -->","yoast_head_json":{"title":"Aleksander Gierymski - Galeria Marze\u0144 Aleksander Gierymski","description":"Aleksander Gierymski (1850-1901) \u2013 kap\u0142an \u015bwiat\u0142a. Aleksander Gierymski - wybitny przedstawiciel realizmu, \u015bwietny kolorysta i luminista.","robots":{"index":"index","follow":"follow","max-snippet":"max-snippet:-1","max-image-preview":"max-image-preview:large","max-video-preview":"max-video-preview:-1"},"canonical":"https:\/\/zagrajwsztuke.pl\/en\/aleksander-gierymski\/","og_locale":"en_GB","og_type":"article","og_title":"Aleksander Gierymski - Galeria Marze\u0144 Aleksander Gierymski","og_description":"Aleksander Gierymski (1850-1901) \u2013 kap\u0142an \u015bwiat\u0142a. Aleksander Gierymski - wybitny przedstawiciel realizmu, \u015bwietny kolorysta i luminista.","og_url":"https:\/\/zagrajwsztuke.pl\/en\/aleksander-gierymski\/","og_site_name":"Galeria Marze\u0144","article_published_time":"2020-08-24T18:50:16+00:00","article_modified_time":"2020-09-01T18:56:09+00:00","og_image":[{"width":1461,"height":1080,"url":"https:\/\/zagrajwsztuke.pl\/wp-content\/uploads\/2020\/08\/1461px-Gierymski_Sand_miners.jpg","type":"image\/jpeg"}],"author":"Kulturopedia","twitter_card":"summary_large_image","twitter_misc":{"Written by":"Kulturopedia","Estimated reading time":"33 minutes"},"schema":{"@context":"https:\/\/schema.org","@graph":[{"@type":"Article","@id":"https:\/\/zagrajwsztuke.pl\/aleksander-gierymski\/#article","isPartOf":{"@id":"https:\/\/zagrajwsztuke.pl\/aleksander-gierymski\/"},"author":{"name":"Kulturopedia","@id":"https:\/\/zagrajwsztuke.pl\/#\/schema\/person\/c35c85467d4d3d214a2782a78eb91055"},"headline":"Aleksander Gierymski","datePublished":"2020-08-24T18:50:16+00:00","dateModified":"2020-09-01T18:56:09+00:00","mainEntityOfPage":{"@id":"https:\/\/zagrajwsztuke.pl\/aleksander-gierymski\/"},"wordCount":6518,"image":{"@id":"https:\/\/zagrajwsztuke.pl\/aleksander-gierymski\/#primaryimage"},"thumbnailUrl":"https:\/\/zagrajwsztuke.pl\/wp-content\/uploads\/2020\/08\/1461px-Gierymski_Sand_miners.jpg","keywords":["\u201ereporta\u017cowe\u201d sceny z \u017cycia","malarz architektury","obrazy niczym zdj\u0119cia","pejza\u017cysta","realistyczne","\u015bwietny kolorysta i luminista","wybitny przedstawiciel realizmu"],"articleSection":["Kolorysta","Luminista","Malarz architektury","Obrazy-fotografie","Pejza\u017cysta","Prekursor polskiego realizmu","Realistyczne, \u201ereporta\u017cowe\u201d sceny z \u017cycia"],"inLanguage":"en-GB"},{"@type":"WebPage","@id":"https:\/\/zagrajwsztuke.pl\/aleksander-gierymski\/","url":"https:\/\/zagrajwsztuke.pl\/aleksander-gierymski\/","name":"Aleksander Gierymski - Galeria Marze\u0144 Aleksander Gierymski","isPartOf":{"@id":"https:\/\/zagrajwsztuke.pl\/#website"},"primaryImageOfPage":{"@id":"https:\/\/zagrajwsztuke.pl\/aleksander-gierymski\/#primaryimage"},"image":{"@id":"https:\/\/zagrajwsztuke.pl\/aleksander-gierymski\/#primaryimage"},"thumbnailUrl":"https:\/\/zagrajwsztuke.pl\/wp-content\/uploads\/2020\/08\/1461px-Gierymski_Sand_miners.jpg","datePublished":"2020-08-24T18:50:16+00:00","dateModified":"2020-09-01T18:56:09+00:00","author":{"@id":"https:\/\/zagrajwsztuke.pl\/#\/schema\/person\/c35c85467d4d3d214a2782a78eb91055"},"description":"Aleksander Gierymski (1850-1901) \u2013 kap\u0142an \u015bwiat\u0142a. Aleksander Gierymski - wybitny przedstawiciel realizmu, \u015bwietny kolorysta i luminista.","breadcrumb":{"@id":"https:\/\/zagrajwsztuke.pl\/aleksander-gierymski\/#breadcrumb"},"inLanguage":"en-GB","potentialAction":[{"@type":"ReadAction","target":["https:\/\/zagrajwsztuke.pl\/aleksander-gierymski\/"]}]},{"@type":"ImageObject","inLanguage":"en-GB","@id":"https:\/\/zagrajwsztuke.pl\/aleksander-gierymski\/#primaryimage","url":"https:\/\/zagrajwsztuke.pl\/wp-content\/uploads\/2020\/08\/1461px-Gierymski_Sand_miners.jpg","contentUrl":"https:\/\/zagrajwsztuke.pl\/wp-content\/uploads\/2020\/08\/1461px-Gierymski_Sand_miners.jpg","width":1461,"height":1080,"caption":"Aleksander Gierymski"},{"@type":"BreadcrumbList","@id":"https:\/\/zagrajwsztuke.pl\/aleksander-gierymski\/#breadcrumb","itemListElement":[{"@type":"ListItem","position":1,"name":"Strona g\u0142\u00f3wna","item":"https:\/\/zagrajwsztuke.pl\/"},{"@type":"ListItem","position":2,"name":"Aleksander Gierymski"}]},{"@type":"WebSite","@id":"https:\/\/zagrajwsztuke.pl\/#website","url":"https:\/\/zagrajwsztuke.pl\/","name":"Dream Gallery","description":"PLAY A GAME!","potentialAction":[{"@type":"SearchAction","target":{"@type":"EntryPoint","urlTemplate":"https:\/\/zagrajwsztuke.pl\/?s={search_term_string}"},"query-input":{"@type":"PropertyValueSpecification","valueRequired":true,"valueName":"search_term_string"}}],"inLanguage":"en-GB"},{"@type":"Person","@id":"https:\/\/zagrajwsztuke.pl\/#\/schema\/person\/c35c85467d4d3d214a2782a78eb91055","name":"Culturopedia","image":{"@type":"ImageObject","inLanguage":"en-GB","@id":"https:\/\/secure.gravatar.com\/avatar\/9838ac4e8915a32574d895f9bfa0750a5b5179663c0fd948cf422fbc90101041?s=96&d=mm&r=g","url":"https:\/\/secure.gravatar.com\/avatar\/9838ac4e8915a32574d895f9bfa0750a5b5179663c0fd948cf422fbc90101041?s=96&d=mm&r=g","contentUrl":"https:\/\/secure.gravatar.com\/avatar\/9838ac4e8915a32574d895f9bfa0750a5b5179663c0fd948cf422fbc90101041?s=96&d=mm&r=g","caption":"Kulturopedia"},"url":"https:\/\/zagrajwsztuke.pl\/en\/author\/admin\/"}]}},"_links":{"self":[{"href":"https:\/\/zagrajwsztuke.pl\/en\/wp-json\/wp\/v2\/posts\/3475","targetHints":{"allow":["GET"]}}],"collection":[{"href":"https:\/\/zagrajwsztuke.pl\/en\/wp-json\/wp\/v2\/posts"}],"about":[{"href":"https:\/\/zagrajwsztuke.pl\/en\/wp-json\/wp\/v2\/types\/post"}],"author":[{"embeddable":true,"href":"https:\/\/zagrajwsztuke.pl\/en\/wp-json\/wp\/v2\/users\/1"}],"replies":[{"embeddable":true,"href":"https:\/\/zagrajwsztuke.pl\/en\/wp-json\/wp\/v2\/comments?post=3475"}],"version-history":[{"count":0,"href":"https:\/\/zagrajwsztuke.pl\/en\/wp-json\/wp\/v2\/posts\/3475\/revisions"}],"wp:featuredmedia":[{"embeddable":true,"href":"https:\/\/zagrajwsztuke.pl\/en\/wp-json\/wp\/v2\/media\/3480"}],"wp:attachment":[{"href":"https:\/\/zagrajwsztuke.pl\/en\/wp-json\/wp\/v2\/media?parent=3475"}],"wp:term":[{"taxonomy":"category","embeddable":true,"href":"https:\/\/zagrajwsztuke.pl\/en\/wp-json\/wp\/v2\/categories?post=3475"},{"taxonomy":"post_tag","embeddable":true,"href":"https:\/\/zagrajwsztuke.pl\/en\/wp-json\/wp\/v2\/tags?post=3475"}],"curies":[{"name":"wp","href":"https:\/\/api.w.org\/{rel}","templated":true}]}}