{"id":3391,"date":"2020-08-23T18:55:26","date_gmt":"2020-08-23T17:55:26","guid":{"rendered":"https:\/\/zagrajwsztuke.pl\/?p=3391"},"modified":"2020-09-01T20:16:48","modified_gmt":"2020-09-01T19:16:48","slug":"tadeusz-makowski","status":"publish","type":"post","link":"https:\/\/zagrajwsztuke.pl\/en\/tadeusz-makowski\/","title":{"rendered":"Tadeusz Makowski"},"content":{"rendered":"<p>[et_pb_section fb_built=&#8221;1&#8243; custom_padding_last_edited=&#8221;on|desktop&#8221; admin_label=&#8221;Header&#8221; _builder_version=&#8221;4.5.7&#8243; background_color_gradient_direction=&#8221;130deg&#8221; background_image=&#8221;https:\/\/zagrajwsztuke.pl\/wp-content\/uploads\/2020\/08\/Tadeusz-Makowski_July_14th_in_the_country.jpg&#8221; parallax=&#8221;on&#8221; custom_padding=&#8221;7vw||10vw||false|false&#8221; custom_padding_tablet=&#8221;100px||100px||true&#8221; custom_padding_phone=&#8221;||||true&#8221; bottom_divider_style=&#8221;ramp2&#8243; bottom_divider_color=&#8221;#ffffff&#8221; bottom_divider_height=&#8221;250px&#8221; bottom_divider_flip=&#8221;horizontal&#8221; bottom_divider_height_tablet=&#8221;150px&#8221; bottom_divider_height_phone=&#8221;110px&#8221; bottom_divider_height_last_edited=&#8221;on|phone&#8221; saved_tabs=&#8221;all&#8221;][et_pb_row _builder_version=&#8221;3.25&#8243;][et_pb_column type=&#8221;4_4&#8243; _builder_version=&#8221;3.25&#8243; custom_padding=&#8221;|||&#8221; custom_padding__hover=&#8221;|||&#8221;][et_pb_text _builder_version=&#8221;4.5.7&#8243; text_font=&#8221;Roboto||||||||&#8221; text_text_color=&#8221;#000000&#8243; text_font_size=&#8221;16px&#8221; text_line_height=&#8221;1.8em&#8221; header_font=&#8221;Roboto|700|||||||&#8221; header_text_align=&#8221;center&#8221; header_font_size=&#8221;80px&#8221; header_line_height=&#8221;1.2em&#8221; header_3_font=&#8221;Roboto|700||on|||||&#8221; header_3_text_align=&#8221;center&#8221; header_3_text_color=&#8221;#ffffff&#8221; header_3_font_size=&#8221;24px&#8221; header_3_letter_spacing=&#8221;10px&#8221; header_3_line_height=&#8221;2em&#8221; text_orientation=&#8221;center&#8221; background_layout=&#8221;dark&#8221; module_alignment=&#8221;center&#8221; text_font_size_last_edited=&#8221;off|desktop&#8221; header_font_size_tablet=&#8221;40px&#8221; header_font_size_phone=&#8221;32px&#8221; header_font_size_last_edited=&#8221;on|phone&#8221; header_3_font_size_tablet=&#8221;16px&#8221; header_3_font_size_phone=&#8221;14px&#8221; header_3_font_size_last_edited=&#8221;on|phone&#8221; header_3_letter_spacing_tablet=&#8221;5px&#8221; header_3_letter_spacing_phone=&#8221;&#8221; header_3_letter_spacing_last_edited=&#8221;on|tablet&#8221; text_text_shadow_style=&#8221;preset3&#8243; text_text_shadow_horizontal_length=&#8221;0.1em&#8221; text_text_shadow_vertical_length=&#8221;0.1em&#8221; text_text_shadow_color=&#8221;#000000&#8243;]<\/p>\n<h3><strong style=\"font-family: Roboto, Helvetica, Arial, Lucida, sans-serif;\">Wielcy Malarze<\/strong><\/h3>\n<h3><strong style=\"font-family: Roboto, Helvetica, Arial, Lucida, sans-serif; font-size: 80px; letter-spacing: 0.5px;\">Tadeusz Makowski <\/strong><\/h3>\n<h3><strong>\u2013 wiecznie poszukuj\u0105cy malarz poetyckich obraz\u00f3w<\/strong><\/h3>\n<p>[\/et_pb_text][\/et_pb_column][\/et_pb_row][\/et_pb_section][et_pb_section fb_built=&#8221;1&#8243; admin_label=&#8221;Get Started&#8221; _builder_version=&#8221;3.22.3&#8243; custom_padding=&#8221;0px||||false|false&#8221; saved_tabs=&#8221;all&#8221;][et_pb_row column_structure=&#8221;1_2,1_2&#8243; use_custom_gutter=&#8221;on&#8221; gutter_width=&#8221;2&#8243; _builder_version=&#8221;3.25.4&#8243; max_width=&#8221;1700px&#8221; custom_margin=&#8221;|||&#8221; custom_padding=&#8221;0px|||&#8221; use_custom_width=&#8221;on&#8221; custom_width_px=&#8221;1700px&#8221;][et_pb_column type=&#8221;1_2&#8243; _builder_version=&#8221;3.25&#8243; custom_padding=&#8221;|||&#8221; custom_padding__hover=&#8221;|||&#8221;][et_pb_image src=&#8221;https:\/\/zagrajwsztuke.pl\/wp-content\/uploads\/2020\/08\/838px-Autoportret_-_Tadeusz_Makowski.jpg&#8221; alt=&#8221;Tadeusz Makowski&#8221; title_text=&#8221;838px-Autoportret_-_Tadeusz_Makowski&#8221; align=&#8221;center&#8221; align_tablet=&#8221;center&#8221; align_phone=&#8221;&#8221; align_last_edited=&#8221;on|desktop&#8221; _builder_version=&#8221;4.5.7&#8243; max_width=&#8221;1100px&#8221; module_alignment=&#8221;center&#8221; custom_margin=&#8221;-8vw|||&#8221; custom_margin_tablet=&#8221;0vw|||&#8221; custom_margin_phone=&#8221;&#8221; custom_margin_last_edited=&#8221;on|tablet&#8221; animation_style=&#8221;roll&#8221; animation_direction=&#8221;left&#8221; animation_intensity_roll=&#8221;1%&#8221;][\/et_pb_image][et_pb_text _builder_version=&#8221;4.5.7&#8243; _module_preset=&#8221;default&#8221;]Autoportret (mi\u0119dzy 1917 a 1921), Wikipedia[\/et_pb_text][\/et_pb_column][et_pb_column type=&#8221;1_2&#8243; _builder_version=&#8221;3.25.4&#8243;][et_pb_text _builder_version=&#8221;4.5.7&#8243; text_font_size=&#8221;16px&#8221; text_line_height=&#8221;2em&#8221; header_2_font=&#8221;Roboto|700|||||||&#8221; header_2_font_size=&#8221;45px&#8221; header_2_line_height=&#8221;1.2em&#8221; max_width=&#8221;800px&#8221; max_width_last_edited=&#8221;off|desktop&#8221; module_alignment=&#8221;center&#8221; custom_margin=&#8221;|||&#8221; custom_padding=&#8221;|||&#8221; header_2_font_size_tablet=&#8221;35px&#8221; header_2_font_size_phone=&#8221;28px&#8221; header_2_font_size_last_edited=&#8221;on|desktop&#8221;]<\/p>\n<h2>Tadeusz Makowski (1882-1932)\u00a0<\/h2>\n<p>[\/et_pb_text][et_pb_divider _builder_version=&#8221;3.25.4&#8243;][\/et_pb_divider][et_pb_text _builder_version=&#8221;4.5.7&#8243; text_font_size=&#8221;20px&#8221; text_line_height=&#8221;2em&#8221; header_2_font=&#8221;Roboto|700|||||||&#8221; header_2_font_size=&#8221;45px&#8221; header_2_line_height=&#8221;1.2em&#8221; max_width=&#8221;800px&#8221; max_width_last_edited=&#8221;off|desktop&#8221; module_alignment=&#8221;center&#8221; custom_margin=&#8221;|||&#8221; custom_padding=&#8221;|||&#8221; header_2_font_size_tablet=&#8221;35px&#8221; header_2_font_size_phone=&#8221;28px&#8221; header_2_font_size_last_edited=&#8221;on|desktop&#8221;]<\/p>\n<p>Jego tw\u00f3rczo\u015b\u0107 jest doskonale odr\u0119bna i \u201eosobna\u201d zar\u00f3wno na tle polskiego malarstwa mi\u0119dzywojennego, jak i ca\u0142ej europejskiej sztuki wsp\u00f3\u0142czesnej. Jako obywatel dw\u00f3ch kultur (wychowany na sztuce ludowej i \u015bredniowiecznym Krakowie) z\u0142\u0105czy\u0142 s\u0142owia\u0144sk\u0105 uczuciowo\u015b\u0107 z do\u015bwiadczeniem francuskiego kubizmu. O sw\u00f3j odr\u0119bny styl walczy\u0142 przez lata, wytrwale i z pokor\u0105. M\u00f3wili o nim: \u201ewielki samotnik\u201d, \u201efanatyk sztuki i pracy\u201d \u2013 Tadeusz Makowski, urzekaj\u0105co skromny i dobry cz\u0142owiek, ca\u0142e \u017cycie podporz\u0105dkowa\u0142 malarstwu.<\/p>\n<p>[\/et_pb_text][et_pb_blurb title=&#8221;ILUSTRATOR&#8221; use_icon=&#8221;on&#8221; font_icon=&#8221;%%202%%&#8221; icon_color=&#8221;#6a9ae8&#8243; use_circle=&#8221;on&#8221; circle_color=&#8221;rgba(106,154,232,0.3)&#8221; use_icon_font_size=&#8221;on&#8221; _builder_version=&#8221;4.5.7&#8243; header_font=&#8221;Roboto|700|||||||&#8221; header_font_size=&#8221;18px&#8221; header_line_height=&#8221;1.7em&#8221; body_font=&#8221;||||||||&#8221; body_line_height=&#8221;1.8em&#8221; background_color=&#8221;#ffffff&#8221; text_orientation=&#8221;center&#8221; module_alignment=&#8221;left&#8221; custom_margin=&#8221;|||&#8221; custom_padding=&#8221;|||&#8221; custom_padding_tablet=&#8221;&#8221; custom_padding_phone=&#8221;&#8221; custom_padding_last_edited=&#8221;on|phone&#8221; animation_style=&#8221;zoom&#8221; animation_intensity_zoom=&#8221;8%&#8221; animation=&#8221;off&#8221; border_width_all_image=&#8221;50px&#8221;][\/et_pb_blurb][\/et_pb_column][\/et_pb_row][et_pb_row column_structure=&#8221;1_3,1_3,1_3&#8243; _builder_version=&#8221;4.5.7&#8243; _module_preset=&#8221;default&#8221;][et_pb_column type=&#8221;1_3&#8243; _builder_version=&#8221;4.5.7&#8243; _module_preset=&#8221;default&#8221;][et_pb_blurb title=&#8221;ZNAKOMITY KOLORYSTA&#8221; use_icon=&#8221;on&#8221; font_icon=&#8221;%%176%%&#8221; icon_color=&#8221;#6a9ae8&#8243; use_circle=&#8221;on&#8221; circle_color=&#8221;rgba(106,154,232,0.3)&#8221; use_icon_font_size=&#8221;on&#8221; _builder_version=&#8221;4.5.7&#8243; header_font=&#8221;Roboto|700|||||||&#8221; header_font_size=&#8221;18px&#8221; header_line_height=&#8221;1.7em&#8221; body_font=&#8221;||||||||&#8221; body_line_height=&#8221;1.8em&#8221; background_color=&#8221;#ffffff&#8221; text_orientation=&#8221;center&#8221; module_alignment=&#8221;left&#8221; custom_margin=&#8221;|||&#8221; custom_padding=&#8221;|||&#8221; custom_padding_tablet=&#8221;&#8221; custom_padding_phone=&#8221;&#8221; custom_padding_last_edited=&#8221;on|phone&#8221; animation_style=&#8221;zoom&#8221; animation_intensity_zoom=&#8221;8%&#8221; animation=&#8221;off&#8221; border_width_all_image=&#8221;50px&#8221;][\/et_pb_blurb][\/et_pb_column][et_pb_column type=&#8221;1_3&#8243; _builder_version=&#8221;4.5.7&#8243; _module_preset=&#8221;default&#8221;][et_pb_blurb title=&#8221;OBRAZY NICZYM ILUSTRACJE BA\u015aNI&#8221; use_icon=&#8221;on&#8221; font_icon=&#8221;%%74%%&#8221; icon_color=&#8221;#6a9ae8&#8243; use_circle=&#8221;on&#8221; circle_color=&#8221;rgba(106,154,232,0.3)&#8221; use_icon_font_size=&#8221;on&#8221; _builder_version=&#8221;4.5.7&#8243; header_font=&#8221;Roboto|700|||||||&#8221; header_font_size=&#8221;18px&#8221; header_line_height=&#8221;1.7em&#8221; body_font=&#8221;||||||||&#8221; body_line_height=&#8221;1.8em&#8221; background_color=&#8221;#ffffff&#8221; text_orientation=&#8221;center&#8221; module_alignment=&#8221;left&#8221; custom_margin=&#8221;|||&#8221; custom_padding=&#8221;|||&#8221; custom_padding_tablet=&#8221;&#8221; custom_padding_phone=&#8221;&#8221; custom_padding_last_edited=&#8221;on|phone&#8221; animation_style=&#8221;zoom&#8221; animation_intensity_zoom=&#8221;8%&#8221; animation=&#8221;off&#8221; border_width_all_image=&#8221;50px&#8221;][\/et_pb_blurb][\/et_pb_column][et_pb_column type=&#8221;1_3&#8243; _builder_version=&#8221;4.5.7&#8243; _module_preset=&#8221;default&#8221;][et_pb_blurb title=&#8221;MOTYW POSTACI-KUK\u0141Y&#8221; use_icon=&#8221;on&#8221; font_icon=&#8221;%%100%%&#8221; icon_color=&#8221;#6a9ae8&#8243; use_circle=&#8221;on&#8221; circle_color=&#8221;rgba(106,154,232,0.3)&#8221; use_icon_font_size=&#8221;on&#8221; _builder_version=&#8221;4.5.7&#8243; header_font=&#8221;Roboto|700|||||||&#8221; header_font_size=&#8221;18px&#8221; header_line_height=&#8221;1.7em&#8221; body_font=&#8221;||||||||&#8221; body_line_height=&#8221;1.8em&#8221; background_color=&#8221;#ffffff&#8221; text_orientation=&#8221;center&#8221; module_alignment=&#8221;left&#8221; custom_margin=&#8221;|||&#8221; custom_padding=&#8221;|||&#8221; custom_padding_tablet=&#8221;&#8221; custom_padding_phone=&#8221;&#8221; custom_padding_last_edited=&#8221;on|phone&#8221; animation_style=&#8221;zoom&#8221; animation_intensity_zoom=&#8221;8%&#8221; animation=&#8221;off&#8221; border_width_all_image=&#8221;50px&#8221;][\/et_pb_blurb][\/et_pb_column][\/et_pb_row][et_pb_row column_structure=&#8221;2_5,3_5&#8243; _builder_version=&#8221;3.25&#8243; background_size=&#8221;initial&#8221; background_position=&#8221;top_left&#8221; background_repeat=&#8221;repeat&#8221;][et_pb_column type=&#8221;2_5&#8243; _builder_version=&#8221;3.25&#8243; custom_padding=&#8221;|||&#8221; custom_padding__hover=&#8221;|||&#8221;][et_pb_text _builder_version=&#8221;4.5.7&#8243; text_font_size=&#8221;16px&#8221; text_line_height=&#8221;2em&#8221; header_2_font=&#8221;Roboto|700|||||||&#8221; header_2_font_size=&#8221;45px&#8221; header_2_line_height=&#8221;1.2em&#8221; max_width=&#8221;800px&#8221; max_width_last_edited=&#8221;off|desktop&#8221; module_alignment=&#8221;center&#8221; custom_margin=&#8221;|||&#8221; custom_padding=&#8221;|||&#8221; header_2_font_size_tablet=&#8221;35px&#8221; header_2_font_size_phone=&#8221;28px&#8221; header_2_font_size_last_edited=&#8221;on|desktop&#8221;]<\/p>\n<h2><strong>Tadeusz Makowski<\/strong><\/h2>\n<p>[\/et_pb_text][et_pb_divider _builder_version=&#8221;3.25.4&#8243;][\/et_pb_divider][et_pb_blurb title=&#8221;1882&#8243; use_icon=&#8221;on&#8221; font_icon=&#8221;%%169%%&#8221; icon_color=&#8221;#6a9ae8&#8243; use_icon_font_size=&#8221;on&#8221; _builder_version=&#8221;4.5.7&#8243; header_font=&#8221;Roboto|700|||||||&#8221; header_font_size=&#8221;30px&#8221; header_line_height=&#8221;1.7em&#8221; body_font=&#8221;||||||||&#8221; body_font_size=&#8221;18px&#8221; body_line_height=&#8221;1.8em&#8221; background_color=&#8221;#ffffff&#8221; text_orientation=&#8221;center&#8221; module_alignment=&#8221;left&#8221; custom_margin=&#8221;|||&#8221; custom_padding=&#8221;|||&#8221; custom_padding_tablet=&#8221;&#8221; custom_padding_phone=&#8221;&#8221; custom_padding_last_edited=&#8221;on|phone&#8221; animation_style=&#8221;zoom&#8221; animation_intensity_zoom=&#8221;8%&#8221; animation=&#8221;off&#8221; border_width_all_image=&#8221;50px&#8221;]<\/p>\n<p>(29 stycznia) urodzi\u0142 si\u0119 w O\u015bwi\u0119cimiu Tadeusz Makowski, syn Stanis\u0142awa (urz\u0119dnik kolejowy) i Petroneli.<\/p>\n<p>[\/et_pb_blurb][et_pb_blurb title=&#8221;1890&#8243; _builder_version=&#8221;4.5.7&#8243; header_font=&#8221;Roboto|700|||||||&#8221; header_font_size=&#8221;30px&#8221; header_line_height=&#8221;1.7em&#8221; body_font=&#8221;||||||||&#8221; body_font_size=&#8221;18px&#8221; body_line_height=&#8221;1.8em&#8221; background_color=&#8221;#ffffff&#8221; text_orientation=&#8221;center&#8221; module_alignment=&#8221;left&#8221; custom_margin=&#8221;|||&#8221; custom_padding=&#8221;|||&#8221; custom_padding_tablet=&#8221;&#8221; custom_padding_phone=&#8221;&#8221; custom_padding_last_edited=&#8221;on|phone&#8221; animation_style=&#8221;zoom&#8221; animation_intensity_zoom=&#8221;8%&#8221; animation=&#8221;off&#8221; border_width_all_image=&#8221;50px&#8221;]<\/p>\n<p>uleg\u0142 poparzeniu \u2013 unieruchomiony przez chorob\u0119 w domu, zacz\u0105\u0142 rysowa\u0107 i sta\u0142o si\u0119 to jego ulubion\u0105 rozrywk\u0105 (w rodzinie nie by\u0142o dot\u0105d \u017cadnych artystycznych tradycji). W szkole powszechnej wykazywa\u0142 r\u00f3wnie\u017c zdolno\u015bci do matematyki, z czym jego praktyczny ojciec wi\u0105za\u0142 nadzieje na przysz\u0142o\u015b\u0107. Konieczno\u015b\u0107 dalszej edukacji syna sk\u0142oni\u0142a rodzin\u0119 do przeprowadzki.<\/p>\n<p>[\/et_pb_blurb][et_pb_blurb title=&#8221;1894&#8243; use_icon=&#8221;on&#8221; font_icon=&#8221;%%72%%&#8221; icon_color=&#8221;#6a9ae8&#8243; use_icon_font_size=&#8221;on&#8221; _builder_version=&#8221;4.5.7&#8243; header_font=&#8221;Roboto|700|||||||&#8221; header_font_size=&#8221;30px&#8221; header_line_height=&#8221;1.7em&#8221; body_font=&#8221;||||||||&#8221; body_font_size=&#8221;18px&#8221; body_line_height=&#8221;1.8em&#8221; background_color=&#8221;#ffffff&#8221; text_orientation=&#8221;center&#8221; module_alignment=&#8221;left&#8221; custom_margin=&#8221;|||&#8221; custom_padding=&#8221;|||&#8221; custom_padding_tablet=&#8221;&#8221; custom_padding_phone=&#8221;&#8221; custom_padding_last_edited=&#8221;on|phone&#8221; animation_style=&#8221;zoom&#8221; animation_intensity_zoom=&#8221;8%&#8221; animation=&#8221;off&#8221; border_width_all_image=&#8221;50px&#8221;]<\/p>\n<p>ojciec otworzy\u0142 na rogu Dominika\u0144skiej i Grodzkiej w Krakowie kawiarni\u0119, kt\u00f3ra sta\u0142a si\u0119 \u017ar\u00f3d\u0142em ich utrzymania, za\u015b Tadeusz Makowski rozpocz\u0105\u0142 nauk\u0119 w krakowskim Gimnazjum \u015bw. Anny<\/p>\n<p>[\/et_pb_blurb][et_pb_blurb title=&#8221;1902&#8243; _builder_version=&#8221;4.5.7&#8243; header_font=&#8221;Roboto|700|||||||&#8221; header_font_size=&#8221;30px&#8221; header_line_height=&#8221;1.7em&#8221; body_font=&#8221;||||||||&#8221; body_font_size=&#8221;18px&#8221; body_line_height=&#8221;1.8em&#8221; background_color=&#8221;#ffffff&#8221; text_orientation=&#8221;center&#8221; module_alignment=&#8221;left&#8221; custom_margin=&#8221;|||&#8221; custom_padding=&#8221;|||&#8221; custom_padding_tablet=&#8221;&#8221; custom_padding_phone=&#8221;&#8221; custom_padding_last_edited=&#8221;on|phone&#8221; animation_style=&#8221;zoom&#8221; animation_intensity_zoom=&#8221;8%&#8221; animation=&#8221;off&#8221; border_width_all_image=&#8221;50px&#8221;]<\/p>\n<p>wst\u0105pi\u0142 na wydzia\u0142 filozoficzny Uniwersytetu Jagiello\u0144skiego (wbrew marzeniom ojca, humanistyczne gimnazjum utwierdzi\u0142o ch\u0142opca w zainteresowaniach literatur\u0105 i sztuk\u0105)<\/p>\n<p>[\/et_pb_blurb][et_pb_blurb title=&#8221;1903&#8243; _builder_version=&#8221;4.5.7&#8243; header_font=&#8221;Roboto|700|||||||&#8221; header_font_size=&#8221;30px&#8221; header_line_height=&#8221;1.7em&#8221; body_font=&#8221;||||||||&#8221; body_font_size=&#8221;18px&#8221; body_line_height=&#8221;1.8em&#8221; background_color=&#8221;#ffffff&#8221; text_orientation=&#8221;center&#8221; module_alignment=&#8221;left&#8221; custom_margin=&#8221;|||&#8221; custom_padding=&#8221;|||&#8221; custom_padding_tablet=&#8221;&#8221; custom_padding_phone=&#8221;&#8221; custom_padding_last_edited=&#8221;on|phone&#8221; animation_style=&#8221;zoom&#8221; animation_intensity_zoom=&#8221;8%&#8221; animation=&#8221;off&#8221; border_width_all_image=&#8221;50px&#8221;]<\/p>\n<p>rozpocz\u0105\u0142 r\u00f3wnoleg\u0142e studia w Akademii Sztuk Pi\u0119knych w Krakowie u <u>J\u00f3zefa Mehoffera<\/u> i J. Stanis\u0142awskiego, nadal kontynuuj\u0105c przez 4 lata studia uniwersyteckie, czego efektem by\u0142a wyr\u00f3\u017cniaj\u0105ca go w\u015br\u00f3d r\u00f3wie\u015bnik\u00f3w erudycja. Podczas studi\u00f3w Tadeusz Makowski bra\u0142 udzia\u0142 w przygotowaniu spektakli do kabaretu literackiego <em>\u201eZielony Balonik\u201d<\/em>, projektuje kukie\u0142ki do szopek.<\/p>\n<p>[\/et_pb_blurb][et_pb_blurb title=&#8221;1908&#8243; _builder_version=&#8221;4.5.7&#8243; header_font=&#8221;Roboto|700|||||||&#8221; header_font_size=&#8221;30px&#8221; header_line_height=&#8221;1.7em&#8221; body_font=&#8221;||||||||&#8221; body_font_size=&#8221;18px&#8221; body_line_height=&#8221;1.8em&#8221; background_color=&#8221;#ffffff&#8221; text_orientation=&#8221;center&#8221; module_alignment=&#8221;left&#8221; custom_margin=&#8221;|||&#8221; custom_padding=&#8221;|||&#8221; custom_padding_tablet=&#8221;&#8221; custom_padding_phone=&#8221;&#8221; custom_padding_last_edited=&#8221;on|phone&#8221; animation_style=&#8221;zoom&#8221; animation_intensity_zoom=&#8221;8%&#8221; animation=&#8221;off&#8221; border_width_all_image=&#8221;50px&#8221;]<\/p>\n<p>uko\u0144czy\u0142 ze srebrnym medalem studia na ASP i wyjecha\u0142 do Pary\u017ca \u00a0<\/p>\n<p>[\/et_pb_blurb][et_pb_blurb title=&#8221;1911&#8243; _builder_version=&#8221;4.5.7&#8243; header_font=&#8221;Roboto|700|||||||&#8221; header_font_size=&#8221;30px&#8221; header_line_height=&#8221;1.7em&#8221; body_font=&#8221;||||||||&#8221; body_font_size=&#8221;18px&#8221; body_line_height=&#8221;1.8em&#8221; background_color=&#8221;#ffffff&#8221; text_orientation=&#8221;center&#8221; module_alignment=&#8221;left&#8221; custom_margin=&#8221;|||&#8221; custom_padding=&#8221;|||&#8221; custom_padding_tablet=&#8221;&#8221; custom_padding_phone=&#8221;&#8221; custom_padding_last_edited=&#8221;on|phone&#8221; animation_style=&#8221;zoom&#8221; animation_intensity_zoom=&#8221;8%&#8221; animation=&#8221;off&#8221; border_width_all_image=&#8221;50px&#8221;]<\/p>\n<p>nawi\u0105za\u0142 przyja\u017a\u0144 z La Fauconierem i grup\u0105 kubist\u00f3w z Montparnasse<\/p>\n<p>[\/et_pb_blurb][et_pb_blurb title=&#8221;1913&#8243; _builder_version=&#8221;4.5.7&#8243; header_font=&#8221;Roboto|700|||||||&#8221; header_font_size=&#8221;30px&#8221; header_line_height=&#8221;1.7em&#8221; body_font=&#8221;||||||||&#8221; body_font_size=&#8221;18px&#8221; body_line_height=&#8221;1.8em&#8221; background_color=&#8221;#ffffff&#8221; text_orientation=&#8221;center&#8221; module_alignment=&#8221;left&#8221; custom_margin=&#8221;|||&#8221; custom_padding=&#8221;|||&#8221; custom_padding_tablet=&#8221;&#8221; custom_padding_phone=&#8221;&#8221; custom_padding_last_edited=&#8221;on|phone&#8221; animation_style=&#8221;zoom&#8221; animation_intensity_zoom=&#8221;8%&#8221; animation=&#8221;off&#8221; border_width_all_image=&#8221;50px&#8221;]<\/p>\n<p>wystawi\u0142 kubistyczne obrazy w Salonie Niezale\u017cnych i zacz\u0105\u0142 prowadzi\u0107 dziennik, z kt\u00f3rego zapisy \u015bwiadcz\u0105 o powa\u017cnym, niemal religijnym traktowaniu malarskiego powo\u0142ania, a tak\u017ce niebywa\u0142ej skromno\u015bci Tadeusza Makowskiego. Nie za\u0142o\u017cy\u0142 rodziny, jednak coraz istotniejsz\u0105 rol\u0119 w jego \u017cyciu zacz\u0119\u0142a odgrywa\u0107 przyja\u017a\u0144<\/p>\n<p>[\/et_pb_blurb][et_pb_blurb title=&#8221;1914&#8243; use_icon=&#8221;on&#8221; font_icon=&#8221;%%82%%&#8221; icon_color=&#8221;#6a9ae8&#8243; use_icon_font_size=&#8221;on&#8221; _builder_version=&#8221;4.5.7&#8243; header_font=&#8221;Roboto|700|||||||&#8221; header_font_size=&#8221;30px&#8221; header_line_height=&#8221;1.7em&#8221; body_font=&#8221;||||||||&#8221; body_font_size=&#8221;18px&#8221; body_line_height=&#8221;1.8em&#8221; background_color=&#8221;#ffffff&#8221; text_orientation=&#8221;center&#8221; module_alignment=&#8221;left&#8221; custom_margin=&#8221;|||&#8221; custom_padding=&#8221;|||&#8221; custom_padding_tablet=&#8221;&#8221; custom_padding_phone=&#8221;&#8221; custom_padding_last_edited=&#8221;on|phone&#8221; animation_style=&#8221;zoom&#8221; animation_intensity_zoom=&#8221;8%&#8221; animation=&#8221;off&#8221; border_width_all_image=&#8221;50px&#8221;]wybuch I wojny \u015bwiatowej sprawi\u0142, \u017ce Tadeusz Makowski (formalno-prawnie austriacki imigrant) nie m\u00f3g\u0142 pozosta\u0107 w Pary\u017cu. Korzystaj\u0105c z zaproszenia przyjaciela W\u0142adys\u0142awa \u015alewi\u0144skiego, wyruszy\u0142 do Bretanii[\/et_pb_blurb][et_pb_image src=&#8221;https:\/\/zagrajwsztuke.pl\/wp-content\/uploads\/2020\/08\/Makowski_Shoemaker.jpg&#8221; title_text=&#8221;Makowski_Shoemaker&#8221; _builder_version=&#8221;4.5.7&#8243; _module_preset=&#8221;default&#8221;][\/et_pb_image][et_pb_text _builder_version=&#8221;4.5.7&#8243; _module_preset=&#8221;default&#8221;]Szewc (1930), Muzeum Narodowe w Warszawie, Wikipedia[\/et_pb_text][\/et_pb_column][et_pb_column type=&#8221;3_5&#8243; _builder_version=&#8221;3.25&#8243; custom_padding=&#8221;|||&#8221; custom_padding__hover=&#8221;|||&#8221;][et_pb_image src=&#8221;https:\/\/zagrajwsztuke.pl\/wp-content\/uploads\/2020\/08\/Tadeusz-Makowski-Pod_drogowskazemOk._1930.jpg&#8221; alt=&#8221;Tadeusz Makowski&#8221; title_text=&#8221;Tadeusz-Makowski-Pod_drogowskazemOk._1930&#8243; align=&#8221;right&#8221; force_fullwidth=&#8221;on&#8221; align_tablet=&#8221;center&#8221; align_phone=&#8221;&#8221; align_last_edited=&#8221;on|desktop&#8221; _builder_version=&#8221;4.5.7&#8243; custom_margin=&#8221;||-10%|&#8221; animation_style=&#8221;roll&#8221; animation_direction=&#8221;left&#8221; animation_intensity_roll=&#8221;4%&#8221;][\/et_pb_image][et_pb_divider show_divider=&#8221;off&#8221; _builder_version=&#8221;4.5.7&#8243; _module_preset=&#8221;default&#8221;][\/et_pb_divider][et_pb_divider show_divider=&#8221;off&#8221; _builder_version=&#8221;4.5.7&#8243; _module_preset=&#8221;default&#8221;][\/et_pb_divider][et_pb_divider show_divider=&#8221;off&#8221; _builder_version=&#8221;4.5.7&#8243; _module_preset=&#8221;default&#8221;][\/et_pb_divider][et_pb_divider show_divider=&#8221;off&#8221; _builder_version=&#8221;4.5.7&#8243; _module_preset=&#8221;default&#8221;][\/et_pb_divider][et_pb_text _builder_version=&#8221;4.5.7&#8243; _module_preset=&#8221;default&#8221;]Troje dzieci pod drogowskazem (1930), Muzeum \u015al\u0105skie w Katowicach, Wikipedia[\/et_pb_text][et_pb_divider show_divider=&#8221;off&#8221; _builder_version=&#8221;4.5.7&#8243; _module_preset=&#8221;default&#8221;][\/et_pb_divider][et_pb_divider show_divider=&#8221;off&#8221; _builder_version=&#8221;4.5.7&#8243; _module_preset=&#8221;default&#8221;][\/et_pb_divider][et_pb_blurb title=&#8221;1923&#8243; _builder_version=&#8221;4.5.7&#8243; header_font=&#8221;Roboto|700|||||||&#8221; header_font_size=&#8221;30px&#8221; header_line_height=&#8221;1.7em&#8221; body_font=&#8221;||||||||&#8221; body_font_size=&#8221;18px&#8221; body_line_height=&#8221;1.8em&#8221; background_color=&#8221;#ffffff&#8221; text_orientation=&#8221;center&#8221; module_alignment=&#8221;left&#8221; custom_margin=&#8221;|||&#8221; custom_padding=&#8221;|||&#8221; custom_padding_tablet=&#8221;&#8221; custom_padding_phone=&#8221;&#8221; custom_padding_last_edited=&#8221;on|phone&#8221; animation_style=&#8221;zoom&#8221; animation_intensity_zoom=&#8221;8%&#8221; animation=&#8221;off&#8221; border_width_all_image=&#8221;50px&#8221;]<\/p>\n<p>wszed\u0142 w sk\u0142ad mi\u0119dzynarodowej grupy malarskiej m. in. z Marcelem Gromairem (1892-1971), Julesem Pascinem (1893-1930) i Perem Krohgiem (1889-1965)<\/p>\n<p>[\/et_pb_blurb][et_pb_blurb title=&#8221;1925&#8243; use_icon=&#8221;on&#8221; font_icon=&#8221;%%135%%&#8221; icon_color=&#8221;#6a9ae8&#8243; use_icon_font_size=&#8221;on&#8221; _builder_version=&#8221;4.5.7&#8243; header_font=&#8221;Roboto|700|||||||&#8221; header_font_size=&#8221;30px&#8221; header_line_height=&#8221;1.7em&#8221; body_font=&#8221;||||||||&#8221; body_font_size=&#8221;18px&#8221; body_line_height=&#8221;1.8em&#8221; background_color=&#8221;#ffffff&#8221; text_orientation=&#8221;center&#8221; module_alignment=&#8221;left&#8221; custom_margin=&#8221;|||&#8221; custom_padding=&#8221;|||&#8221; custom_padding_tablet=&#8221;&#8221; custom_padding_phone=&#8221;&#8221; custom_padding_last_edited=&#8221;on|phone&#8221; animation_style=&#8221;zoom&#8221; animation_intensity_zoom=&#8221;8%&#8221; animation=&#8221;off&#8221; border_width_all_image=&#8221;50px&#8221;]<\/p>\n<p>zilustrowa\u0142 \u201e<em>Pastora\u0142ki\u201d<\/em> Tytusa Czy\u017cewskiego<\/p>\n<p>[\/et_pb_blurb][et_pb_blurb title=&#8221;1927&#8243; use_icon=&#8221;on&#8221; font_icon=&#8221;%%122%%&#8221; icon_color=&#8221;#6a9ae8&#8243; use_icon_font_size=&#8221;on&#8221; _builder_version=&#8221;4.5.7&#8243; header_font=&#8221;Roboto|700|||||||&#8221; header_font_size=&#8221;30px&#8221; header_line_height=&#8221;1.7em&#8221; body_font=&#8221;||||||||&#8221; body_font_size=&#8221;18px&#8221; body_line_height=&#8221;1.8em&#8221; background_color=&#8221;#ffffff&#8221; text_orientation=&#8221;center&#8221; module_alignment=&#8221;left&#8221; custom_margin=&#8221;|||&#8221; custom_padding=&#8221;|||&#8221; custom_padding_tablet=&#8221;&#8221; custom_padding_phone=&#8221;&#8221; custom_padding_last_edited=&#8221;on|phone&#8221; animation_style=&#8221;zoom&#8221; animation_intensity_zoom=&#8221;8%&#8221; animation=&#8221;off&#8221; border_width_all_image=&#8221;50px&#8221;]<\/p>\n<p>namalowa\u0142 <em>\u201ePowr\u00f3t ze szko\u0142y\u201d<\/em>, gdzie po raz pierwszy przybra\u0142 dzieci\u0119ce sylwetki w tr\u00f3jk\u0105tne czapki, b\u0119d\u0105ce odt\u0105d \u201eznakiem rozpoznawczym\u201d jego malarstwa. W tym te\u017c roku mia\u0142a miejsce pierwsza indywidualna wystawa Tadeusza Makowskiego w Galerii Berty Weill<\/p>\n<p>[\/et_pb_blurb][et_pb_image src=&#8221;https:\/\/zagrajwsztuke.pl\/wp-content\/uploads\/2020\/08\/Tadeusz-makowskiPalacze_fajek.jpg&#8221; alt=&#8221;Tadeusz Makowski&#8221; title_text=&#8221;Tadeusz-makowskiPalacze_fajek&#8221; align=&#8221;right&#8221; force_fullwidth=&#8221;on&#8221; align_tablet=&#8221;center&#8221; align_phone=&#8221;&#8221; align_last_edited=&#8221;on|desktop&#8221; _builder_version=&#8221;4.5.7&#8243; custom_margin=&#8221;||-10%|&#8221; animation_style=&#8221;roll&#8221; animation_direction=&#8221;left&#8221; animation_intensity_roll=&#8221;4%&#8221;][\/et_pb_image][et_pb_divider show_divider=&#8221;off&#8221; _builder_version=&#8221;4.5.7&#8243; _module_preset=&#8221;default&#8221;][\/et_pb_divider][et_pb_divider show_divider=&#8221;off&#8221; _builder_version=&#8221;4.5.7&#8243; _module_preset=&#8221;default&#8221;][\/et_pb_divider][et_pb_divider show_divider=&#8221;off&#8221; _builder_version=&#8221;4.5.7&#8243; _module_preset=&#8221;default&#8221;][\/et_pb_divider][et_pb_divider show_divider=&#8221;off&#8221; _builder_version=&#8221;4.5.7&#8243; _module_preset=&#8221;default&#8221;][\/et_pb_divider][et_pb_text _builder_version=&#8221;4.5.7&#8243; _module_preset=&#8221;default&#8221;]Palacze fajek (1931), Muzeum Narodowe we Wroc\u0142awiu, Wikipedia[\/et_pb_text][et_pb_blurb title=&#8221;1928&#8243; _builder_version=&#8221;4.5.7&#8243; header_font=&#8221;Roboto|700|||||||&#8221; header_font_size=&#8221;30px&#8221; header_line_height=&#8221;1.7em&#8221; body_font=&#8221;||||||||&#8221; body_font_size=&#8221;18px&#8221; body_line_height=&#8221;1.8em&#8221; background_color=&#8221;#ffffff&#8221; text_orientation=&#8221;center&#8221; module_alignment=&#8221;left&#8221; custom_margin=&#8221;|||&#8221; custom_padding=&#8221;|||&#8221; custom_padding_tablet=&#8221;&#8221; custom_padding_phone=&#8221;&#8221; custom_padding_last_edited=&#8221;on|phone&#8221; animation_style=&#8221;zoom&#8221; animation_intensity_zoom=&#8221;8%&#8221; animation=&#8221;off&#8221; border_width_all_image=&#8221;50px&#8221;]<\/p>\n<p>druga wystawa u Berty Weill przynios\u0142a mu sukces i przes\u0105dzi\u0142a o jego pozycji w \u015brodowisku<\/p>\n<p>[\/et_pb_blurb][et_pb_image src=&#8221;https:\/\/zagrajwsztuke.pl\/wp-content\/uploads\/2020\/08\/Tadeusz-Makowski_Bridge_over_the_Seine.jpg&#8221; alt=&#8221;Tadeusz Makowski&#8221; title_text=&#8221;Tadeusz-Makowski_Bridge_over_the_Seine&#8221; align=&#8221;right&#8221; force_fullwidth=&#8221;on&#8221; align_tablet=&#8221;center&#8221; align_phone=&#8221;&#8221; align_last_edited=&#8221;on|desktop&#8221; _builder_version=&#8221;4.5.7&#8243; custom_margin=&#8221;||-10%|&#8221; animation_style=&#8221;roll&#8221; animation_direction=&#8221;left&#8221; animation_intensity_roll=&#8221;4%&#8221;][\/et_pb_image][et_pb_divider show_divider=&#8221;off&#8221; _builder_version=&#8221;4.5.7&#8243; _module_preset=&#8221;default&#8221;][\/et_pb_divider][et_pb_divider show_divider=&#8221;off&#8221; _builder_version=&#8221;4.5.7&#8243; _module_preset=&#8221;default&#8221;][\/et_pb_divider][et_pb_divider show_divider=&#8221;off&#8221; _builder_version=&#8221;4.5.7&#8243; _module_preset=&#8221;default&#8221;][\/et_pb_divider][et_pb_text _builder_version=&#8221;4.5.7&#8243; _module_preset=&#8221;default&#8221;]Most na Sekwanie (ok. 1913), Muzeum Narodowe w Warszawie, Wikipedia[\/et_pb_text][et_pb_blurb title=&#8221;1930&#8243; _builder_version=&#8221;4.5.7&#8243; header_font=&#8221;Roboto|700|||||||&#8221; header_font_size=&#8221;30px&#8221; header_line_height=&#8221;1.7em&#8221; body_font=&#8221;||||||||&#8221; body_font_size=&#8221;18px&#8221; body_line_height=&#8221;1.8em&#8221; background_color=&#8221;#ffffff&#8221; text_orientation=&#8221;center&#8221; module_alignment=&#8221;left&#8221; custom_margin=&#8221;|||&#8221; custom_padding=&#8221;|||&#8221; custom_padding_tablet=&#8221;&#8221; custom_padding_phone=&#8221;&#8221; custom_padding_last_edited=&#8221;on|phone&#8221; animation_style=&#8221;zoom&#8221; animation_intensity_zoom=&#8221;8%&#8221; animation=&#8221;off&#8221; border_width_all_image=&#8221;50px&#8221;]<\/p>\n<p>rozpocz\u0105\u0142 cykl obraz\u00f3w: <em>\u201eSzewc\u201d, \u201eStrzelec\u201d, \u201eRybak\u201d<\/em><\/p>\n<p>[\/et_pb_blurb][et_pb_blurb title=&#8221;1932&#8243; _builder_version=&#8221;4.5.7&#8243; header_font=&#8221;Roboto|700|||||||&#8221; header_font_size=&#8221;30px&#8221; header_line_height=&#8221;1.7em&#8221; body_font=&#8221;||||||||&#8221; body_font_size=&#8221;18px&#8221; body_line_height=&#8221;1.8em&#8221; background_color=&#8221;#ffffff&#8221; text_orientation=&#8221;center&#8221; module_alignment=&#8221;left&#8221; custom_margin=&#8221;|||&#8221; custom_padding=&#8221;|||&#8221; custom_padding_tablet=&#8221;&#8221; custom_padding_phone=&#8221;&#8221; custom_padding_last_edited=&#8221;on|phone&#8221; animation_style=&#8221;zoom&#8221; animation_intensity_zoom=&#8221;8%&#8221; animation=&#8221;off&#8221; border_width_all_image=&#8221;50px&#8221;]<\/p>\n<p>1 listopada Tadeusz Makowski zmar\u0142 w szpitalu Hotel Dieu w Pary\u017cu na wylew krwi do m\u00f3zgu. Nag\u0142a i niespodziewana \u015bmier\u0107 malarza w wieku 50 lat, u progu kariery, by\u0142a szokiem dla przyjaci\u00f3\u0142. Dominowa\u0142o wra\u017cenie niesprawiedliwo\u015bci, dysproporcji mi\u0119dzy rzeczywist\u0105 warto\u015bci\u0105 dzie\u0142a cichego artysty, a znikomym uznaniem i brakiem rozg\u0142osu. Spontanicznie zawi\u0105zuje si\u0119 \u201eTowarzystwo Przyjaci\u00f3\u0142 Tadeusza Makowskiego\u201d, z M. Gromairem i krytykiem L.L. Martinem na czele. Jego celem statutowym by\u0142o: \u201ezrobi\u0107 wszystko, co mo\u017cliwe, aby da\u0107 publiczno\u015bci poj\u0119cie o prawdziwym obliczu Makowskiego i wielko\u015bci jego dzie\u0142a\u201d. Po\u015bmiertna wystawa w Salonie Niezale\u017cnych (1933) i wystawa na XX Biennale w Wenecji (1936), przynios\u0142y sukces, jakiego artysta nie doczeka\u0142. Wojna przerywa dzia\u0142alno\u015b\u0107 stowarzyszenia, ale p\u0142\u00f3tna, zdeponowane w paryskim sk\u0142adzie mebli, ocala\u0142y \u2013 w 1954 Tadeusz Makowski wreszcie wraca do Polski \u2013 swoimi obrazami.<\/p>\n<p>[\/et_pb_blurb][\/et_pb_column][\/et_pb_row][\/et_pb_section][et_pb_section fb_built=&#8221;1&#8243; custom_padding_last_edited=&#8221;off|desktop&#8221; _builder_version=&#8221;3.22.3&#8243; use_background_color_gradient=&#8221;on&#8221; background_color_gradient_start=&#8221;#ffffff&#8221; background_color_gradient_end=&#8221;#F2F2FA&#8221; background_color_gradient_end_position=&#8221;50%&#8221; background_size=&#8221;initial&#8221; custom_padding=&#8221;|||&#8221; custom_padding_tablet=&#8221;0px||0px|0px&#8221; custom_padding_phone=&#8221;|||&#8221; bottom_divider_style=&#8221;ramp&#8221; bottom_divider_color=&#8221;#ffffff&#8221; bottom_divider_height=&#8221;250px&#8221; bottom_divider_height_tablet=&#8221;150px&#8221; bottom_divider_height_phone=&#8221;110px&#8221; bottom_divider_height_last_edited=&#8221;on|phone&#8221;][et_pb_row column_structure=&#8221;3_5,2_5&#8243; use_custom_gutter=&#8221;on&#8221; gutter_width=&#8221;2&#8243; _builder_version=&#8221;3.25.4&#8243; max_width=&#8221;1700px&#8221; custom_margin=&#8221;|||&#8221; custom_padding=&#8221;0px|||&#8221; use_custom_width=&#8221;on&#8221; custom_width_px=&#8221;1700px&#8221;][et_pb_column type=&#8221;3_5&#8243; _builder_version=&#8221;3.25&#8243; custom_padding=&#8221;|||&#8221; custom_padding__hover=&#8221;|||&#8221;][et_pb_text _builder_version=&#8221;4.5.7&#8243; text_font_size=&#8221;16px&#8221; text_line_height=&#8221;2em&#8221; header_2_font=&#8221;Roboto|700|||||||&#8221; header_2_font_size=&#8221;45px&#8221; header_2_line_height=&#8221;1.2em&#8221; max_width=&#8221;800px&#8221; max_width_last_edited=&#8221;off|desktop&#8221; module_alignment=&#8221;center&#8221; custom_margin=&#8221;|||&#8221; custom_padding=&#8221;||0px|||&#8221; header_2_font_size_tablet=&#8221;35px&#8221; header_2_font_size_phone=&#8221;28px&#8221; header_2_font_size_last_edited=&#8221;on|desktop&#8221;]<\/p>\n<h2><strong>Ciekawostki:<\/strong><\/h2>\n<p>[\/et_pb_text][et_pb_divider _builder_version=&#8221;3.25.4&#8243;][\/et_pb_divider][et_pb_toggle title=&#8221;Gitara i skrzypce &#8221; _builder_version=&#8221;4.5.7&#8243; title_font=&#8221;Roboto|700|||||||&#8221; title_font_size=&#8221;18px&#8221; title_line_height=&#8221;1.7em&#8221; body_font_size=&#8221;16px&#8221; body_line_height=&#8221;2em&#8221; background_color=&#8221;#ffffff&#8221; custom_margin=&#8221;|||&#8221; custom_padding=&#8221;|30px||30px&#8221; animation_style=&#8221;fold&#8221; animation_direction=&#8221;top&#8221; border_radii=&#8221;on|10px|10px|10px|10px&#8221; border_width_all=&#8221;0px&#8221; border_color_all=&#8221;#f7b100&#8243; border_width_left=&#8221;10px&#8221; box_shadow_style=&#8221;preset1&#8243; box_shadow_blur=&#8221;70px&#8221; box_shadow_color=&#8221;rgba(110,130,208,0.18)&#8221;]<\/p>\n<p>Tadeusz Makowski cz\u0119sto malowa\u0142 grajk\u00f3w i muzykuj\u0105ce dzieci. Sam by\u0142 bardzo muzykalny, gra\u0142 na gitarze i skrzypcach.<\/p>\n<p>[\/et_pb_toggle][et_pb_toggle title=&#8221;Cela klasztorna&#8221; _builder_version=&#8221;4.5.7&#8243; title_font=&#8221;Roboto|700|||||||&#8221; title_font_size=&#8221;18px&#8221; title_line_height=&#8221;1.7em&#8221; body_font_size=&#8221;16px&#8221; body_line_height=&#8221;2em&#8221; background_color=&#8221;#ffffff&#8221; custom_margin=&#8221;|||&#8221; custom_padding=&#8221;|30px||30px&#8221; animation_style=&#8221;fold&#8221; animation_direction=&#8221;top&#8221; animation_delay=&#8221;100ms&#8221; border_radii=&#8221;on|10px|10px|10px|10px&#8221; border_width_all=&#8221;0px&#8221; border_color_all=&#8221;#00d8bf&#8221; border_width_left=&#8221;10px&#8221; box_shadow_style=&#8221;preset1&#8243; box_shadow_blur=&#8221;70px&#8221; box_shadow_color=&#8221;rgba(110,130,208,0.18)&#8221;]<\/p>\n<p>Samotno\u015b\u0107, sparta\u0144skie warunki \u017cycia, brak ogrzewania, nie przeszkadza\u0142y mu w wytrwa\u0142ej pracy. Przyjaciele znale\u017ali go raz chorego, przykrytego p\u0142\u00f3tnami obraz\u00f3w. Malowa\u0142 nieustannie, jak w gor\u0105czce, jego pracownia by\u0142a niczym cela klasztorna \u2013 po\u015bwi\u0119ca\u0142 si\u0119 malarstwu, nie zwracaj\u0105c uwagi na jako\u015b\u0107 \u017cycia.<\/p>\n<p>[\/et_pb_toggle][et_pb_toggle title=&#8221;R\u0119kopis znaleziony w&#8230;&#8221; _builder_version=&#8221;4.5.7&#8243; title_font=&#8221;Roboto|700|||||||&#8221; title_font_size=&#8221;18px&#8221; title_line_height=&#8221;1.7em&#8221; body_font_size=&#8221;16px&#8221; body_line_height=&#8221;2em&#8221; background_color=&#8221;#ffffff&#8221; custom_margin=&#8221;|||&#8221; custom_padding=&#8221;|30px||30px&#8221; animation_style=&#8221;fold&#8221; animation_direction=&#8221;top&#8221; animation_delay=&#8221;100ms&#8221; border_radii=&#8221;on|10px|10px|10px|10px&#8221; border_width_all=&#8221;0px&#8221; border_color_all=&#8221;#0C71C3&#8243; border_width_left=&#8221;10px&#8221; box_shadow_style=&#8221;preset1&#8243; box_shadow_blur=&#8221;70px&#8221; box_shadow_color=&#8221;rgba(110,130,208,0.18)&#8221;]<\/p>\n<p>Dziennik malarza, prowadzony od 1912 do 1931, pozostaje najcenniejszym \u017ar\u00f3d\u0142em informacji o jego \u017cyciu i sztuce, a tak\u017ce fascynuj\u0105c\u0105 lektur\u0105, \u015bwiadectwem rzadko spotykanej, wnikliwej autoanalizy w\u0142asnej tw\u00f3rczo\u015bci. O istnieniu Pami\u0119tnika nie wiedzieli nawet najbli\u017csi przyjaciele artysty, a po jego \u015bmierci r\u0119kopis uchodzi\u0142 za zaginiony. Przechowa\u0142 si\u0119 prawdopodobnie w zbiorach Marii Mickiewicz\u00f3wny, zaprzyja\u017anionej z malarzem wnuczki poety. Na trop manuskryptu natrafi\u0142a w paryskim antykwariacie 1956 r. najwierniejsza badaczka artystycznej spu\u015bcizny Tadeusza Makowskiego \u2013 prof. W\u0142adys\u0142awa Jaworska. Dzi\u015b bezcenny r\u0119kopis przechowywany jest w Bibliotece Instytutu Sztuki PAN w Warszawie.<\/p>\n<p>[\/et_pb_toggle][\/et_pb_column][et_pb_column type=&#8221;2_5&#8243; _builder_version=&#8221;3.25.4&#8243;][et_pb_image src=&#8221;https:\/\/zagrajwsztuke.pl\/wp-content\/uploads\/2020\/08\/1373px-tadeusz-Makowski_Childrens_band.jpg&#8221; alt=&#8221;Tadeusz Makowski&#8221; title_text=&#8221;1373px-tadeusz-Makowski_Childrens_band&#8221; _builder_version=&#8221;4.5.7&#8243; custom_padding=&#8221;||1px|||&#8221;][\/et_pb_image][et_pb_text _builder_version=&#8221;4.5.7&#8243; _module_preset=&#8221;default&#8221;]Kapela dzieci\u0119ca (1922), Muzeum Narodowe w Warszawie, Wikipedia[\/et_pb_text][\/et_pb_column][\/et_pb_row][\/et_pb_section][et_pb_section fb_built=&#8221;1&#8243; custom_padding_last_edited=&#8221;off|desktop&#8221; _builder_version=&#8221;3.22.3&#8243; use_background_color_gradient=&#8221;on&#8221; background_color_gradient_start=&#8221;#ffffff&#8221; background_color_gradient_end=&#8221;#F2F2FA&#8221; background_color_gradient_end_position=&#8221;50%&#8221; background_size=&#8221;initial&#8221; custom_padding=&#8221;|||&#8221; custom_padding_tablet=&#8221;0px||0px|0px&#8221; custom_padding_phone=&#8221;|||&#8221; bottom_divider_style=&#8221;ramp&#8221; bottom_divider_color=&#8221;#ffffff&#8221; bottom_divider_height=&#8221;250px&#8221; bottom_divider_height_tablet=&#8221;150px&#8221; bottom_divider_height_phone=&#8221;110px&#8221; bottom_divider_height_last_edited=&#8221;on|phone&#8221;][et_pb_row column_structure=&#8221;1_2,1_2&#8243; use_custom_gutter=&#8221;on&#8221; gutter_width=&#8221;2&#8243; _builder_version=&#8221;3.25.4&#8243; max_width=&#8221;1700px&#8221; custom_margin=&#8221;|||&#8221; custom_padding=&#8221;0px|||&#8221; use_custom_width=&#8221;on&#8221; custom_width_px=&#8221;1700px&#8221;][et_pb_column type=&#8221;1_2&#8243; _builder_version=&#8221;3.25&#8243; custom_padding=&#8221;|||&#8221; custom_padding__hover=&#8221;|||&#8221;][et_pb_text _builder_version=&#8221;4.5.7&#8243; text_font_size=&#8221;16px&#8221; text_line_height=&#8221;2em&#8221; header_2_font=&#8221;Roboto|700|||||||&#8221; header_2_font_size=&#8221;45px&#8221; header_2_line_height=&#8221;1.2em&#8221; max_width=&#8221;800px&#8221; max_width_last_edited=&#8221;off|desktop&#8221; module_alignment=&#8221;center&#8221; custom_margin=&#8221;|||&#8221; custom_padding=&#8221;||0px|||&#8221; header_2_font_size_tablet=&#8221;35px&#8221; header_2_font_size_phone=&#8221;28px&#8221; header_2_font_size_last_edited=&#8221;on|desktop&#8221;]<\/p>\n<h2><strong>O sztuce Tadeusza Makowskiego:<\/strong><\/h2>\n<p>[\/et_pb_text][et_pb_divider _builder_version=&#8221;3.25.4&#8243;][\/et_pb_divider][et_pb_text _builder_version=&#8221;4.5.7&#8243; text_font_size=&#8221;18px&#8221; text_line_height=&#8221;2em&#8221; header_font_size=&#8221;28px&#8221; header_2_font=&#8221;Roboto|700|||||||&#8221; header_2_font_size=&#8221;45px&#8221; header_2_line_height=&#8221;1.2em&#8221; max_width=&#8221;800px&#8221; max_width_last_edited=&#8221;off|desktop&#8221; module_alignment=&#8221;center&#8221; custom_margin=&#8221;|||&#8221; custom_padding=&#8221;|||&#8221; header_2_font_size_tablet=&#8221;35px&#8221; header_2_font_size_phone=&#8221;28px&#8221; header_2_font_size_last_edited=&#8221;on|desktop&#8221;]<\/p>\n<p>Poetycka i tajemnicza wizja Tadeusza Makowskiego: \u015bwiat dzieci, zwierz\u0105t i drewnianych marionetek, odprawiaj\u0105cych dziwne rytua\u0142y \u2013 zaskakuje swoj\u0105 \u201eliryczn\u0105 si\u0142\u0105\u201d, a zarazem rygorem kompozycji i odwag\u0105 syntezy. Jego sztuka mie\u015bci si\u0119 mi\u0119dzy konstrukcj\u0105 i emocj\u0105, mi\u0119dzy rytmem formy a \u015bwietlisto\u015bci\u0105 barw, mi\u0119dzy melancholi\u0105 a intelektem. Sentymentalno\u015b\u0107 zostaje tu poddana rygorom geometrii, a groteska ilustruje odwieczny dramat istnienia. \n\t\t<div class='et_quote'>\n\t\t\t<div class='et_right_quote'>\n\t\t\t\t<em>\u201eMakowski sprowadza cz\u0142owieka do bry\u0142 i figur, ale pozostawia mu jego dusz\u0119\u201d<\/em>\u00a0\n\t\t\t\t\n\t\t\t<\/div>\n\t\t\t<span class='et_quote_sign'><\/span>\n\t\t<\/div>\n\t\u2013 <strong>Mieczys\u0142aw Wallis<\/strong>, filozof i historyk sztuki<\/p>\n<p>[\/et_pb_text][et_pb_text _builder_version=&#8221;4.5.7&#8243; text_font_size=&#8221;18px&#8221; text_line_height=&#8221;2em&#8221; header_font_size=&#8221;28px&#8221; header_2_font=&#8221;Roboto|700|||||||&#8221; header_2_font_size=&#8221;45px&#8221; header_2_line_height=&#8221;1.2em&#8221; max_width=&#8221;800px&#8221; max_width_last_edited=&#8221;off|desktop&#8221; module_alignment=&#8221;center&#8221; custom_margin=&#8221;|||&#8221; custom_padding=&#8221;|||&#8221; header_2_font_size_tablet=&#8221;35px&#8221; header_2_font_size_phone=&#8221;28px&#8221; header_2_font_size_last_edited=&#8221;on|desktop&#8221;]<\/p>\n<p><em>\u201ePastora\u0142ki\u201d<\/em> Tytusa Czy\u017cewskiego, wydane w styczniu 1925 przez Polskie Towarzystwo Przyjaci\u00f3\u0142 Ksi\u0105\u017cki w Pary\u017cu, uchodz\u0105 za arcydzie\u0142o polskiej typografii. Bibliofilsk\u0105 edycj\u0119 520 egzemplarzy, na czerpanym papierze, ozdobiono drzeworytami Tadeusza Makowskiego. Ilustracje te \u0142\u0105cz\u0105 prymitywny, kanciasty kontur z lirycznym wdzi\u0119kiem, franciszka\u0144sk\u0105 pobo\u017cno\u015b\u0107 z poczuciem humoru. S\u0105 \u2013 jak wzorowane na g\u00f3ralskich kol\u0119dach wiersze Czy\u017cewskiego \u2013 udanym maria\u017cem ludowej tradycji z nowoczesnym poczuciem formy. Lekcja podhala\u0144skiego folkloru spotka\u0142a si\u0119 z lekcj\u0105 kubizmu, owocuj\u0105c wspania\u0142ym rezultatem. \n\t\t<div class='et_quote'>\n\t\t\t<div class='et_right_quote'>\n\t\t\t\t<em>\u201eJego sztuka wywodzi si\u0119 z polskiego folkloru. Pami\u0119tam, ilustrowa\u0142 jak\u0105\u015b ksi\u0105\u017ck\u0119 \u2013 to by\u0142o niezwykle pi\u0119kne, co\u015b w rodzaju ludowych ba\u015bni. W jego sztuce wszystko by\u0142o czyste i szczere\u201d<\/em>\u00a0\n\t\t\t\t\n\t\t\t<\/div>\n\t\t\t<span class='et_quote_sign'><\/span>\n\t\t<\/div>\n\t\u2013 <strong>Marcel Gromaire<\/strong>, francuski malarz i grafik<\/p>\n<p>[\/et_pb_text][et_pb_text _builder_version=&#8221;4.5.7&#8243; text_font_size=&#8221;18px&#8221; text_line_height=&#8221;2em&#8221; header_font_size=&#8221;28px&#8221; header_2_font=&#8221;Roboto|700|||||||&#8221; header_2_font_size=&#8221;45px&#8221; header_2_line_height=&#8221;1.2em&#8221; max_width=&#8221;800px&#8221; max_width_last_edited=&#8221;off|desktop&#8221; module_alignment=&#8221;center&#8221; custom_margin=&#8221;|||&#8221; custom_padding=&#8221;|||&#8221; header_2_font_size_tablet=&#8221;35px&#8221; header_2_font_size_phone=&#8221;28px&#8221; header_2_font_size_last_edited=&#8221;on|desktop&#8221;]<\/p>\n<p>Malarstwo Tadeusza Makowskiego wyr\u00f3\u017cnia\u0142o si\u0119 uczuciowo\u015bci\u0105, zmys\u0142em poezji i wytworno\u015bci\u0105 koloru. Niekt\u00f3rzy widzieli w nim cechy rdzennie polskie, s\u0142owia\u0144skie dziedzictwo wniesione przez artyst\u0119 do paryskiej szko\u0142y.\u00a0<\/p>\n<p><em>\n\t\t<div class='et_quote'>\n\t\t\t<div class='et_right_quote'>\n\t\t\t\tZawsze mia\u0142em wra\u017cenie, \u017ce Makowski by\u0142 jednym z najznakomitszych koloryst\u00f3w <\/em><em>\u00c9<\/em><em>cole de Paris\u201d<\/em>\u00a0\n\t\t\t\t\n\t\t\t<\/div>\n\t\t\t<span class='et_quote_sign'><\/span>\n\t\t<\/div>\n\t<\/p>\n<p>\u2013 <strong>Florent Fels<\/strong><\/p>\n<p>[\/et_pb_text][et_pb_text _builder_version=&#8221;4.6.0&#8243; text_font_size=&#8221;18px&#8221; text_line_height=&#8221;2em&#8221; header_font_size=&#8221;28px&#8221; header_2_font=&#8221;Roboto|700|||||||&#8221; header_2_font_size=&#8221;45px&#8221; header_2_line_height=&#8221;1.2em&#8221; max_width=&#8221;800px&#8221; max_width_last_edited=&#8221;off|desktop&#8221; module_alignment=&#8221;center&#8221; custom_margin=&#8221;|||&#8221; custom_padding=&#8221;|||&#8221; header_2_font_size_tablet=&#8221;35px&#8221; header_2_font_size_phone=&#8221;28px&#8221; header_2_font_size_last_edited=&#8221;on|desktop&#8221;]<\/p>\n<p><em>\u201eSzewc\u201d<\/em>, czy mo\u017ce raczej <em>\u201eRze\u017abiarz sabot\u00f3w\u201d<\/em> \u2013 jak poetycko t\u0142umaczy\u0142 tytu\u0142 sam autor \u2013 jest uznany za naj\u015bwietniejszy i najbardziej reprezentatywny obraz Tadeusza Makowskiego z dojrza\u0142ego okresu tw\u00f3rczo\u015bci. Sw\u00f3j wiersz pt. <em>\u201eKopytka\u201d<\/em>, Tadeusz R\u00f3\u017cewicz (1921-2014) zadedykowa\u0142 <em>\u201ePami\u0119ci zmar\u0142ego we Francji malarza Tadeusza Makowskiego\u201d:<\/em><\/p>\n<p><strong><\/strong><\/p>\n<p>[\/et_pb_text][et_pb_toggle title=&#8221;%22Kopytka%22&#8243; open_toggle_background_color=&#8221;rgba(0,0,0,0)&#8221; closed_toggle_background_color=&#8221;rgba(0,0,0,0)&#8221; _builder_version=&#8221;4.6.0&#8243; _module_preset=&#8221;default&#8221; border_color_all=&#8221;#000000&#8243;]<\/p>\n<p><em>Czyje to kopytka<\/em><\/p>\n<p><em>Czyje to kopytka<\/em><\/p>\n<p><em>komu szyje buty<\/em><\/p>\n<p><em>na tych kopytkach<\/em><\/p>\n<p><em>stary szewc<\/em><\/p>\n<p><em>\u00a0<\/em><em>na niebieskich anio\u0142om<\/em><\/p>\n<p><em>na z\u0142otych pszczo\u0142om<\/em><\/p>\n<p><em>na czarnych kominiarzom<\/em><\/p>\n<p><em>na czerwonych katom<\/em><\/p>\n<p><em>\u00a0<\/em><em>wr\u00f3s\u0142 sto\u0142ek<\/em><\/p>\n<p><em>jak huba w d\u0105b<\/em><\/p>\n<p><em>pod sto\u0142kiem<\/em><\/p>\n<p><em>ni to butelka ni anio\u0142ek<\/em><\/p>\n<p><em>szyjk\u0105 \u015bwieci<\/em><\/p>\n<p><em>\u00a0<\/em><em>poci\u0105gnie \u0142yk<\/em><\/p>\n<p><em>kopytka z miejsca ruszaj\u0105<\/em><\/p>\n<p><em>poci\u0105gnie drugi<\/em><\/p>\n<p><em>kopytka do drzwi pukaj\u0105<\/em><\/p>\n<p><em>poci\u0105gnie trzeci<\/em><\/p>\n<p><em>pe\u0142no tu ptak\u00f3w i dzieci.<\/em><\/p>\n<p>[\/et_pb_toggle][et_pb_text _builder_version=&#8221;4.6.0&#8243; text_font_size=&#8221;18px&#8221; text_line_height=&#8221;2em&#8221; header_font_size=&#8221;28px&#8221; header_2_font=&#8221;Roboto|700|||||||&#8221; header_2_font_size=&#8221;45px&#8221; header_2_line_height=&#8221;1.2em&#8221; max_width=&#8221;800px&#8221; max_width_last_edited=&#8221;off|desktop&#8221; module_alignment=&#8221;center&#8221; custom_margin=&#8221;|||&#8221; custom_padding=&#8221;|||&#8221; header_2_font_size_tablet=&#8221;35px&#8221; header_2_font_size_phone=&#8221;28px&#8221; header_2_font_size_last_edited=&#8221;on|desktop&#8221;]<em>\n\t\t<div class='et_quote'>\n\t\t\t<div class='et_right_quote'>\n\t\t\t\t\u201eO obrazach Tadeusza Makowskiego poeci pisz\u0105 wiersze. Nie dziwi\u0119 si\u0119 temu. Ka\u017cdy z jego obraz\u00f3w jest bowiem jak wiersz, tyle w nim czystej poezji, czystego liryzmu i wzruszenia\u201d\u00a0\n\t\t\t\t\n\t\t\t<\/div>\n\t\t\t<span class='et_quote_sign'><\/span>\n\t\t<\/div>\n\t<\/em><br \/>\n\u2013 <strong>Ignacy Witz<\/strong>[\/et_pb_text][\/et_pb_column][et_pb_column type=&#8221;1_2&#8243; _builder_version=&#8221;3.25.4&#8243;][et_pb_image src=&#8221;https:\/\/zagrajwsztuke.pl\/wp-content\/uploads\/2020\/08\/Tadeusz-Makowski_July_14th_in_the_country.jpg&#8221; alt=&#8221;Tadeusz Makowski&#8221; title_text=&#8221;Tadeusz-Makowski_July_14th_in_the_country&#8221; _builder_version=&#8221;4.5.7&#8243; custom_padding=&#8221;||1px|||&#8221;][\/et_pb_image][et_pb_text _builder_version=&#8221;4.5.7&#8243; _module_preset=&#8221;default&#8221;]14 lipca na wsi (1928), Muzeum Narodowe w Warszawie, Wikipedia[\/et_pb_text][et_pb_text _builder_version=&#8221;4.5.7&#8243; text_font_size=&#8221;18px&#8221; text_line_height=&#8221;2em&#8221; header_font_size=&#8221;28px&#8221; header_2_font=&#8221;Roboto|700|||||||&#8221; header_2_font_size=&#8221;45px&#8221; header_2_line_height=&#8221;1.2em&#8221; max_width=&#8221;800px&#8221; max_width_last_edited=&#8221;off|desktop&#8221; module_alignment=&#8221;center&#8221; custom_margin=&#8221;|||&#8221; custom_padding=&#8221;|||&#8221; header_2_font_size_tablet=&#8221;35px&#8221; header_2_font_size_phone=&#8221;28px&#8221; header_2_font_size_last_edited=&#8221;on|desktop&#8221;]<\/p>\n<p><em>\u201eDzieci z turoniem\u201d<\/em> to jeden z najpi\u0119kniejszych obraz\u00f3w Tadeusza Makowskiego. W tej kompozycji tr\u00f3jk\u0105t\u00f3w, k\u00f3\u0142, sto\u017ck\u00f3w i walc\u00f3w, zawarty jest niezwyk\u0142y \u0142adunek poezji i liryzmu. Mo\u017ce to klimat \u015bwi\u0105tecznej nostalgii i nastrojowa srebrzysto-z\u0142ota po\u015bwiata, a mo\u017ce czu\u0142o\u015b\u0107, z jak\u0105 dzieci obejmuj\u0105 swe zabawki \u2013 powoduje, \u017ce obraz ogl\u0105da si\u0119 ze wzruszeniem. Doskonale te\u017c wida\u0107 jak wytrawnym koloryst\u0105 by\u0142 Tadeusz Makowski. <em>\u201eDzieci z turoniem\u201d<\/em> to prawdziwa barwna symfonia: tajemnicze, mosi\u0119\u017cne br\u0105zy, z\u0142otawe be\u017ce, migotliwe szaro\u015bci \u2013 zdaj\u0105 si\u0119 \u015bwieci\u0107 w\u0142asnym, wewn\u0119trznym \u015bwiat\u0142em.<\/p>\n<p><em>\n\t\t<div class='et_quote'>\n\t\t\t<div class='et_right_quote'>\n\t\t\t\t\u201eJego p\u0142\u00f3tna \u017cyj\u0105 przede wszystkim dziwnym \u015bwiat\u0142em, kt\u00f3re je o\u017cywia, \u015bwiat\u0142em tajemniczym, feerycznym, \u015bwiadcz\u0105cym o m\u0105drej technice, precyzyjnym warsztacie, o pracowitych o owocnych rozmy\u015blaniach malarza nad wszystkimi \u015brodkami i mo\u017cliwo\u015bciami, nad wiecznym cudem koloru\u201d<\/em>\u00a0\n\t\t\t\t\n\t\t\t<\/div>\n\t\t\t<span class='et_quote_sign'><\/span>\n\t\t<\/div>\n\t<\/p>\n<p>\u2013 <strong>Roger Brielle<\/strong>, francuski krytyk<\/p>\n<p>[\/et_pb_text][et_pb_text _builder_version=&#8221;4.6.0&#8243; text_font_size=&#8221;18px&#8221; text_line_height=&#8221;2em&#8221; header_font_size=&#8221;28px&#8221; header_2_font=&#8221;Roboto|700|||||||&#8221; header_2_font_size=&#8221;45px&#8221; header_2_line_height=&#8221;1.2em&#8221; max_width=&#8221;800px&#8221; max_width_last_edited=&#8221;off|desktop&#8221; module_alignment=&#8221;center&#8221; custom_margin=&#8221;|||&#8221; custom_padding=&#8221;|||&#8221; header_2_font_size_tablet=&#8221;35px&#8221; header_2_font_size_phone=&#8221;28px&#8221; header_2_font_size_last_edited=&#8221;on|desktop&#8221;]<\/p>\n<p>Malarstwo Tadeusza Makowskiego za jego \u017cycia by\u0142o bardzo s\u0142abo znane w Polsce. Szersze \u201eodkrycie\u201d artysty nast\u0105pi\u0142o dopiero w 1960, dzi\u0119ki wielkiej wystawie retrospektywnej zorganizowanej w Warszawie przez prof. W\u0142adys\u0142aw\u0119 Jaworsk\u0105. A jednak, w\u015br\u00f3d m\u0142odego pokolenia malarzy Tadeusz Makowski by\u0142 darzony niezwyk\u0142ym szacunkiem i jego p\u0142\u00f3tna kszta\u0142tuj\u0105 wyobra\u017ani\u0119 wielu m\u0142odych. Szczeg\u00f3lny wp\u0142yw wywiera na tw\u00f3rczo\u015b\u0107 przysz\u0142ych cz\u0142onk\u00f3w Grupy Krakowskiej, zw\u0142aszcza <a href=\"\/tadeusz-brzozowski\" target=\"_blank\" rel=\"noopener noreferrer\">Tadeusza Brzozowskiego<\/a> (1918-1987), kt\u00f3rego wczesne obrazy przywo\u0142uj\u0105 podobny Makowskiemu groteskowy \u015bwiat, w kt\u00f3rym ekspresyjna stylizacja postaci \u0142\u0105czy si\u0119 z wyrafinowan\u0105 kolorystyk\u0105. \n\t\t<div class='et_quote'>\n\t\t\t<div class='et_right_quote'>\n\t\t\t\t\u00a0<em>\u201eTrzeba malowa\u0107 i realizowa\u0107, nie troszcz\u0105c si\u0119 o reszt\u0119. W malarstwie jest tak jak wsz\u0119dzie: musi si\u0119 w\u0142o\u017cy\u0107 w nie ca\u0142\u0105 dusz\u0119, a co b\u0119d\u0105 m\u00f3wi\u0107 \u2013 nie jest wa\u017cne\u201d<\/em>\u00a0\n\t\t\t\t\n\t\t\t<\/div>\n\t\t\t<span class='et_quote_sign'><\/span>\n\t\t<\/div>\n\t<\/p>\n<p>\u2013 <strong>Tadeusz Makowski<\/strong><\/p>\n<p>[\/et_pb_text][\/et_pb_column][\/et_pb_row][\/et_pb_section][et_pb_section fb_built=&#8221;1&#8243; custom_padding_last_edited=&#8221;off|desktop&#8221; _builder_version=&#8221;3.22.3&#8243; use_background_color_gradient=&#8221;on&#8221; background_color_gradient_start=&#8221;#ffffff&#8221; background_color_gradient_end=&#8221;#F2F2FA&#8221; background_color_gradient_end_position=&#8221;50%&#8221; background_size=&#8221;initial&#8221; custom_padding=&#8221;|||&#8221; custom_padding_tablet=&#8221;0px||0px|0px&#8221; custom_padding_phone=&#8221;|||&#8221; bottom_divider_style=&#8221;ramp&#8221; bottom_divider_color=&#8221;#ffffff&#8221; bottom_divider_height=&#8221;250px&#8221; bottom_divider_height_tablet=&#8221;150px&#8221; bottom_divider_height_phone=&#8221;110px&#8221; bottom_divider_height_last_edited=&#8221;on|phone&#8221;][et_pb_row column_structure=&#8221;1_2,1_2&#8243; use_custom_gutter=&#8221;on&#8221; gutter_width=&#8221;2&#8243; _builder_version=&#8221;3.25.4&#8243; max_width=&#8221;1700px&#8221; custom_margin=&#8221;|||&#8221; custom_padding=&#8221;0px|||&#8221; use_custom_width=&#8221;on&#8221; custom_width_px=&#8221;1700px&#8221;][et_pb_column type=&#8221;1_2&#8243; _builder_version=&#8221;3.25&#8243; custom_padding=&#8221;|||&#8221; custom_padding__hover=&#8221;|||&#8221;][et_pb_text _builder_version=&#8221;4.5.7&#8243; text_font=&#8221;||||||||&#8221; text_font_size=&#8221;16px&#8221; text_line_height=&#8221;2em&#8221; header_2_font=&#8221;Roboto|700|||||||&#8221; header_2_font_size=&#8221;45px&#8221; header_2_line_height=&#8221;1.2em&#8221; max_width=&#8221;800px&#8221; max_width_last_edited=&#8221;off|desktop&#8221; module_alignment=&#8221;center&#8221; custom_margin=&#8221;|||&#8221; custom_padding=&#8221;||0px|||&#8221; header_2_font_size_tablet=&#8221;35px&#8221; header_2_font_size_phone=&#8221;28px&#8221; header_2_font_size_last_edited=&#8221;on|desktop&#8221; text_text_shadow_style=&#8221;preset4&#8243;]<\/p>\n<h2><strong>Tadeusz Makowski w Muzeach:<\/strong><\/h2>\n<p>[\/et_pb_text][et_pb_divider _builder_version=&#8221;3.25.4&#8243;][\/et_pb_divider][et_pb_image src=&#8221;https:\/\/zagrajwsztuke.pl\/wp-content\/uploads\/2020\/08\/Tadeusz-makowskiPalacze_fajek.jpg&#8221; alt=&#8221;Tadeusz Makowski&#8221; title_text=&#8221;Tadeusz-makowskiPalacze_fajek&#8221; _builder_version=&#8221;4.5.7&#8243; custom_padding=&#8221;||1px|||&#8221;][\/et_pb_image][et_pb_text _builder_version=&#8221;4.5.7&#8243; _module_preset=&#8221;default&#8221;]Palacze fajek (1931), Muzeum Narodowe we Wroc\u0142awiu, Wikipedia[\/et_pb_text][et_pb_blurb title=&#8221;Krak\u00f3w: Muzeum Narodowe. Mo\u017cna tam podziwia\u0107 m. in.:&#8221; image=&#8221;https:\/\/zagrajwsztuke.pl\/wp-content\/uploads\/2020\/08\/poland-galeria-marzen.png&#8221; alt=&#8221;galeria marze\u0144&#8221; icon_placement=&#8221;left&#8221; _builder_version=&#8221;4.5.7&#8243; header_font=&#8221;Roboto|700|||||||&#8221; header_text_align=&#8221;left&#8221; header_font_size=&#8221;18px&#8221; header_line_height=&#8221;1.7em&#8221; body_font=&#8221;||||||||&#8221; body_text_align=&#8221;left&#8221; body_font_size=&#8221;18px&#8221; body_line_height=&#8221;1.8em&#8221; background_color=&#8221;#ffffff&#8221; text_orientation=&#8221;center&#8221; module_alignment=&#8221;left&#8221; custom_margin=&#8221;|||&#8221; custom_padding=&#8221;||2px|||&#8221; custom_padding_tablet=&#8221;&#8221; custom_padding_phone=&#8221;&#8221; custom_padding_last_edited=&#8221;on|phone&#8221; animation_style=&#8221;zoom&#8221; animation_intensity_zoom=&#8221;8%&#8221; animation=&#8221;off&#8221; box_shadow_style_image=&#8221;preset2&#8243; box_shadow_horizontal_image=&#8221;5px&#8221; box_shadow_vertical_image=&#8221;5px&#8221; box_shadow_blur_image=&#8221;5px&#8221;]<\/p>\n<ul>\n<li><em>\u201eAutoportret z palet\u0105 i ptaszkiem\u201d <\/em>namalowany w 1919<\/li>\n<li><em>\u201eW pracowni\u201d <\/em>namalowany w 1929<\/li>\n<li><em>\u201eDwaj mali przyjaciele\u201d <\/em>namalowany w 1929<\/li>\n<li><em>\u201eSeans muzyczny\u201d <\/em>namalowany w 1930<\/li>\n<li><em>\u201eOdlot jask\u00f3\u0142ek\u201d <\/em>namalowany w 1931<\/li>\n<\/ul>\n<p>[\/et_pb_blurb][et_pb_blurb title=&#8221;Warszawa: Muzeum Narodowe. Mo\u017cna tam podziwia\u0107 m. in.:&#8221; image=&#8221;https:\/\/zagrajwsztuke.pl\/wp-content\/uploads\/2020\/08\/poland-galeria-marzen.png&#8221; alt=&#8221;galeria marze\u0144&#8221; icon_placement=&#8221;left&#8221; _builder_version=&#8221;4.5.7&#8243; header_font=&#8221;Roboto|700|||||||&#8221; header_text_align=&#8221;left&#8221; header_font_size=&#8221;18px&#8221; header_line_height=&#8221;1.7em&#8221; body_font=&#8221;||||||||&#8221; body_text_align=&#8221;left&#8221; body_font_size=&#8221;18px&#8221; body_line_height=&#8221;1.8em&#8221; background_color=&#8221;#ffffff&#8221; text_orientation=&#8221;center&#8221; module_alignment=&#8221;left&#8221; custom_margin=&#8221;|||&#8221; custom_padding=&#8221;|||&#8221; custom_padding_tablet=&#8221;&#8221; custom_padding_phone=&#8221;&#8221; custom_padding_last_edited=&#8221;on|phone&#8221; animation_style=&#8221;zoom&#8221; animation_intensity_zoom=&#8221;8%&#8221; animation=&#8221;off&#8221; box_shadow_style_image=&#8221;preset2&#8243; box_shadow_horizontal_image=&#8221;5px&#8221; box_shadow_vertical_image=&#8221;5px&#8221; box_shadow_blur_image=&#8221;5px&#8221;]<\/p>\n<ul>\n<li>\u201e<em>Portret Zygmunta Lubicz-Zaleskiego<\/em>\u201d namalowany w 1913<\/li>\n<li><em>\u201ePejza\u017c z domami\u201d <\/em>namalowany w 1913<\/li>\n<li><em>\u201eKosz z owocami\u201d <\/em>namalowany w 1913<\/li>\n<li><em>\u201eZagroda w Keranquernat\u201d <\/em>namalowany w 1917<\/li>\n<li><em>\u201eVita brevis, ars longa\u201d <\/em>namalowany w 1918<\/li>\n<li><em>\u201eZima\u201d <\/em>namalowany w 1918<\/li>\n<li><em>\u201eMartwa natura z zielona mis\u0105 i owocami\u201d <\/em>namalowany w 1918<\/li>\n<li><em>\u201eKapela dzieci\u0119ca\u201d <\/em>namalowany w 1922<\/li>\n<li><em>\u201eDziewczynka w bia\u0142ym kapeluszu\u201d <\/em>namalowany w 1923<\/li>\n<li><em>\u201ePejza\u017c breto\u0144ski ze studni\u0105\u201d <\/em>namalowany w 1923<\/li>\n<li><em>\u201ePowr\u00f3t ze szko\u0142y\u201d <\/em>namalowany w 1927<\/li>\n<li><em>\u201eWiejskie podw\u00f3rko\u201d <\/em>namalowany w 1928<\/li>\n<li><em>\u201eCzworo dzieci z tr\u0105b\u0105\u201d <\/em>namalowany w 1929<\/li>\n<li><em>\u201eDziecinne ZOO\u201d <\/em>namalowany w 1929<\/li>\n<li><em>\u201eJazz\u201d <\/em>namalowany w 1929<\/li>\n<li><em>\u201eKobziarze\u201d <\/em>namalowany w 1929<\/li>\n<li><em>\u201eDzieci z turoniem\u201d <\/em>namalowany w 1929<\/li>\n<li><em>\u201eSzewc\u201d <\/em>namalowany w 1930<\/li>\n<li><em>\u201eRybak\u201d <\/em>namalowany w 1930<\/li>\n<li><em>\u201eK\u0105piel\u201d <\/em>namalowany w 1930<\/li>\n<li><em>\u201eMali Pierroci\u201d <\/em>namalowany w 1930<\/li>\n<li><em>\u201eNa pla\u017cy\u201d <\/em>namalowany w 1930<\/li>\n<li><em>\u201eSeans muzyczny\u201d <\/em>namalowany w 1930<\/li>\n<li><em>\u201ePortret m\u0119ski z fajkami\u201d <\/em>namalowany w 1930<\/li>\n<li><em>\u201eSzermierze\u201d <\/em>namalowany w 1931<\/li>\n<li><em>\u201eTeatr dzieci\u0119cy\u201d <\/em>namalowany w 1931<\/li>\n<li><em>\u201eDwoje dzieci z psem\u201d <\/em>namalowany w 1932<\/li>\n<li><em>\u201eSk\u0105piec\u201d <\/em>namalowany w 1932<\/li>\n<\/ul>\n<p>&nbsp;<\/p>\n<p>[\/et_pb_blurb][\/et_pb_column][et_pb_column type=&#8221;1_2&#8243; _builder_version=&#8221;3.25.4&#8243;][et_pb_blurb title=&#8221;Francja:&#8221; image=&#8221;https:\/\/zagrajwsztuke.pl\/wp-content\/uploads\/2020\/08\/france-galeria-marzen.png&#8221; alt=&#8221;galeria marze\u0144&#8221; icon_placement=&#8221;left&#8221; _builder_version=&#8221;4.5.7&#8243; header_font=&#8221;Roboto|700|||||||&#8221; header_text_align=&#8221;left&#8221; header_font_size=&#8221;18px&#8221; header_line_height=&#8221;1.7em&#8221; body_font=&#8221;||||||||&#8221; body_font_size=&#8221;18px&#8221; body_line_height=&#8221;1.8em&#8221; background_color=&#8221;#ffffff&#8221; text_orientation=&#8221;center&#8221; module_alignment=&#8221;left&#8221; custom_margin=&#8221;|||&#8221; custom_padding=&#8221;|||&#8221; custom_padding_tablet=&#8221;&#8221; custom_padding_phone=&#8221;&#8221; custom_padding_last_edited=&#8221;on|phone&#8221; animation_style=&#8221;zoom&#8221; animation_intensity_zoom=&#8221;8%&#8221; animation=&#8221;off&#8221; box_shadow_style_image=&#8221;preset2&#8243; box_shadow_horizontal_image=&#8221;5px&#8221; box_shadow_vertical_image=&#8221;5px&#8221; box_shadow_blur_image=&#8221;5px&#8221;]<\/p>\n<ul>\n<li>Pary\u017c: Mus\u00e9e d\u2019art. Moderne de la Ville de Paris \u2013 Mus\u00e9e National d\u2019Art Moderne, Biblioteka Paryska<\/li>\n<\/ul>\n<p>[\/et_pb_blurb][et_pb_blurb title=&#8221;Czechy: &#8221; image=&#8221;https:\/\/zagrajwsztuke.pl\/wp-content\/uploads\/2020\/08\/czech-republic-galeriamarzen.png&#8221; alt=&#8221;Jerzy Nowosielski&#8221; icon_placement=&#8221;left&#8221; _builder_version=&#8221;4.5.7&#8243; header_font=&#8221;Roboto|700|||||||&#8221; header_text_align=&#8221;left&#8221; header_font_size=&#8221;18px&#8221; header_line_height=&#8221;1.7em&#8221; body_font=&#8221;||||||||&#8221; body_font_size=&#8221;18px&#8221; body_line_height=&#8221;1.8em&#8221; background_color=&#8221;#ffffff&#8221; text_orientation=&#8221;center&#8221; module_alignment=&#8221;left&#8221; custom_margin=&#8221;|||&#8221; custom_padding=&#8221;|||&#8221; custom_padding_tablet=&#8221;&#8221; custom_padding_phone=&#8221;&#8221; custom_padding_last_edited=&#8221;on|phone&#8221; animation_style=&#8221;zoom&#8221; animation_intensity_zoom=&#8221;8%&#8221; animation=&#8221;off&#8221; box_shadow_style_image=&#8221;preset2&#8243; box_shadow_horizontal_image=&#8221;5px&#8221; box_shadow_vertical_image=&#8221;5px&#8221; box_shadow_blur_image=&#8221;5px&#8221;]<\/p>\n<ul>\n<li>Praga: Pamatnik Narodniho Pismnictvi<\/li>\n<\/ul>\n<p>[\/et_pb_blurb][et_pb_blurb title=&#8221;Holandia:&#8221; image=&#8221;https:\/\/zagrajwsztuke.pl\/wp-content\/uploads\/2020\/08\/holandia-flaga.png&#8221; alt=&#8221;Jerzy Nowosielski&#8221; icon_placement=&#8221;left&#8221; _builder_version=&#8221;4.5.7&#8243; header_font=&#8221;Roboto|700|||||||&#8221; header_text_align=&#8221;left&#8221; header_font_size=&#8221;18px&#8221; header_line_height=&#8221;1.7em&#8221; body_font=&#8221;||||||||&#8221; body_font_size=&#8221;18px&#8221; body_line_height=&#8221;1.8em&#8221; background_color=&#8221;#ffffff&#8221; text_orientation=&#8221;center&#8221; module_alignment=&#8221;left&#8221; custom_margin=&#8221;|||&#8221; custom_padding=&#8221;|||&#8221; custom_padding_tablet=&#8221;&#8221; custom_padding_phone=&#8221;&#8221; custom_padding_last_edited=&#8221;on|phone&#8221; animation_style=&#8221;zoom&#8221; animation_intensity_zoom=&#8221;8%&#8221; animation=&#8221;off&#8221; box_shadow_style_image=&#8221;preset2&#8243; box_shadow_horizontal_image=&#8221;5px&#8221; box_shadow_vertical_image=&#8221;5px&#8221; box_shadow_blur_image=&#8221;5px&#8221;]<\/p>\n<ul>\n<li>Haga: Muzeum Miejskie<\/li>\n<\/ul>\n<p>[\/et_pb_blurb][et_pb_blurb title=&#8221;USA:&#8221; image=&#8221;https:\/\/zagrajwsztuke.pl\/wp-content\/uploads\/2020\/08\/flaga-usa-galeriamarzen.png&#8221; alt=&#8221;Jacek Malczewski&#8221; icon_placement=&#8221;left&#8221; _builder_version=&#8221;4.5.7&#8243; header_font=&#8221;Roboto|700|||||||&#8221; header_text_align=&#8221;left&#8221; header_font_size=&#8221;18px&#8221; header_line_height=&#8221;1.7em&#8221; body_font=&#8221;||||||||&#8221; body_font_size=&#8221;18px&#8221; body_line_height=&#8221;1.8em&#8221; background_color=&#8221;#ffffff&#8221; text_orientation=&#8221;center&#8221; module_alignment=&#8221;left&#8221; custom_margin=&#8221;|||&#8221; custom_padding=&#8221;|||&#8221; custom_padding_tablet=&#8221;&#8221; custom_padding_phone=&#8221;&#8221; custom_padding_last_edited=&#8221;on|phone&#8221; animation_style=&#8221;zoom&#8221; animation_intensity_zoom=&#8221;8%&#8221; animation=&#8221;off&#8221; box_shadow_style_image=&#8221;preset2&#8243; box_shadow_horizontal_image=&#8221;5px&#8221; box_shadow_vertical_image=&#8221;5px&#8221; box_shadow_blur_image=&#8221;5px&#8221;]<\/p>\n<ul>\n<li>Nowy Jork: Polish Institute of Arts and Sciences<\/li>\n<\/ul>\n<p>[\/et_pb_blurb][et_pb_blurb title=&#8221;Katowice: Muzeum \u015al\u0105skie. Mo\u017cna tam podziwia\u0107 m. in.: &#8221; image=&#8221;https:\/\/zagrajwsztuke.pl\/wp-content\/uploads\/2020\/08\/poland-galeria-marzen.png&#8221; alt=&#8221;galeria marze\u0144&#8221; icon_placement=&#8221;left&#8221; _builder_version=&#8221;4.5.7&#8243; header_font=&#8221;Roboto|700|||||||&#8221; header_text_align=&#8221;left&#8221; header_font_size=&#8221;18px&#8221; header_line_height=&#8221;1.7em&#8221; body_font=&#8221;||||||||&#8221; body_text_align=&#8221;left&#8221; body_font_size=&#8221;18px&#8221; body_line_height=&#8221;1.8em&#8221; background_color=&#8221;#ffffff&#8221; text_orientation=&#8221;center&#8221; module_alignment=&#8221;left&#8221; custom_margin=&#8221;|||&#8221; custom_padding=&#8221;|||&#8221; custom_padding_tablet=&#8221;&#8221; custom_padding_phone=&#8221;&#8221; custom_padding_last_edited=&#8221;on|phone&#8221; animation_style=&#8221;zoom&#8221; animation_intensity_zoom=&#8221;8%&#8221; animation=&#8221;off&#8221; box_shadow_style_image=&#8221;preset2&#8243; box_shadow_horizontal_image=&#8221;5px&#8221; box_shadow_vertical_image=&#8221;5px&#8221; box_shadow_blur_image=&#8221;5px&#8221;]<\/p>\n<ul>\n<li><em>\u201eMartwa natura z melonami\u201d <\/em>namalowany w 1928<\/li>\n<\/ul>\n<p>[\/et_pb_blurb][et_pb_blurb title=&#8221;Pozna\u0144: Muzeum Narodowe. Mo\u017cna tam podziwia\u0107 m. in.:&#8221; image=&#8221;https:\/\/zagrajwsztuke.pl\/wp-content\/uploads\/2020\/08\/poland-galeria-marzen.png&#8221; alt=&#8221;galeria marze\u0144&#8221; icon_placement=&#8221;left&#8221; _builder_version=&#8221;4.5.7&#8243; header_font=&#8221;Roboto|700|||||||&#8221; header_text_align=&#8221;left&#8221; header_font_size=&#8221;18px&#8221; header_line_height=&#8221;1.7em&#8221; body_font=&#8221;||||||||&#8221; body_text_align=&#8221;left&#8221; body_font_size=&#8221;18px&#8221; body_line_height=&#8221;1.8em&#8221; background_color=&#8221;#ffffff&#8221; text_orientation=&#8221;center&#8221; module_alignment=&#8221;left&#8221; custom_margin=&#8221;|||&#8221; custom_padding=&#8221;|||&#8221; custom_padding_tablet=&#8221;&#8221; custom_padding_phone=&#8221;&#8221; custom_padding_last_edited=&#8221;on|phone&#8221; animation_style=&#8221;zoom&#8221; animation_intensity_zoom=&#8221;8%&#8221; animation=&#8221;off&#8221; box_shadow_style_image=&#8221;preset2&#8243; box_shadow_horizontal_image=&#8221;5px&#8221; box_shadow_vertical_image=&#8221;5px&#8221; box_shadow_blur_image=&#8221;5px&#8221;]<\/p>\n<ul>\n<li><em>\u201eMaskarada\u201d <\/em>namalowany w 1928<\/li>\n<li><em>\u201eCh\u0142opczyk na \u0142\u00f3\u017cku\u201d <\/em>namalowany w 1930<\/li>\n<li><em>\u201eW ober\u017cy\u201d <\/em>namalowany w 1931<\/li>\n<\/ul>\n<p>[\/et_pb_blurb][et_pb_image src=&#8221;https:\/\/zagrajwsztuke.pl\/wp-content\/uploads\/2020\/08\/Makowski_Shoemaker.jpg&#8221; title_text=&#8221;Makowski_Shoemaker&#8221; _builder_version=&#8221;4.5.7&#8243; _module_preset=&#8221;default&#8221;][\/et_pb_image][et_pb_text _builder_version=&#8221;4.5.7&#8243; _module_preset=&#8221;default&#8221;]Szewc (1930), Muzeum Narodowe w Warszawie, Wikipedia[\/et_pb_text][et_pb_blurb title=&#8221;Inne miasta Polski:&#8221; image=&#8221;https:\/\/zagrajwsztuke.pl\/wp-content\/uploads\/2020\/08\/poland-galeria-marzen.png&#8221; alt=&#8221;galeria marze\u0144&#8221; icon_placement=&#8221;left&#8221; _builder_version=&#8221;4.5.7&#8243; header_font=&#8221;Roboto|700|||||||&#8221; header_text_align=&#8221;left&#8221; header_font_size=&#8221;18px&#8221; header_line_height=&#8221;1.7em&#8221; body_font=&#8221;||||||||&#8221; body_text_align=&#8221;left&#8221; body_font_size=&#8221;18px&#8221; body_line_height=&#8221;1.8em&#8221; background_color=&#8221;#ffffff&#8221; text_orientation=&#8221;center&#8221; module_alignment=&#8221;left&#8221; custom_margin=&#8221;|||&#8221; custom_padding=&#8221;|||&#8221; custom_padding_tablet=&#8221;&#8221; custom_padding_phone=&#8221;&#8221; custom_padding_last_edited=&#8221;on|phone&#8221; animation_style=&#8221;zoom&#8221; animation_intensity_zoom=&#8221;8%&#8221; animation=&#8221;off&#8221; box_shadow_style_image=&#8221;preset2&#8243; box_shadow_horizontal_image=&#8221;5px&#8221; box_shadow_vertical_image=&#8221;5px&#8221; box_shadow_blur_image=&#8221;5px&#8221;]<\/p>\n<ul>\n<li>Bochnia: Muzeum im. Prof. Stanis\u0142awa Fischera<\/li>\n<li>Bia\u0142ystok: Muzeum Okr\u0119gowe<\/li>\n<li>Bytom: Muzeum G\u00f3rno\u015bl\u0105skie<\/li>\n<li>Bydgoszcz: Muzeum Okr\u0119gowe im. Leona Wycz\u00f3\u0142kowskiego<\/li>\n<li>Lublin: Muzeum Lubelskie<\/li>\n<li>\u0141\u00f3d\u017a: Muzeum Sztuki<\/li>\n<li>Szczecin: Muzeum Narodowe<\/li>\n<li>Wroc\u0142aw: Muzeum Narodowe<\/li>\n<\/ul>\n<p>&nbsp;<\/p>\n<p>[\/et_pb_blurb][et_pb_image src=&#8221;https:\/\/zagrajwsztuke.pl\/wp-content\/uploads\/2020\/08\/1440px-Tadeusz_Makowski_-_Maskarada.jpg&#8221; alt=&#8221;Tadeusz Makowski&#8221; title_text=&#8221;1440px-Tadeusz_Makowski_-_Maskarada&#8221; align=&#8221;right&#8221; force_fullwidth=&#8221;on&#8221; align_tablet=&#8221;center&#8221; align_phone=&#8221;&#8221; align_last_edited=&#8221;on|desktop&#8221; _builder_version=&#8221;4.5.7&#8243; custom_margin=&#8221;||-10%|&#8221; animation_style=&#8221;roll&#8221; animation_direction=&#8221;left&#8221; animation_intensity_roll=&#8221;4%&#8221;][\/et_pb_image][et_pb_divider show_divider=&#8221;off&#8221; _builder_version=&#8221;4.5.7&#8243; _module_preset=&#8221;default&#8221;][\/et_pb_divider][et_pb_divider show_divider=&#8221;off&#8221; _builder_version=&#8221;4.5.7&#8243; _module_preset=&#8221;default&#8221;][\/et_pb_divider][et_pb_divider show_divider=&#8221;off&#8221; _builder_version=&#8221;4.5.7&#8243; _module_preset=&#8221;default&#8221;][\/et_pb_divider][et_pb_text _builder_version=&#8221;4.5.7&#8243; _module_preset=&#8221;default&#8221;]Maskarada (1928), Muzeum Narodowe w Poznaniu, Wikipedia[\/et_pb_text][\/et_pb_column][\/et_pb_row][\/et_pb_section][et_pb_section fb_built=&#8221;1&#8243; custom_padding_last_edited=&#8221;off|desktop&#8221; admin_label=&#8221;Services&#8221; _builder_version=&#8221;3.22.3&#8243; background_color_gradient_direction=&#8221;130deg&#8221; background_size=&#8221;initial&#8221; custom_padding=&#8221;80px|0px|80px|0px|false|false&#8221; custom_padding_tablet=&#8221;|||&#8221; custom_padding_phone=&#8221;0px|20%|0px||true&#8221; bottom_divider_style=&#8221;ramp&#8221; bottom_divider_color=&#8221;#ffffff&#8221; bottom_divider_height=&#8221;200px&#8221; bottom_divider_flip=&#8221;horizontal&#8221;][et_pb_row column_structure=&#8221;1_2,1_2&#8243; module_class=&#8221; et_pb_row_fullwidth&#8221; _builder_version=&#8221;3.25&#8243; width=&#8221;89%&#8221; width_tablet=&#8221;80%&#8221; width_phone=&#8221;&#8221; width_last_edited=&#8221;on|desktop&#8221; max_width=&#8221;89%&#8221; max_width_tablet=&#8221;80%&#8221; max_width_phone=&#8221;&#8221; max_width_last_edited=&#8221;on|desktop&#8221; make_fullwidth=&#8221;on&#8221;][et_pb_column type=&#8221;1_2&#8243; _builder_version=&#8221;3.25&#8243; custom_padding=&#8221;|||&#8221; custom_padding__hover=&#8221;|||&#8221;][et_pb_text _builder_version=&#8221;4.5.7&#8243; text_font_size=&#8221;16px&#8221; text_line_height=&#8221;2em&#8221; header_2_font=&#8221;Roboto|700|||||||&#8221; header_2_font_size=&#8221;45px&#8221; header_2_line_height=&#8221;1.2em&#8221; max_width=&#8221;800px&#8221; max_width_last_edited=&#8221;off|desktop&#8221; module_alignment=&#8221;center&#8221; custom_margin=&#8221;|||&#8221; custom_padding=&#8221;|||&#8221; header_2_font_size_tablet=&#8221;35px&#8221; header_2_font_size_phone=&#8221;28px&#8221; header_2_font_size_last_edited=&#8221;on|desktop&#8221;]<\/p>\n<h2>Tadeusz Makowski (1882-1932) <\/h2>\n<p>[\/et_pb_text][et_pb_divider _builder_version=&#8221;4.5.7&#8243; _module_preset=&#8221;default&#8221;][\/et_pb_divider][et_pb_counters _builder_version=&#8221;4.5.7&#8243; percent_font=&#8221;||||||||&#8221;][et_pb_counter percent=&#8221;100&#8243; _builder_version=&#8221;4.5.7&#8243; title_font_size=&#8221;20px&#8221; background_enable_color_default=&#8221;on&#8221; parallax_default=&#8221;off&#8221; parallax_method_default=&#8221;on&#8221; bar_background_color_default=&#8221;#E02B20&#8243; use_percentages=&#8221;on&#8221; allow_player_pause_default=&#8221;off&#8221;]ZNAKOMITY KOLORYSTA:[\/et_pb_counter][et_pb_counter percent=&#8221;100&#8243; _builder_version=&#8221;4.5.7&#8243; title_font_size=&#8221;20px&#8221; background_enable_color_default=&#8221;on&#8221; parallax_default=&#8221;off&#8221; parallax_method_default=&#8221;on&#8221; bar_background_color_default=&#8221;#E02B20&#8243; use_percentages=&#8221;on&#8221; allow_player_pause_default=&#8221;off&#8221;]OBRAZY NICZYM ILUSTRACJE BA\u015aNI:[\/et_pb_counter][et_pb_counter percent=&#8221;95&#8243; _builder_version=&#8221;4.5.7&#8243; title_font_size=&#8221;20px&#8221; background_enable_color_default=&#8221;on&#8221; parallax_default=&#8221;off&#8221; parallax_method_default=&#8221;on&#8221; bar_background_color_default=&#8221;#E02B20&#8243; use_percentages=&#8221;on&#8221; allow_player_pause_default=&#8221;off&#8221;]MOTYW POSTACI-KUK\u0141Y:[\/et_pb_counter][et_pb_counter percent=&#8221;100&#8243; _builder_version=&#8221;4.5.7&#8243; title_font_size=&#8221;20px&#8221; background_enable_color_default=&#8221;on&#8221; parallax_default=&#8221;off&#8221; parallax_method_default=&#8221;on&#8221; bar_background_color_default=&#8221;#E02B20&#8243; use_percentages=&#8221;on&#8221; allow_player_pause_default=&#8221;off&#8221;]ILUSTRATOR:[\/et_pb_counter][\/et_pb_counters][\/et_pb_column][et_pb_column type=&#8221;1_2&#8243; _builder_version=&#8221;3.25&#8243; custom_padding=&#8221;|||&#8221; custom_padding__hover=&#8221;|||&#8221;][et_pb_image src=&#8221;https:\/\/zagrajwsztuke.pl\/wp-content\/uploads\/2020\/08\/Tadeusz-Makowski-Pod_drogowskazemOk._1930.jpg&#8221; alt=&#8221;Tadeusz Makowski&#8221; title_text=&#8221;Tadeusz-Makowski-Pod_drogowskazemOk._1930&#8243; _builder_version=&#8221;4.5.7&#8243; _module_preset=&#8221;default&#8221;][\/et_pb_image][et_pb_text _builder_version=&#8221;4.5.7&#8243; _module_preset=&#8221;default&#8221;]Troje dzieci pod drogowskazem (1930), Muzeum \u015al\u0105skie w Katowicach, Wikipedia[\/et_pb_text][\/et_pb_column][\/et_pb_row][\/et_pb_section][et_pb_section fb_built=&#8221;1&#8243; custom_padding_last_edited=&#8221;on|desktop&#8221; admin_label=&#8221;Call to action&#8221; _builder_version=&#8221;4.5.7&#8243; background_color_gradient_direction=&#8221;130deg&#8221; background_image=&#8221;https:\/\/zagrajwsztuke.pl\/wp-content\/uploads\/2020\/08\/brush-96240_1920.jpg&#8221; parallax=&#8221;on&#8221; custom_padding=&#8221;16vw||7vw||false|false&#8221; custom_padding_tablet=&#8221;100px||100px||true&#8221; custom_padding_phone=&#8221;||||true&#8221; top_divider_style=&#8221;ramp2&#8243; top_divider_color=&#8221;#ffffff&#8221; top_divider_height=&#8221;250px&#8221; top_divider_flip=&#8221;vertical&#8221; top_divider_height_tablet=&#8221;150px&#8221; top_divider_height_phone=&#8221;110px&#8221; top_divider_height_last_edited=&#8221;on|phone&#8221; saved_tabs=&#8221;all&#8221;][et_pb_row module_class=&#8221; et_pb_row_fullwidth&#8221; _builder_version=&#8221;3.25&#8243; width=&#8221;89%&#8221; width_tablet=&#8221;80%&#8221; width_phone=&#8221;&#8221; width_last_edited=&#8221;on|desktop&#8221; max_width=&#8221;89%&#8221; max_width_tablet=&#8221;80%&#8221; max_width_phone=&#8221;&#8221; max_width_last_edited=&#8221;on|desktop&#8221; custom_margin_phone=&#8221;|||&#8221; custom_margin_last_edited=&#8221;off|desktop&#8221; custom_padding=&#8221;|||&#8221; make_fullwidth=&#8221;on&#8221;][et_pb_column type=&#8221;4_4&#8243; _builder_version=&#8221;3.25&#8243; custom_padding=&#8221;|||&#8221; custom_padding__hover=&#8221;|||&#8221;][et_pb_text _builder_version=&#8221;4.5.7&#8243; text_font=&#8221;||||||||&#8221; header_font=&#8221;||||||||&#8221; header_2_font=&#8221;Roboto|700|||||||&#8221; header_2_font_size=&#8221;50px&#8221; header_2_line_height=&#8221;1.4em&#8221; header_3_font=&#8221;Roboto|700||on|||||&#8221; header_3_text_align=&#8221;center&#8221; header_3_text_color=&#8221;#ffffff&#8221; header_3_font_size=&#8221;24px&#8221; header_3_letter_spacing=&#8221;5px&#8221; header_3_line_height=&#8221;2em&#8221; text_orientation=&#8221;center&#8221; background_layout=&#8221;dark&#8221; max_width=&#8221;850px&#8221; module_alignment=&#8221;center&#8221; custom_margin=&#8221;|||&#8221; custom_padding=&#8221;|||&#8221; text_font_size_last_edited=&#8221;off|desktop&#8221; header_2_font_size_tablet=&#8221;40px&#8221; header_2_font_size_phone=&#8221;32px&#8221; header_2_font_size_last_edited=&#8221;on|desktop&#8221; header_3_font_size_tablet=&#8221;16px&#8221; header_3_font_size_phone=&#8221;14px&#8221; header_3_font_size_last_edited=&#8221;on|phone&#8221; text_text_shadow_style=&#8221;preset3&#8243; text_text_shadow_horizontal_length=&#8221;0.1em&#8221; text_text_shadow_vertical_length=&#8221;0.1em&#8221;]<\/p>\n<h3>CZAS NA ZABAW\u0118!<\/h3>\n<h2>GOT\u00d3W NA GR\u0118?<\/h2>\n<p>[\/et_pb_text][et_pb_button button_url=&#8221;@ET-DC@eyJkeW5hbWljIjp0cnVlLCJjb250ZW50IjoicG9zdF9saW5rX3VybF9wYWdlIiwic2V0dGluZ3MiOnsicG9zdF9pZCI6IjMxNjQifX0=@&#8221; url_new_window=&#8221;on&#8221; button_text=&#8221;GRAM!&#8221; button_alignment=&#8221;center&#8221; _builder_version=&#8221;4.5.7&#8243; _dynamic_attributes=&#8221;button_url&#8221; _module_preset=&#8221;default&#8221; custom_button=&#8221;on&#8221; button_text_size=&#8221;26px&#8221; button_text_color=&#8221;#FFFFFF&#8221; button_bg_color=&#8221;#E02B20&#8243; button_border_width=&#8221;0px&#8221; button_border_radius=&#8221;37px&#8221; button_letter_spacing=&#8221;7px&#8221; box_shadow_style=&#8221;preset1&#8243; box_shadow_vertical=&#8221;4px&#8221; box_shadow_blur=&#8221;14px&#8221;][\/et_pb_button][\/et_pb_column][\/et_pb_row][\/et_pb_section]<\/p>\n","protected":false},"excerpt":{"rendered":"<p>Tadeusz Makowski (1882-1932) an eternally searching painter of poetic paintings. They spoke about him: \"great loner\" \"art fanatic\" Tadeusz Makowski<\/p>","protected":false},"author":1,"featured_media":3397,"comment_status":"closed","ping_status":"closed","sticky":false,"template":"","format":"standard","meta":{"_et_pb_use_builder":"on","_et_pb_old_content":"","_et_gb_content_width":"1920","footnotes":""},"categories":[164,96,163,162],"tags":[160,159,158,157],"class_list":["post-3391","post","type-post","status-publish","format-standard","has-post-thumbnail","hentry","category-ilustrator","category-kolorystyczny-nowator","category-motyw-postaci-kukly","category-obrazy-niczym-ilustracje-basni","tag-ilustrator","tag-motyw-postaci-kukly","tag-obrazy-niczym-ilustracje-basni","tag-znakomity-kolorysta","et-has-post-format-content","et_post_format-et-post-format-standard"],"yoast_head":"<!-- This site is optimized with the Yoast SEO plugin v27.3 - https:\/\/yoast.com\/product\/yoast-seo-wordpress\/ -->\n<title>Tadeusz Makowski - Galeria Marze\u0144 Tadeusz Makowski -<\/title>\n<meta name=\"description\" content=\"Tadeusz Makowski (1882-1932) wiecznie poszukuj\u0105cy malarz poetyckich obraz\u00f3w. M\u00f3wili o nim: \u201ewielki samotnik\u201d\u201efanatyk sztuki&quot; Tadeusz Makowski\" \/>\n<meta name=\"robots\" content=\"index, follow, max-snippet:-1, max-image-preview:large, max-video-preview:-1\" \/>\n<link rel=\"canonical\" href=\"https:\/\/zagrajwsztuke.pl\/en\/tadeusz-makowski\/\" \/>\n<meta property=\"og:locale\" content=\"en_GB\" \/>\n<meta property=\"og:type\" content=\"article\" \/>\n<meta property=\"og:title\" content=\"Tadeusz Makowski - Galeria Marze\u0144 Tadeusz Makowski -\" \/>\n<meta property=\"og:description\" content=\"Tadeusz Makowski (1882-1932) wiecznie poszukuj\u0105cy malarz poetyckich obraz\u00f3w. M\u00f3wili o nim: \u201ewielki samotnik\u201d\u201efanatyk sztuki&quot; Tadeusz Makowski\" \/>\n<meta property=\"og:url\" content=\"https:\/\/zagrajwsztuke.pl\/en\/tadeusz-makowski\/\" \/>\n<meta property=\"og:site_name\" content=\"Galeria Marze\u0144\" \/>\n<meta property=\"article:published_time\" content=\"2020-08-23T17:55:26+00:00\" \/>\n<meta property=\"article:modified_time\" content=\"2020-09-01T19:16:48+00:00\" \/>\n<meta property=\"og:image\" content=\"https:\/\/zagrajwsztuke.pl\/wp-content\/uploads\/2020\/08\/Tadeusz-Makowski_July_14th_in_the_country.jpg\" \/>\n\t<meta property=\"og:image:width\" content=\"745\" \/>\n\t<meta property=\"og:image:height\" content=\"611\" \/>\n\t<meta property=\"og:image:type\" content=\"image\/jpeg\" \/>\n<meta name=\"author\" content=\"Kulturopedia\" \/>\n<meta name=\"twitter:card\" content=\"summary_large_image\" \/>\n<meta name=\"twitter:label1\" content=\"Written by\" \/>\n\t<meta name=\"twitter:data1\" content=\"Kulturopedia\" \/>\n\t<meta name=\"twitter:label2\" content=\"Estimated reading time\" \/>\n\t<meta name=\"twitter:data2\" content=\"39 minutes\" \/>\n<script type=\"application\/ld+json\" class=\"yoast-schema-graph\">{\"@context\":\"https:\\\/\\\/schema.org\",\"@graph\":[{\"@type\":\"Article\",\"@id\":\"https:\\\/\\\/zagrajwsztuke.pl\\\/tadeusz-makowski\\\/#article\",\"isPartOf\":{\"@id\":\"https:\\\/\\\/zagrajwsztuke.pl\\\/tadeusz-makowski\\\/\"},\"author\":{\"name\":\"Kulturopedia\",\"@id\":\"https:\\\/\\\/zagrajwsztuke.pl\\\/#\\\/schema\\\/person\\\/c35c85467d4d3d214a2782a78eb91055\"},\"headline\":\"Tadeusz Makowski\",\"datePublished\":\"2020-08-23T17:55:26+00:00\",\"dateModified\":\"2020-09-01T19:16:48+00:00\",\"mainEntityOfPage\":{\"@id\":\"https:\\\/\\\/zagrajwsztuke.pl\\\/tadeusz-makowski\\\/\"},\"wordCount\":7818,\"image\":{\"@id\":\"https:\\\/\\\/zagrajwsztuke.pl\\\/tadeusz-makowski\\\/#primaryimage\"},\"thumbnailUrl\":\"https:\\\/\\\/zagrajwsztuke.pl\\\/wp-content\\\/uploads\\\/2020\\\/08\\\/Tadeusz-Makowski_July_14th_in_the_country.jpg\",\"keywords\":[\"ilustrator\",\"motyw postaci-kuk\u0142y\",\"obrazy niczym ilustracje ba\u015bni\",\"znakomity kolorysta\"],\"articleSection\":[\"Ilustrator\",\"Kolorysta\",\"Motyw postaci-kuk\u0142y\",\"Obrazy niczym ilustracje ba\u015bni\"],\"inLanguage\":\"en-GB\"},{\"@type\":\"WebPage\",\"@id\":\"https:\\\/\\\/zagrajwsztuke.pl\\\/tadeusz-makowski\\\/\",\"url\":\"https:\\\/\\\/zagrajwsztuke.pl\\\/tadeusz-makowski\\\/\",\"name\":\"Tadeusz Makowski - Galeria Marze\u0144 Tadeusz Makowski -\",\"isPartOf\":{\"@id\":\"https:\\\/\\\/zagrajwsztuke.pl\\\/#website\"},\"primaryImageOfPage\":{\"@id\":\"https:\\\/\\\/zagrajwsztuke.pl\\\/tadeusz-makowski\\\/#primaryimage\"},\"image\":{\"@id\":\"https:\\\/\\\/zagrajwsztuke.pl\\\/tadeusz-makowski\\\/#primaryimage\"},\"thumbnailUrl\":\"https:\\\/\\\/zagrajwsztuke.pl\\\/wp-content\\\/uploads\\\/2020\\\/08\\\/Tadeusz-Makowski_July_14th_in_the_country.jpg\",\"datePublished\":\"2020-08-23T17:55:26+00:00\",\"dateModified\":\"2020-09-01T19:16:48+00:00\",\"author\":{\"@id\":\"https:\\\/\\\/zagrajwsztuke.pl\\\/#\\\/schema\\\/person\\\/c35c85467d4d3d214a2782a78eb91055\"},\"description\":\"Tadeusz Makowski (1882-1932) wiecznie poszukuj\u0105cy malarz poetyckich obraz\u00f3w. M\u00f3wili o nim: \u201ewielki samotnik\u201d\u201efanatyk sztuki\\\" Tadeusz Makowski\",\"breadcrumb\":{\"@id\":\"https:\\\/\\\/zagrajwsztuke.pl\\\/tadeusz-makowski\\\/#breadcrumb\"},\"inLanguage\":\"en-GB\",\"potentialAction\":[{\"@type\":\"ReadAction\",\"target\":[\"https:\\\/\\\/zagrajwsztuke.pl\\\/tadeusz-makowski\\\/\"]}]},{\"@type\":\"ImageObject\",\"inLanguage\":\"en-GB\",\"@id\":\"https:\\\/\\\/zagrajwsztuke.pl\\\/tadeusz-makowski\\\/#primaryimage\",\"url\":\"https:\\\/\\\/zagrajwsztuke.pl\\\/wp-content\\\/uploads\\\/2020\\\/08\\\/Tadeusz-Makowski_July_14th_in_the_country.jpg\",\"contentUrl\":\"https:\\\/\\\/zagrajwsztuke.pl\\\/wp-content\\\/uploads\\\/2020\\\/08\\\/Tadeusz-Makowski_July_14th_in_the_country.jpg\",\"width\":745,\"height\":611,\"caption\":\"Tadeusz Makowski\"},{\"@type\":\"BreadcrumbList\",\"@id\":\"https:\\\/\\\/zagrajwsztuke.pl\\\/tadeusz-makowski\\\/#breadcrumb\",\"itemListElement\":[{\"@type\":\"ListItem\",\"position\":1,\"name\":\"Strona g\u0142\u00f3wna\",\"item\":\"https:\\\/\\\/zagrajwsztuke.pl\\\/\"},{\"@type\":\"ListItem\",\"position\":2,\"name\":\"Tadeusz Makowski\"}]},{\"@type\":\"WebSite\",\"@id\":\"https:\\\/\\\/zagrajwsztuke.pl\\\/#website\",\"url\":\"https:\\\/\\\/zagrajwsztuke.pl\\\/\",\"name\":\"Galeria Marze\u0144\",\"description\":\"Zagraj w sztuk\u0119!\",\"potentialAction\":[{\"@type\":\"SearchAction\",\"target\":{\"@type\":\"EntryPoint\",\"urlTemplate\":\"https:\\\/\\\/zagrajwsztuke.pl\\\/?s={search_term_string}\"},\"query-input\":{\"@type\":\"PropertyValueSpecification\",\"valueRequired\":true,\"valueName\":\"search_term_string\"}}],\"inLanguage\":\"en-GB\"},{\"@type\":\"Person\",\"@id\":\"https:\\\/\\\/zagrajwsztuke.pl\\\/#\\\/schema\\\/person\\\/c35c85467d4d3d214a2782a78eb91055\",\"name\":\"Kulturopedia\",\"image\":{\"@type\":\"ImageObject\",\"inLanguage\":\"en-GB\",\"@id\":\"https:\\\/\\\/secure.gravatar.com\\\/avatar\\\/9838ac4e8915a32574d895f9bfa0750a5b5179663c0fd948cf422fbc90101041?s=96&d=mm&r=g\",\"url\":\"https:\\\/\\\/secure.gravatar.com\\\/avatar\\\/9838ac4e8915a32574d895f9bfa0750a5b5179663c0fd948cf422fbc90101041?s=96&d=mm&r=g\",\"contentUrl\":\"https:\\\/\\\/secure.gravatar.com\\\/avatar\\\/9838ac4e8915a32574d895f9bfa0750a5b5179663c0fd948cf422fbc90101041?s=96&d=mm&r=g\",\"caption\":\"Kulturopedia\"},\"url\":\"https:\\\/\\\/zagrajwsztuke.pl\\\/en\\\/author\\\/admin\\\/\"}]}<\/script>\n<!-- \/ Yoast SEO plugin. -->","yoast_head_json":{"title":"Tadeusz Makowski - Galeria Marze\u0144 Tadeusz Makowski -","description":"Tadeusz Makowski (1882-1932) wiecznie poszukuj\u0105cy malarz poetyckich obraz\u00f3w. M\u00f3wili o nim: \u201ewielki samotnik\u201d\u201efanatyk sztuki\" Tadeusz Makowski","robots":{"index":"index","follow":"follow","max-snippet":"max-snippet:-1","max-image-preview":"max-image-preview:large","max-video-preview":"max-video-preview:-1"},"canonical":"https:\/\/zagrajwsztuke.pl\/en\/tadeusz-makowski\/","og_locale":"en_GB","og_type":"article","og_title":"Tadeusz Makowski - Galeria Marze\u0144 Tadeusz Makowski -","og_description":"Tadeusz Makowski (1882-1932) wiecznie poszukuj\u0105cy malarz poetyckich obraz\u00f3w. M\u00f3wili o nim: \u201ewielki samotnik\u201d\u201efanatyk sztuki\" Tadeusz Makowski","og_url":"https:\/\/zagrajwsztuke.pl\/en\/tadeusz-makowski\/","og_site_name":"Galeria Marze\u0144","article_published_time":"2020-08-23T17:55:26+00:00","article_modified_time":"2020-09-01T19:16:48+00:00","og_image":[{"width":745,"height":611,"url":"https:\/\/zagrajwsztuke.pl\/wp-content\/uploads\/2020\/08\/Tadeusz-Makowski_July_14th_in_the_country.jpg","type":"image\/jpeg"}],"author":"Kulturopedia","twitter_card":"summary_large_image","twitter_misc":{"Written by":"Kulturopedia","Estimated reading time":"39 minutes"},"schema":{"@context":"https:\/\/schema.org","@graph":[{"@type":"Article","@id":"https:\/\/zagrajwsztuke.pl\/tadeusz-makowski\/#article","isPartOf":{"@id":"https:\/\/zagrajwsztuke.pl\/tadeusz-makowski\/"},"author":{"name":"Kulturopedia","@id":"https:\/\/zagrajwsztuke.pl\/#\/schema\/person\/c35c85467d4d3d214a2782a78eb91055"},"headline":"Tadeusz Makowski","datePublished":"2020-08-23T17:55:26+00:00","dateModified":"2020-09-01T19:16:48+00:00","mainEntityOfPage":{"@id":"https:\/\/zagrajwsztuke.pl\/tadeusz-makowski\/"},"wordCount":7818,"image":{"@id":"https:\/\/zagrajwsztuke.pl\/tadeusz-makowski\/#primaryimage"},"thumbnailUrl":"https:\/\/zagrajwsztuke.pl\/wp-content\/uploads\/2020\/08\/Tadeusz-Makowski_July_14th_in_the_country.jpg","keywords":["ilustrator","motyw postaci-kuk\u0142y","obrazy niczym ilustracje ba\u015bni","znakomity kolorysta"],"articleSection":["Ilustrator","Kolorysta","Motyw postaci-kuk\u0142y","Obrazy niczym ilustracje ba\u015bni"],"inLanguage":"en-GB"},{"@type":"WebPage","@id":"https:\/\/zagrajwsztuke.pl\/tadeusz-makowski\/","url":"https:\/\/zagrajwsztuke.pl\/tadeusz-makowski\/","name":"Tadeusz Makowski - Galeria Marze\u0144 Tadeusz Makowski -","isPartOf":{"@id":"https:\/\/zagrajwsztuke.pl\/#website"},"primaryImageOfPage":{"@id":"https:\/\/zagrajwsztuke.pl\/tadeusz-makowski\/#primaryimage"},"image":{"@id":"https:\/\/zagrajwsztuke.pl\/tadeusz-makowski\/#primaryimage"},"thumbnailUrl":"https:\/\/zagrajwsztuke.pl\/wp-content\/uploads\/2020\/08\/Tadeusz-Makowski_July_14th_in_the_country.jpg","datePublished":"2020-08-23T17:55:26+00:00","dateModified":"2020-09-01T19:16:48+00:00","author":{"@id":"https:\/\/zagrajwsztuke.pl\/#\/schema\/person\/c35c85467d4d3d214a2782a78eb91055"},"description":"Tadeusz Makowski (1882-1932) wiecznie poszukuj\u0105cy malarz poetyckich obraz\u00f3w. M\u00f3wili o nim: \u201ewielki samotnik\u201d\u201efanatyk sztuki\" Tadeusz Makowski","breadcrumb":{"@id":"https:\/\/zagrajwsztuke.pl\/tadeusz-makowski\/#breadcrumb"},"inLanguage":"en-GB","potentialAction":[{"@type":"ReadAction","target":["https:\/\/zagrajwsztuke.pl\/tadeusz-makowski\/"]}]},{"@type":"ImageObject","inLanguage":"en-GB","@id":"https:\/\/zagrajwsztuke.pl\/tadeusz-makowski\/#primaryimage","url":"https:\/\/zagrajwsztuke.pl\/wp-content\/uploads\/2020\/08\/Tadeusz-Makowski_July_14th_in_the_country.jpg","contentUrl":"https:\/\/zagrajwsztuke.pl\/wp-content\/uploads\/2020\/08\/Tadeusz-Makowski_July_14th_in_the_country.jpg","width":745,"height":611,"caption":"Tadeusz Makowski"},{"@type":"BreadcrumbList","@id":"https:\/\/zagrajwsztuke.pl\/tadeusz-makowski\/#breadcrumb","itemListElement":[{"@type":"ListItem","position":1,"name":"Strona g\u0142\u00f3wna","item":"https:\/\/zagrajwsztuke.pl\/"},{"@type":"ListItem","position":2,"name":"Tadeusz Makowski"}]},{"@type":"WebSite","@id":"https:\/\/zagrajwsztuke.pl\/#website","url":"https:\/\/zagrajwsztuke.pl\/","name":"Dream Gallery","description":"PLAY A GAME!","potentialAction":[{"@type":"SearchAction","target":{"@type":"EntryPoint","urlTemplate":"https:\/\/zagrajwsztuke.pl\/?s={search_term_string}"},"query-input":{"@type":"PropertyValueSpecification","valueRequired":true,"valueName":"search_term_string"}}],"inLanguage":"en-GB"},{"@type":"Person","@id":"https:\/\/zagrajwsztuke.pl\/#\/schema\/person\/c35c85467d4d3d214a2782a78eb91055","name":"Culturopedia","image":{"@type":"ImageObject","inLanguage":"en-GB","@id":"https:\/\/secure.gravatar.com\/avatar\/9838ac4e8915a32574d895f9bfa0750a5b5179663c0fd948cf422fbc90101041?s=96&d=mm&r=g","url":"https:\/\/secure.gravatar.com\/avatar\/9838ac4e8915a32574d895f9bfa0750a5b5179663c0fd948cf422fbc90101041?s=96&d=mm&r=g","contentUrl":"https:\/\/secure.gravatar.com\/avatar\/9838ac4e8915a32574d895f9bfa0750a5b5179663c0fd948cf422fbc90101041?s=96&d=mm&r=g","caption":"Kulturopedia"},"url":"https:\/\/zagrajwsztuke.pl\/en\/author\/admin\/"}]}},"_links":{"self":[{"href":"https:\/\/zagrajwsztuke.pl\/en\/wp-json\/wp\/v2\/posts\/3391","targetHints":{"allow":["GET"]}}],"collection":[{"href":"https:\/\/zagrajwsztuke.pl\/en\/wp-json\/wp\/v2\/posts"}],"about":[{"href":"https:\/\/zagrajwsztuke.pl\/en\/wp-json\/wp\/v2\/types\/post"}],"author":[{"embeddable":true,"href":"https:\/\/zagrajwsztuke.pl\/en\/wp-json\/wp\/v2\/users\/1"}],"replies":[{"embeddable":true,"href":"https:\/\/zagrajwsztuke.pl\/en\/wp-json\/wp\/v2\/comments?post=3391"}],"version-history":[{"count":0,"href":"https:\/\/zagrajwsztuke.pl\/en\/wp-json\/wp\/v2\/posts\/3391\/revisions"}],"wp:featuredmedia":[{"embeddable":true,"href":"https:\/\/zagrajwsztuke.pl\/en\/wp-json\/wp\/v2\/media\/3397"}],"wp:attachment":[{"href":"https:\/\/zagrajwsztuke.pl\/en\/wp-json\/wp\/v2\/media?parent=3391"}],"wp:term":[{"taxonomy":"category","embeddable":true,"href":"https:\/\/zagrajwsztuke.pl\/en\/wp-json\/wp\/v2\/categories?post=3391"},{"taxonomy":"post_tag","embeddable":true,"href":"https:\/\/zagrajwsztuke.pl\/en\/wp-json\/wp\/v2\/tags?post=3391"}],"curies":[{"name":"wp","href":"https:\/\/api.w.org\/{rel}","templated":true}]}}