{"id":3254,"date":"2020-08-22T10:52:35","date_gmt":"2020-08-22T09:52:35","guid":{"rendered":"https:\/\/zagrajwsztuke.pl\/?p=3254"},"modified":"2020-09-04T20:17:34","modified_gmt":"2020-09-04T19:17:34","slug":"jacek-malczewski","status":"publish","type":"post","link":"https:\/\/zagrajwsztuke.pl\/en\/jacek-malczewski\/","title":{"rendered":"Jacek Malczewski"},"content":{"rendered":"<p>[et_pb_section fb_built=&#8221;1&#8243; custom_padding_last_edited=&#8221;on|desktop&#8221; admin_label=&#8221;Header&#8221; _builder_version=&#8221;4.5.7&#8243; background_color_gradient_direction=&#8221;130deg&#8221; background_image=&#8221;https:\/\/zagrajwsztuke.pl\/wp-content\/uploads\/2020\/08\/Jacek-Malczewski-Bledne_kolo.jpg&#8221; parallax=&#8221;on&#8221; custom_padding=&#8221;7vw||10vw||false|false&#8221; custom_padding_tablet=&#8221;100px||100px||true&#8221; custom_padding_phone=&#8221;||||true&#8221; bottom_divider_style=&#8221;ramp2&#8243; bottom_divider_color=&#8221;#ffffff&#8221; bottom_divider_height=&#8221;250px&#8221; bottom_divider_flip=&#8221;horizontal&#8221; bottom_divider_height_tablet=&#8221;150px&#8221; bottom_divider_height_phone=&#8221;110px&#8221; bottom_divider_height_last_edited=&#8221;on|phone&#8221; saved_tabs=&#8221;all&#8221;][et_pb_row _builder_version=&#8221;3.25&#8243;][et_pb_column type=&#8221;4_4&#8243; _builder_version=&#8221;3.25&#8243; custom_padding=&#8221;|||&#8221; custom_padding__hover=&#8221;|||&#8221;][et_pb_text _builder_version=&#8221;4.5.7&#8243; text_font=&#8221;Roboto||||||||&#8221; text_text_color=&#8221;#000000&#8243; text_font_size=&#8221;16px&#8221; text_line_height=&#8221;1.8em&#8221; header_font=&#8221;Roboto|700|||||||&#8221; header_text_align=&#8221;center&#8221; header_font_size=&#8221;80px&#8221; header_line_height=&#8221;1.2em&#8221; header_3_font=&#8221;Roboto|700||on|||||&#8221; header_3_text_align=&#8221;center&#8221; header_3_text_color=&#8221;#ffffff&#8221; header_3_font_size=&#8221;24px&#8221; header_3_letter_spacing=&#8221;10px&#8221; header_3_line_height=&#8221;2em&#8221; text_orientation=&#8221;center&#8221; background_layout=&#8221;dark&#8221; module_alignment=&#8221;center&#8221; text_font_size_last_edited=&#8221;off|desktop&#8221; header_font_size_tablet=&#8221;40px&#8221; header_font_size_phone=&#8221;32px&#8221; header_font_size_last_edited=&#8221;on|phone&#8221; header_3_font_size_tablet=&#8221;16px&#8221; header_3_font_size_phone=&#8221;14px&#8221; header_3_font_size_last_edited=&#8221;on|phone&#8221; header_3_letter_spacing_tablet=&#8221;5px&#8221; header_3_letter_spacing_phone=&#8221;&#8221; header_3_letter_spacing_last_edited=&#8221;on|tablet&#8221; text_text_shadow_style=&#8221;preset3&#8243; text_text_shadow_horizontal_length=&#8221;0.1em&#8221; text_text_shadow_vertical_length=&#8221;0.1em&#8221; text_text_shadow_color=&#8221;#000000&#8243;]<\/p>\n<h3><strong style=\"font-family: Roboto, Helvetica, Arial, Lucida, sans-serif;\">Wielcy Malarze<\/strong><\/h3>\n<h3><strong style=\"font-family: Roboto, Helvetica, Arial, Lucida, sans-serif; font-size: 80px; letter-spacing: 0.5px;\">Jacek Malczewski <\/strong><\/h3>\n<h3><strong style=\"font-family: Roboto, Helvetica, Arial, Lucida, sans-serif;\">\u2013 jeden z najbardziej suwerennych artyst\u00f3w<\/strong><\/h3>\n<p>[\/et_pb_text][\/et_pb_column][\/et_pb_row][\/et_pb_section][et_pb_section fb_built=&#8221;1&#8243; admin_label=&#8221;Get Started&#8221; _builder_version=&#8221;3.22.3&#8243; custom_padding=&#8221;0px||||false|false&#8221; saved_tabs=&#8221;all&#8221;][et_pb_row column_structure=&#8221;1_2,1_2&#8243; use_custom_gutter=&#8221;on&#8221; gutter_width=&#8221;2&#8243; _builder_version=&#8221;3.25.4&#8243; max_width=&#8221;1700px&#8221; custom_margin=&#8221;|||&#8221; custom_padding=&#8221;0px|||&#8221; use_custom_width=&#8221;on&#8221; custom_width_px=&#8221;1700px&#8221;][et_pb_column type=&#8221;1_2&#8243; _builder_version=&#8221;3.25&#8243; custom_padding=&#8221;|||&#8221; custom_padding__hover=&#8221;|||&#8221;][et_pb_image src=&#8221;https:\/\/zagrajwsztuke.pl\/wp-content\/uploads\/2020\/08\/Jacek-Malczewski-on.jpg&#8221; alt=&#8221;Jacek Malczewski &#8221; title_text=&#8221;Jacek-Malczewski-on&#8221; align=&#8221;center&#8221; align_tablet=&#8221;center&#8221; align_phone=&#8221;&#8221; align_last_edited=&#8221;on|desktop&#8221; _builder_version=&#8221;4.5.7&#8243; max_width=&#8221;1100px&#8221; module_alignment=&#8221;center&#8221; custom_margin=&#8221;-8vw|||&#8221; custom_margin_tablet=&#8221;0vw|||&#8221; custom_margin_phone=&#8221;&#8221; custom_margin_last_edited=&#8221;on|tablet&#8221; animation_style=&#8221;roll&#8221; animation_direction=&#8221;left&#8221; animation_intensity_roll=&#8221;1%&#8221;][\/et_pb_image][et_pb_text _builder_version=&#8221;4.5.7&#8243; _module_preset=&#8221;default&#8221;]<\/p>\n<p>Jacek Malczewski, autoportret (1925),\u00a0Wikipedia<\/p>\n<p>[\/et_pb_text][\/et_pb_column][et_pb_column type=&#8221;1_2&#8243; _builder_version=&#8221;3.25.4&#8243;][et_pb_text _builder_version=&#8221;4.5.7&#8243; text_font_size=&#8221;16px&#8221; text_line_height=&#8221;2em&#8221; header_2_font=&#8221;Roboto|700|||||||&#8221; header_2_font_size=&#8221;45px&#8221; header_2_line_height=&#8221;1.2em&#8221; max_width=&#8221;800px&#8221; max_width_last_edited=&#8221;off|desktop&#8221; module_alignment=&#8221;center&#8221; custom_margin=&#8221;|||&#8221; custom_padding=&#8221;|||&#8221; header_2_font_size_tablet=&#8221;35px&#8221; header_2_font_size_phone=&#8221;28px&#8221; header_2_font_size_last_edited=&#8221;on|desktop&#8221;]<\/p>\n<h2><strong>Jacek Malczewski <\/strong><\/h2>\n<h2><strong>(1854-1929) <\/strong><\/h2>\n<p>[\/et_pb_text][et_pb_divider _builder_version=&#8221;3.25.4&#8243;][\/et_pb_divider][et_pb_text _builder_version=&#8221;4.5.7&#8243; text_font_size=&#8221;20px&#8221; text_line_height=&#8221;2em&#8221; header_2_font=&#8221;Roboto|700|||||||&#8221; header_2_font_size=&#8221;45px&#8221; header_2_line_height=&#8221;1.2em&#8221; max_width=&#8221;800px&#8221; max_width_last_edited=&#8221;off|desktop&#8221; module_alignment=&#8221;center&#8221; custom_margin=&#8221;|||&#8221; custom_padding=&#8221;|||&#8221; header_2_font_size_tablet=&#8221;35px&#8221; header_2_font_size_phone=&#8221;28px&#8221; header_2_font_size_last_edited=&#8221;on|desktop&#8221;]Jego sztuka jest prawdziw\u0105 \u201emieszank\u0105 wybuchow\u0105\u201d \u2013 \u0142\u0105czy erotyzm z mistycyzmem, folklor z antykiem, liryczn\u0105 zadum\u0119 z brutaln\u0105 zmys\u0142owo\u015bci\u0105 i patos z ironiczn\u0105 kpin\u0105. Od lat wzbudza skrajne emocje, lecz nikogo nie pozostawia oboj\u0119tnym. Jego szalona, rozhu\u015btana wyobra\u017ania stworzy\u0142a \u015bwiat niebywale wyrazisty.[\/et_pb_text][\/et_pb_column][\/et_pb_row][et_pb_row column_structure=&#8221;1_3,1_3,1_3&#8243; _builder_version=&#8221;4.5.7&#8243; _module_preset=&#8221;default&#8221;][et_pb_column type=&#8221;1_3&#8243; _builder_version=&#8221;4.5.7&#8243; _module_preset=&#8221;default&#8221;][et_pb_blurb title=&#8221;OJCIEC POLSKIEGO SYMBOLIZMU&#8221; use_icon=&#8221;on&#8221; font_icon=&#8221;%%101%%&#8221; icon_color=&#8221;#6a9ae8&#8243; use_circle=&#8221;on&#8221; circle_color=&#8221;rgba(106,154,232,0.3)&#8221; use_icon_font_size=&#8221;on&#8221; _builder_version=&#8221;4.5.7&#8243; header_font=&#8221;Roboto|700|||||||&#8221; header_font_size=&#8221;18px&#8221; header_line_height=&#8221;1.7em&#8221; body_font=&#8221;||||||||&#8221; body_line_height=&#8221;1.8em&#8221; background_color=&#8221;#ffffff&#8221; text_orientation=&#8221;center&#8221; module_alignment=&#8221;left&#8221; custom_margin=&#8221;|||&#8221; custom_padding=&#8221;|||&#8221; custom_padding_tablet=&#8221;&#8221; custom_padding_phone=&#8221;&#8221; custom_padding_last_edited=&#8221;on|phone&#8221; animation_style=&#8221;zoom&#8221; animation_intensity_zoom=&#8221;8%&#8221; animation=&#8221;off&#8221; border_width_all_image=&#8221;50px&#8221;][\/et_pb_blurb][et_pb_blurb title=&#8221;\u201eFILMOWO\u015a\u0106\u201d OBRAZ\u00d3W&#8221; use_icon=&#8221;on&#8221; font_icon=&#8221;%%129%%&#8221; icon_color=&#8221;#6a9ae8&#8243; use_circle=&#8221;on&#8221; circle_color=&#8221;rgba(106,154,232,0.3)&#8221; use_icon_font_size=&#8221;on&#8221; _builder_version=&#8221;4.5.7&#8243; header_font=&#8221;Roboto|700|||||||&#8221; header_font_size=&#8221;18px&#8221; header_line_height=&#8221;1.7em&#8221; body_font=&#8221;||||||||&#8221; body_line_height=&#8221;1.8em&#8221; background_color=&#8221;#ffffff&#8221; text_orientation=&#8221;center&#8221; module_alignment=&#8221;left&#8221; custom_margin=&#8221;|||&#8221; custom_padding=&#8221;|||&#8221; custom_padding_tablet=&#8221;&#8221; custom_padding_phone=&#8221;&#8221; custom_padding_last_edited=&#8221;on|phone&#8221; animation_style=&#8221;zoom&#8221; animation_intensity_zoom=&#8221;8%&#8221; animation=&#8221;off&#8221; border_width_all_image=&#8221;50px&#8221;][\/et_pb_blurb][\/et_pb_column][et_pb_column type=&#8221;1_3&#8243; _builder_version=&#8221;4.5.7&#8243; _module_preset=&#8221;default&#8221;][et_pb_blurb title=&#8221;ARTYSTA NA WSKRO\u015a NOWOCZESNY&#8221; use_icon=&#8221;on&#8221; font_icon=&#8221;%%103%%&#8221; icon_color=&#8221;#6a9ae8&#8243; use_circle=&#8221;on&#8221; circle_color=&#8221;rgba(106,154,232,0.3)&#8221; use_icon_font_size=&#8221;on&#8221; _builder_version=&#8221;4.5.7&#8243; header_font=&#8221;Roboto|700|||||||&#8221; header_font_size=&#8221;18px&#8221; header_line_height=&#8221;1.7em&#8221; body_font=&#8221;||||||||&#8221; body_line_height=&#8221;1.8em&#8221; background_color=&#8221;#ffffff&#8221; text_orientation=&#8221;center&#8221; module_alignment=&#8221;left&#8221; custom_margin=&#8221;|||&#8221; custom_padding=&#8221;|||&#8221; custom_padding_tablet=&#8221;&#8221; custom_padding_phone=&#8221;&#8221; custom_padding_last_edited=&#8221;on|phone&#8221; animation_style=&#8221;zoom&#8221; animation_intensity_zoom=&#8221;8%&#8221; animation=&#8221;off&#8221; border_width_all_image=&#8221;50px&#8221;][\/et_pb_blurb][et_pb_blurb title=&#8221;FOLKLORYZM I ROMANTYZM&#8221; use_icon=&#8221;on&#8221; font_icon=&#8221;%%141%%&#8221; icon_color=&#8221;#6a9ae8&#8243; use_circle=&#8221;on&#8221; circle_color=&#8221;rgba(106,154,232,0.3)&#8221; use_icon_font_size=&#8221;on&#8221; _builder_version=&#8221;4.5.7&#8243; header_font=&#8221;Roboto|700|||||||&#8221; header_font_size=&#8221;18px&#8221; header_line_height=&#8221;1.7em&#8221; body_font=&#8221;||||||||&#8221; body_line_height=&#8221;1.8em&#8221; background_color=&#8221;#ffffff&#8221; text_orientation=&#8221;center&#8221; module_alignment=&#8221;left&#8221; custom_margin=&#8221;|||&#8221; custom_padding=&#8221;|||&#8221; custom_padding_tablet=&#8221;&#8221; custom_padding_phone=&#8221;&#8221; custom_padding_last_edited=&#8221;on|phone&#8221; animation_style=&#8221;zoom&#8221; animation_intensity_zoom=&#8221;8%&#8221; animation=&#8221;off&#8221; border_width_all_image=&#8221;50px&#8221;][\/et_pb_blurb][\/et_pb_column][et_pb_column type=&#8221;1_3&#8243; _builder_version=&#8221;4.5.7&#8243; _module_preset=&#8221;default&#8221;][et_pb_blurb title=&#8221;KOLORYSTYCZNY NOWATOR&#8221; use_icon=&#8221;on&#8221; font_icon=&#8221;%%100%%&#8221; icon_color=&#8221;#6a9ae8&#8243; use_circle=&#8221;on&#8221; circle_color=&#8221;rgba(106,154,232,0.3)&#8221; use_icon_font_size=&#8221;on&#8221; _builder_version=&#8221;4.5.7&#8243; header_font=&#8221;Roboto|700|||||||&#8221; header_font_size=&#8221;18px&#8221; header_line_height=&#8221;1.7em&#8221; body_font=&#8221;||||||||&#8221; body_line_height=&#8221;1.8em&#8221; background_color=&#8221;#ffffff&#8221; text_orientation=&#8221;center&#8221; module_alignment=&#8221;left&#8221; custom_margin=&#8221;|||&#8221; custom_padding=&#8221;|||&#8221; custom_padding_tablet=&#8221;&#8221; custom_padding_phone=&#8221;&#8221; custom_padding_last_edited=&#8221;on|phone&#8221; animation_style=&#8221;zoom&#8221; animation_intensity_zoom=&#8221;8%&#8221; animation=&#8221;off&#8221; border_width_all_image=&#8221;50px&#8221;][\/et_pb_blurb][\/et_pb_column][\/et_pb_row][et_pb_row column_structure=&#8221;1_2,1_2&#8243; _builder_version=&#8221;3.25&#8243; background_size=&#8221;initial&#8221; background_position=&#8221;top_left&#8221; background_repeat=&#8221;repeat&#8221;][et_pb_column type=&#8221;1_2&#8243; _builder_version=&#8221;3.25&#8243; custom_padding=&#8221;|||&#8221; custom_padding__hover=&#8221;|||&#8221;][et_pb_text _builder_version=&#8221;4.5.7&#8243; text_font_size=&#8221;16px&#8221; text_line_height=&#8221;2em&#8221; header_2_font=&#8221;Roboto|700|||||||&#8221; header_2_font_size=&#8221;45px&#8221; header_2_line_height=&#8221;1.2em&#8221; max_width=&#8221;800px&#8221; max_width_last_edited=&#8221;off|desktop&#8221; module_alignment=&#8221;center&#8221; custom_margin=&#8221;|||&#8221; custom_padding=&#8221;|||&#8221; header_2_font_size_tablet=&#8221;35px&#8221; header_2_font_size_phone=&#8221;28px&#8221; header_2_font_size_last_edited=&#8221;on|desktop&#8221;]<\/p>\n<h2><strong>Jacek Malczewski <\/strong><\/h2>\n<p>[\/et_pb_text][et_pb_divider _builder_version=&#8221;3.25.4&#8243;][\/et_pb_divider][et_pb_blurb title=&#8221;1854 &#8221; use_icon=&#8221;on&#8221; font_icon=&#8221;%%169%%&#8221; icon_color=&#8221;#6a9ae8&#8243; use_icon_font_size=&#8221;on&#8221; _builder_version=&#8221;4.5.7&#8243; header_font=&#8221;Roboto|700|||||||&#8221; header_font_size=&#8221;30px&#8221; header_line_height=&#8221;1.7em&#8221; body_font=&#8221;||||||||&#8221; body_font_size=&#8221;18px&#8221; body_line_height=&#8221;1.8em&#8221; background_color=&#8221;#ffffff&#8221; text_orientation=&#8221;center&#8221; module_alignment=&#8221;left&#8221; custom_margin=&#8221;|||&#8221; custom_padding=&#8221;|||&#8221; custom_padding_tablet=&#8221;&#8221; custom_padding_phone=&#8221;&#8221; custom_padding_last_edited=&#8221;on|phone&#8221; animation_style=&#8221;zoom&#8221; animation_intensity_zoom=&#8221;8%&#8221; animation=&#8221;off&#8221; border_width_all_image=&#8221;50px&#8221;]<\/p>\n<p>(15 lipca) w Radomiu urodzi\u0142 si\u0119 Jacek Malczewski, syn Juliana i Marii z Korwin Szymanowskich.<\/p>\n<p>[\/et_pb_blurb][et_pb_blurb title=&#8221;1867-1871&#8243; _builder_version=&#8221;4.5.7&#8243; header_font=&#8221;Roboto|700|||||||&#8221; header_font_size=&#8221;30px&#8221; header_line_height=&#8221;1.7em&#8221; body_font=&#8221;||||||||&#8221; body_font_size=&#8221;18px&#8221; body_line_height=&#8221;1.8em&#8221; background_color=&#8221;#ffffff&#8221; text_orientation=&#8221;center&#8221; module_alignment=&#8221;left&#8221; custom_margin=&#8221;|||&#8221; custom_padding=&#8221;|||&#8221; custom_padding_tablet=&#8221;&#8221; custom_padding_phone=&#8221;&#8221; custom_padding_last_edited=&#8221;on|phone&#8221; animation_style=&#8221;zoom&#8221; animation_intensity_zoom=&#8221;8%&#8221; animation=&#8221;off&#8221; border_width_all_image=&#8221;50px&#8221;]<\/p>\n<p>przebywa\u0142 w Wielgiem w maj\u0105tku wuja Feliksa Karczewskiego, gdzie jego nauczycielem by\u0142 powstaniec styczniowy, przyrodnik i pisarz Adolf Dygasi\u0144ski (1839-1902)<\/p>\n<p>[\/et_pb_blurb][et_pb_blurb title=&#8221;1873 &#8221; use_icon=&#8221;on&#8221; font_icon=&#8221;%%72%%&#8221; icon_color=&#8221;#6a9ae8&#8243; use_icon_font_size=&#8221;on&#8221; _builder_version=&#8221;4.5.7&#8243; header_font=&#8221;Roboto|700|||||||&#8221; header_font_size=&#8221;30px&#8221; header_line_height=&#8221;1.7em&#8221; body_font=&#8221;||||||||&#8221; body_font_size=&#8221;18px&#8221; body_line_height=&#8221;1.8em&#8221; background_color=&#8221;#ffffff&#8221; text_orientation=&#8221;center&#8221; module_alignment=&#8221;left&#8221; custom_margin=&#8221;|||&#8221; custom_padding=&#8221;|||&#8221; custom_padding_tablet=&#8221;&#8221; custom_padding_phone=&#8221;&#8221; custom_padding_last_edited=&#8221;on|phone&#8221; animation_style=&#8221;zoom&#8221; animation_intensity_zoom=&#8221;8%&#8221; animation=&#8221;off&#8221; border_width_all_image=&#8221;50px&#8221;]<\/p>\n<p>Jan Matejko (1838-1893) zauwa\u017ca w Jacku Malczewskim <em>\u201eniepo\u015bledni talent malarski\u201d<\/em> i osobi\u015bcie zwraca si\u0119 do jego ojca, aby ten pozwoli\u0142 synowi opu\u015bci\u0107 gimnazjum i po\u015bwi\u0119ci\u0107 si\u0119 wy\u0142\u0105cznie studiom w szkole artystycznej. Tak te\u017c si\u0119 sta\u0142o \u2013 Jacek Malczewski opu\u015bci\u0142 gimnazjum i rozpocz\u0105\u0142 studia w krakowskiej Szkole Sztuk Pi\u0119knych<\/p>\n<p>[\/et_pb_blurb][et_pb_blurb title=&#8221;1876-1877 &#8221; _builder_version=&#8221;4.5.7&#8243; header_font=&#8221;Roboto|700|||||||&#8221; header_font_size=&#8221;30px&#8221; header_line_height=&#8221;1.7em&#8221; body_font=&#8221;||||||||&#8221; body_font_size=&#8221;18px&#8221; body_line_height=&#8221;1.8em&#8221; background_color=&#8221;#ffffff&#8221; text_orientation=&#8221;center&#8221; module_alignment=&#8221;left&#8221; custom_margin=&#8221;|||&#8221; custom_padding=&#8221;|||&#8221; custom_padding_tablet=&#8221;&#8221; custom_padding_phone=&#8221;&#8221; custom_padding_last_edited=&#8221;on|phone&#8221; animation_style=&#8221;zoom&#8221; animation_intensity_zoom=&#8221;8%&#8221; animation=&#8221;off&#8221; border_width_all_image=&#8221;50px&#8221;]<\/p>\n<p>wyjecha\u0142 do Pary\u017ca, gdzie studiowa\u0142 w Ecole des Beaux-Arts<\/p>\n<p>[\/et_pb_blurb][et_pb_blurb title=&#8221;1879 &#8221; _builder_version=&#8221;4.5.7&#8243; header_font=&#8221;Roboto|700|||||||&#8221; header_font_size=&#8221;30px&#8221; header_line_height=&#8221;1.7em&#8221; body_font=&#8221;||||||||&#8221; body_font_size=&#8221;18px&#8221; body_line_height=&#8221;1.8em&#8221; background_color=&#8221;#ffffff&#8221; text_orientation=&#8221;center&#8221; module_alignment=&#8221;left&#8221; custom_margin=&#8221;|||&#8221; custom_padding=&#8221;|||&#8221; custom_padding_tablet=&#8221;&#8221; custom_padding_phone=&#8221;&#8221; custom_padding_last_edited=&#8221;on|phone&#8221; animation_style=&#8221;zoom&#8221; animation_intensity_zoom=&#8221;8%&#8221; animation=&#8221;off&#8221; border_width_all_image=&#8221;50px&#8221;]<\/p>\n<p>w wyniku konfliktu z Janem Matejk\u0105 porzuci\u0142 Szko\u0142\u0119 Sztuk Pi\u0119knych<\/p>\n<p>[\/et_pb_blurb][et_pb_blurb title=&#8221;1884 &#8221; _builder_version=&#8221;4.5.7&#8243; header_font=&#8221;Roboto|700|||||||&#8221; header_font_size=&#8221;30px&#8221; header_line_height=&#8221;1.7em&#8221; body_font=&#8221;||||||||&#8221; body_font_size=&#8221;18px&#8221; body_line_height=&#8221;1.8em&#8221; background_color=&#8221;#ffffff&#8221; text_orientation=&#8221;center&#8221; module_alignment=&#8221;left&#8221; custom_margin=&#8221;|||&#8221; custom_padding=&#8221;|||&#8221; custom_padding_tablet=&#8221;&#8221; custom_padding_phone=&#8221;&#8221; custom_padding_last_edited=&#8221;on|phone&#8221; animation_style=&#8221;zoom&#8221; animation_intensity_zoom=&#8221;8%&#8221; animation=&#8221;off&#8221; border_width_all_image=&#8221;50px&#8221;]<\/p>\n<p>po \u015bmierci ojca w styczniu Jacek Malczewski prze\u017cywa dramatyczne chwile. Od tej pory w jego obrazach pojawia si\u0119 i stale powraca motyw \u015bmierci<\/p>\n<p>[\/et_pb_blurb][et_pb_blurb title=&#8221;1885-1886 &#8221; _builder_version=&#8221;4.5.7&#8243; header_font=&#8221;Roboto|700|||||||&#8221; header_font_size=&#8221;30px&#8221; header_line_height=&#8221;1.7em&#8221; body_font=&#8221;||||||||&#8221; body_font_size=&#8221;18px&#8221; body_line_height=&#8221;1.8em&#8221; background_color=&#8221;#ffffff&#8221; text_orientation=&#8221;center&#8221; module_alignment=&#8221;left&#8221; custom_margin=&#8221;|||&#8221; custom_padding=&#8221;|||&#8221; custom_padding_tablet=&#8221;&#8221; custom_padding_phone=&#8221;&#8221; custom_padding_last_edited=&#8221;on|phone&#8221; animation_style=&#8221;zoom&#8221; animation_intensity_zoom=&#8221;8%&#8221; animation=&#8221;off&#8221; border_width_all_image=&#8221;50px&#8221;]<\/p>\n<p>pobyt studyjny w Monachium<\/p>\n<p>[\/et_pb_blurb][et_pb_blurb title=&#8221;1887 &#8221; use_icon=&#8221;on&#8221; font_icon=&#8221;%%141%%&#8221; icon_color=&#8221;#6a9ae8&#8243; use_icon_font_size=&#8221;on&#8221; _builder_version=&#8221;4.5.7&#8243; header_font=&#8221;Roboto|700|||||||&#8221; header_font_size=&#8221;30px&#8221; header_line_height=&#8221;1.7em&#8221; body_font=&#8221;||||||||&#8221; body_font_size=&#8221;18px&#8221; body_line_height=&#8221;1.8em&#8221; background_color=&#8221;#ffffff&#8221; text_orientation=&#8221;center&#8221; module_alignment=&#8221;left&#8221; custom_margin=&#8221;|||&#8221; custom_padding=&#8221;|||&#8221; custom_padding_tablet=&#8221;&#8221; custom_padding_phone=&#8221;&#8221; custom_padding_last_edited=&#8221;on|phone&#8221; animation_style=&#8221;zoom&#8221; animation_intensity_zoom=&#8221;8%&#8221; animation=&#8221;off&#8221; border_width_all_image=&#8221;50px&#8221;]<\/p>\n<p>po\u015blubi\u0142 Mari\u0119 Gralewsk\u0105, c\u00f3rk\u0119 krakowskiego aptekarza. Zamieszkali razem w kamienicy Gralewskich przy ul. Szczepa\u0144skiej w Krakowie<\/p>\n<p>[\/et_pb_blurb][et_pb_blurb title=&#8221;1888 &#8221; _builder_version=&#8221;4.5.7&#8243; header_font=&#8221;Roboto|700|||||||&#8221; header_font_size=&#8221;30px&#8221; header_line_height=&#8221;1.7em&#8221; body_font=&#8221;||||||||&#8221; body_font_size=&#8221;18px&#8221; body_line_height=&#8221;1.8em&#8221; background_color=&#8221;#ffffff&#8221; text_orientation=&#8221;center&#8221; module_alignment=&#8221;left&#8221; custom_margin=&#8221;|||&#8221; custom_padding=&#8221;|||&#8221; custom_padding_tablet=&#8221;&#8221; custom_padding_phone=&#8221;&#8221; custom_padding_last_edited=&#8221;on|phone&#8221; animation_style=&#8221;zoom&#8221; animation_intensity_zoom=&#8221;8%&#8221; animation=&#8221;off&#8221; border_width_all_image=&#8221;50px&#8221;]<\/p>\n<p>malarz zosta\u0142 ojcem \u2013 na \u015bwiat przysz\u0142a jego c\u00f3rka Julia, za\u015b 4 lata p\u00f3\u017aniej syn Rafa\u0142, przysz\u0142y malarz<\/p>\n<p>[\/et_pb_blurb][et_pb_blurb title=&#8221;1890 &#8221; use_icon=&#8221;on&#8221; font_icon=&#8221;%%122%%&#8221; icon_color=&#8221;#6a9ae8&#8243; use_icon_font_size=&#8221;on&#8221; _builder_version=&#8221;4.5.7&#8243; header_font=&#8221;Roboto|700|||||||&#8221; header_font_size=&#8221;30px&#8221; header_line_height=&#8221;1.7em&#8221; body_font=&#8221;||||||||&#8221; body_font_size=&#8221;18px&#8221; body_line_height=&#8221;1.8em&#8221; background_color=&#8221;#ffffff&#8221; text_orientation=&#8221;center&#8221; module_alignment=&#8221;left&#8221; custom_margin=&#8221;|||&#8221; custom_padding=&#8221;|||&#8221; custom_padding_tablet=&#8221;&#8221; custom_padding_phone=&#8221;&#8221; custom_padding_last_edited=&#8221;on|phone&#8221; animation_style=&#8221;zoom&#8221; animation_intensity_zoom=&#8221;8%&#8221; animation=&#8221;off&#8221; border_width_all_image=&#8221;50px&#8221;]<\/p>\n<p>rozpocz\u0105\u0142 prac\u0119 nad obrazem <em>\u201eMelancholia\u201d<\/em>, co zapocz\u0105tkowa\u0142o symbolistyczny prze\u0142om w jego tw\u00f3rczo\u015bci<\/p>\n<p>[\/et_pb_blurb][et_pb_blurb title=&#8221;1892 &#8221; _builder_version=&#8221;4.5.7&#8243; header_font=&#8221;Roboto|700|||||||&#8221; header_font_size=&#8221;30px&#8221; header_line_height=&#8221;1.7em&#8221; body_font=&#8221;||||||||&#8221; body_font_size=&#8221;18px&#8221; body_line_height=&#8221;1.8em&#8221; background_color=&#8221;#ffffff&#8221; text_orientation=&#8221;center&#8221; module_alignment=&#8221;left&#8221; custom_margin=&#8221;|||&#8221; custom_padding=&#8221;|||&#8221; custom_padding_tablet=&#8221;&#8221; custom_padding_phone=&#8221;&#8221; custom_padding_last_edited=&#8221;on|phone&#8221; animation_style=&#8221;zoom&#8221; animation_intensity_zoom=&#8221;8%&#8221; animation=&#8221;off&#8221; border_width_all_image=&#8221;50px&#8221;]<\/p>\n<p>pojedna\u0142 si\u0119 z Janem Matejk\u0105, kt\u00f3ry odwiedzi\u0142 go w pracowni przy ul. \u0141obzowskiej w Krakowie<\/p>\n<p>[\/et_pb_blurb][\/et_pb_column][et_pb_column type=&#8221;1_2&#8243; _builder_version=&#8221;3.25&#8243; custom_padding=&#8221;|||&#8221; custom_padding__hover=&#8221;|||&#8221;][et_pb_image src=&#8221;https:\/\/zagrajwsztuke.pl\/wp-content\/uploads\/2020\/08\/Jacek-Malczewski-on-sam.jpg&#8221; alt=&#8221;Jacek Malczewski &#8221; title_text=&#8221;Jacek-Malczewski-on-sam&#8221; align=&#8221;right&#8221; force_fullwidth=&#8221;on&#8221; align_tablet=&#8221;center&#8221; align_phone=&#8221;&#8221; align_last_edited=&#8221;on|desktop&#8221; _builder_version=&#8221;4.5.7&#8243; custom_margin=&#8221;||-10%|&#8221; animation_style=&#8221;roll&#8221; animation_direction=&#8221;left&#8221; animation_intensity_roll=&#8221;4%&#8221;][\/et_pb_image][et_pb_divider show_divider=&#8221;off&#8221; _builder_version=&#8221;4.5.7&#8243; _module_preset=&#8221;default&#8221;][\/et_pb_divider][et_pb_divider show_divider=&#8221;off&#8221; _builder_version=&#8221;4.5.7&#8243; _module_preset=&#8221;default&#8221;][\/et_pb_divider][et_pb_text _builder_version=&#8221;4.5.7&#8243; _module_preset=&#8221;default&#8221;]<\/p>\n<p>&nbsp;<\/p>\n<p>Hamlet Polski \u2013 Portret Aleksandra Wielopolskiego (1903). Muzeum Narodowe w Warszawie,\u00a0Wikipedia<\/p>\n<p>[\/et_pb_text][et_pb_divider show_divider=&#8221;off&#8221; _builder_version=&#8221;4.5.7&#8243; _module_preset=&#8221;default&#8221;][\/et_pb_divider][et_pb_blurb title=&#8221;1893&#8243; use_icon=&#8221;on&#8221; font_icon=&#8221;%%135%%&#8221; icon_color=&#8221;#6a9ae8&#8243; use_icon_font_size=&#8221;on&#8221; _builder_version=&#8221;4.5.7&#8243; header_font=&#8221;Roboto|700|||||||&#8221; header_font_size=&#8221;30px&#8221; header_line_height=&#8221;1.7em&#8221; body_font=&#8221;||||||||&#8221; body_font_size=&#8221;18px&#8221; body_line_height=&#8221;1.8em&#8221; background_color=&#8221;#ffffff&#8221; text_orientation=&#8221;center&#8221; module_alignment=&#8221;left&#8221; custom_margin=&#8221;|||&#8221; custom_padding=&#8221;|||&#8221; custom_padding_tablet=&#8221;&#8221; custom_padding_phone=&#8221;&#8221; custom_padding_last_edited=&#8221;on|phone&#8221; animation_style=&#8221;zoom&#8221; animation_intensity_zoom=&#8221;8%&#8221; animation=&#8221;off&#8221; border_width_all_image=&#8221;50px&#8221;]<\/p>\n<p>drugi pobyt w Monachium<\/p>\n<p>[\/et_pb_blurb][et_pb_blurb title=&#8221;1897 &#8221; _builder_version=&#8221;4.5.7&#8243; header_font=&#8221;Roboto|700|||||||&#8221; header_font_size=&#8221;30px&#8221; header_line_height=&#8221;1.7em&#8221; body_font=&#8221;||||||||&#8221; body_font_size=&#8221;18px&#8221; body_line_height=&#8221;1.8em&#8221; background_color=&#8221;#ffffff&#8221; text_orientation=&#8221;center&#8221; module_alignment=&#8221;left&#8221; custom_margin=&#8221;|||&#8221; custom_padding=&#8221;|||&#8221; custom_padding_tablet=&#8221;&#8221; custom_padding_phone=&#8221;&#8221; custom_padding_last_edited=&#8221;on|phone&#8221; animation_style=&#8221;zoom&#8221; animation_intensity_zoom=&#8221;8%&#8221; animation=&#8221;off&#8221; border_width_all_image=&#8221;50px&#8221;]Jacek Malczewski zosta\u0142 jednym z cz\u0142onk\u00f3w-za\u0142o\u017cycieli \u201ekrakowskiej secesji\u201d, czyli Towarzystwa Artyst\u00f3w Polskich \u201eSztuka\u201d. By\u0142 osob\u0105 znan\u0105 i popularn\u0105, w kabarecie \u201eZielony Balonik\u201d pojawi\u0142a si\u0119 nawet kukie\u0142ka \u2013 Jacek Symbolewski[\/et_pb_blurb][et_pb_blurb title=&#8221;1898 &#8221; _builder_version=&#8221;4.5.7&#8243; header_font=&#8221;Roboto|700|||||||&#8221; header_font_size=&#8221;30px&#8221; header_line_height=&#8221;1.7em&#8221; body_font=&#8221;||||||||&#8221; body_font_size=&#8221;18px&#8221; body_line_height=&#8221;1.8em&#8221; background_color=&#8221;#ffffff&#8221; text_orientation=&#8221;center&#8221; module_alignment=&#8221;left&#8221; custom_margin=&#8221;|||&#8221; custom_padding=&#8221;|||&#8221; custom_padding_tablet=&#8221;&#8221; custom_padding_phone=&#8221;&#8221; custom_padding_last_edited=&#8221;on|phone&#8221; animation_style=&#8221;zoom&#8221; animation_intensity_zoom=&#8221;8%&#8221; animation=&#8221;off&#8221; border_width_all_image=&#8221;50px&#8221;]zmar\u0142a matka artysty, co malarz g\u0142\u0119boko prze\u017cywa\u0142[\/et_pb_blurb][et_pb_blurb title=&#8221;1899 &#8221; _builder_version=&#8221;4.5.7&#8243; header_font=&#8221;Roboto|700|||||||&#8221; header_font_size=&#8221;30px&#8221; header_line_height=&#8221;1.7em&#8221; body_font=&#8221;||||||||&#8221; body_font_size=&#8221;18px&#8221; body_line_height=&#8221;1.8em&#8221; background_color=&#8221;#ffffff&#8221; text_orientation=&#8221;center&#8221; module_alignment=&#8221;left&#8221; custom_margin=&#8221;|||&#8221; custom_padding=&#8221;|||&#8221; custom_padding_tablet=&#8221;&#8221; custom_padding_phone=&#8221;&#8221; custom_padding_last_edited=&#8221;on|phone&#8221; animation_style=&#8221;zoom&#8221; animation_intensity_zoom=&#8221;8%&#8221; animation=&#8221;off&#8221; border_width_all_image=&#8221;50px&#8221;]zamieszka\u0142 na Zwierzy\u0144cu w Willi \u201ePod Matk\u0105 Bosk\u0105\u201d.[\/et_pb_blurb][et_pb_blurb title=&#8221;1912 &#8221; _builder_version=&#8221;4.5.7&#8243; header_font=&#8221;Roboto|700|||||||&#8221; header_font_size=&#8221;30px&#8221; header_line_height=&#8221;1.7em&#8221; body_font=&#8221;||||||||&#8221; body_font_size=&#8221;18px&#8221; body_line_height=&#8221;1.8em&#8221; background_color=&#8221;#ffffff&#8221; text_orientation=&#8221;center&#8221; module_alignment=&#8221;left&#8221; custom_margin=&#8221;|||&#8221; custom_padding=&#8221;|||&#8221; custom_padding_tablet=&#8221;&#8221; custom_padding_phone=&#8221;&#8221; custom_padding_last_edited=&#8221;on|phone&#8221; animation_style=&#8221;zoom&#8221; animation_intensity_zoom=&#8221;8%&#8221; animation=&#8221;off&#8221; border_width_all_image=&#8221;50px&#8221;]<\/p>\n<p>zosta\u0142 wybrany rektorem krakowskiej Akademii Sztuk Pi\u0119knych i funkcj\u0119 t\u0119 pe\u0142ni\u0142 a\u017c do wybuchu I wojny \u015bwiatowej. Do historii przeszed\u0142 jego sprzeciw wobec obowi\u0105zku noszenia austriackiego munduru reprezentacyjnego, kt\u00f3ry by\u0142 dla niego mundurem zaborcy<\/p>\n<p>[\/et_pb_blurb][et_pb_blurb title=&#8221;1916 &#8221; _builder_version=&#8221;4.5.7&#8243; header_font=&#8221;Roboto|700|||||||&#8221; header_font_size=&#8221;30px&#8221; header_line_height=&#8221;1.7em&#8221; body_font=&#8221;||||||||&#8221; body_font_size=&#8221;18px&#8221; body_line_height=&#8221;1.8em&#8221; background_color=&#8221;#ffffff&#8221; text_orientation=&#8221;center&#8221; module_alignment=&#8221;left&#8221; custom_margin=&#8221;|||&#8221; custom_padding=&#8221;|||&#8221; custom_padding_tablet=&#8221;&#8221; custom_padding_phone=&#8221;&#8221; custom_padding_last_edited=&#8221;on|phone&#8221; animation_style=&#8221;zoom&#8221; animation_intensity_zoom=&#8221;8%&#8221; animation=&#8221;off&#8221; border_width_all_image=&#8221;50px&#8221;]Jacek Malczewski powr\u00f3ci\u0142 do Krakowa (pocz\u0105tek wojny sp\u0119dzi\u0142 w Wiedniu) i zamieszka\u0142 przy ul. Krupniczej 8, podj\u0105\u0142 prac\u0119 na Akademii i malowa\u0142 obrazy inspirowane wydarzeniami wojennymi[\/et_pb_blurb][et_pb_blurb title=&#8221;1921 &#8221; _builder_version=&#8221;4.5.7&#8243; header_font=&#8221;Roboto|700|||||||&#8221; header_font_size=&#8221;30px&#8221; header_line_height=&#8221;1.7em&#8221; body_font=&#8221;||||||||&#8221; body_font_size=&#8221;18px&#8221; body_line_height=&#8221;1.8em&#8221; background_color=&#8221;#ffffff&#8221; text_orientation=&#8221;center&#8221; module_alignment=&#8221;left&#8221; custom_margin=&#8221;|||&#8221; custom_padding=&#8221;|||&#8221; custom_padding_tablet=&#8221;&#8221; custom_padding_phone=&#8221;&#8221; custom_padding_last_edited=&#8221;on|phone&#8221; animation_style=&#8221;zoom&#8221; animation_intensity_zoom=&#8221;8%&#8221; animation=&#8221;off&#8221; border_width_all_image=&#8221;50px&#8221;]otrzyma\u0142 order Polonia Restitua IV klasy[\/et_pb_blurb][et_pb_blurb title=&#8221;1924 &#8221; use_icon=&#8221;on&#8221; font_icon=&#8221;%%151%%&#8221; icon_color=&#8221;#6a9ae8&#8243; _builder_version=&#8221;4.5.7&#8243; header_font=&#8221;Roboto|700|||||||&#8221; header_font_size=&#8221;30px&#8221; header_line_height=&#8221;1.7em&#8221; body_font=&#8221;||||||||&#8221; body_font_size=&#8221;18px&#8221; body_line_height=&#8221;1.8em&#8221; background_color=&#8221;#ffffff&#8221; text_orientation=&#8221;center&#8221; module_alignment=&#8221;left&#8221; custom_margin=&#8221;|||&#8221; custom_padding=&#8221;|||&#8221; custom_padding_tablet=&#8221;&#8221; custom_padding_phone=&#8221;&#8221; custom_padding_last_edited=&#8221;on|phone&#8221; animation_style=&#8221;zoom&#8221; animation_intensity_zoom=&#8221;8%&#8221; animation=&#8221;off&#8221; border_width_all_image=&#8221;50px&#8221;]<\/p>\n<p>oficjalnie \u015bwi\u0119towany jest jubileusz 70-tych urodzin malarza i 50-lecia pracy tw\u00f3rczej Malczewskiego. Wystawy jubileuszowe odbywaj\u0105 si\u0119 w Krakowie, Poznaniu, Warszawie, Lwowie.<\/p>\n<p>[\/et_pb_blurb][et_pb_blurb title=&#8221;1929 &#8221; _builder_version=&#8221;4.5.7&#8243; header_font=&#8221;Roboto|700|||||||&#8221; header_font_size=&#8221;30px&#8221; header_line_height=&#8221;1.7em&#8221; body_font=&#8221;||||||||&#8221; body_font_size=&#8221;18px&#8221; body_line_height=&#8221;1.8em&#8221; background_color=&#8221;#ffffff&#8221; text_orientation=&#8221;center&#8221; module_alignment=&#8221;left&#8221; custom_margin=&#8221;|||&#8221; custom_padding=&#8221;|||&#8221; custom_padding_tablet=&#8221;&#8221; custom_padding_phone=&#8221;&#8221; custom_padding_last_edited=&#8221;on|phone&#8221; animation_style=&#8221;zoom&#8221; animation_intensity_zoom=&#8221;8%&#8221; animation=&#8221;off&#8221; border_width_all_image=&#8221;50px&#8221;]<\/p>\n<p>na powszechnej Wystawie Krajowej w Poznaniu otrzyma\u0142 Wielki Z\u0142oty Medal. Malarz powoli zacz\u0105\u0142 traci\u0107 wzrok, musia\u0142 przesta\u0107 malowa\u0107. Jacek Malczewski zmar\u0142 8 pa\u017adziernika w Krakowie. Zgodnie z \u017cyczeniem zosta\u0142 pochowany we franciszka\u0144skim habicie tercjarskim, w kt\u00f3rym przed laty si\u0119 portretowa\u0142. Jego prochy zosta\u0142y z\u0142o\u017cone w Krypcie Zas\u0142u\u017conych w krakowskim ko\u015bciele na Ska\u0142ce.<\/p>\n<p>[\/et_pb_blurb][\/et_pb_column][\/et_pb_row][\/et_pb_section][et_pb_section fb_built=&#8221;1&#8243; custom_padding_last_edited=&#8221;off|desktop&#8221; _builder_version=&#8221;3.22.3&#8243; use_background_color_gradient=&#8221;on&#8221; background_color_gradient_start=&#8221;#ffffff&#8221; background_color_gradient_end=&#8221;#F2F2FA&#8221; background_color_gradient_end_position=&#8221;50%&#8221; background_size=&#8221;initial&#8221; custom_padding=&#8221;|||&#8221; custom_padding_tablet=&#8221;0px||0px|0px&#8221; custom_padding_phone=&#8221;|||&#8221; bottom_divider_style=&#8221;ramp&#8221; bottom_divider_color=&#8221;#ffffff&#8221; bottom_divider_height=&#8221;250px&#8221; bottom_divider_height_tablet=&#8221;150px&#8221; bottom_divider_height_phone=&#8221;110px&#8221; bottom_divider_height_last_edited=&#8221;on|phone&#8221;][et_pb_row column_structure=&#8221;1_2,1_2&#8243; use_custom_gutter=&#8221;on&#8221; gutter_width=&#8221;2&#8243; _builder_version=&#8221;3.25.4&#8243; max_width=&#8221;1700px&#8221; custom_margin=&#8221;|||&#8221; custom_padding=&#8221;0px|||&#8221; use_custom_width=&#8221;on&#8221; custom_width_px=&#8221;1700px&#8221;][et_pb_column type=&#8221;1_2&#8243; _builder_version=&#8221;3.25&#8243; custom_padding=&#8221;|||&#8221; custom_padding__hover=&#8221;|||&#8221;][et_pb_text _builder_version=&#8221;4.5.7&#8243; text_font_size=&#8221;16px&#8221; text_line_height=&#8221;2em&#8221; header_2_font=&#8221;Roboto|700|||||||&#8221; header_2_font_size=&#8221;45px&#8221; header_2_line_height=&#8221;1.2em&#8221; max_width=&#8221;800px&#8221; max_width_last_edited=&#8221;off|desktop&#8221; module_alignment=&#8221;center&#8221; custom_margin=&#8221;|||&#8221; custom_padding=&#8221;||0px|||&#8221; header_2_font_size_tablet=&#8221;35px&#8221; header_2_font_size_phone=&#8221;28px&#8221; header_2_font_size_last_edited=&#8221;on|desktop&#8221;]<\/p>\n<h2><strong>Ciekawostki:<\/strong><\/h2>\n<p>[\/et_pb_text][et_pb_divider _builder_version=&#8221;3.25.4&#8243;][\/et_pb_divider][et_pb_toggle title=&#8221;\u201eFemme fatale\u201d&#8221; _builder_version=&#8221;4.5.7&#8243; title_font=&#8221;Roboto|700|||||||&#8221; title_font_size=&#8221;18px&#8221; title_line_height=&#8221;1.7em&#8221; body_font_size=&#8221;16px&#8221; body_line_height=&#8221;2em&#8221; background_color=&#8221;#ffffff&#8221; custom_margin=&#8221;|||&#8221; custom_padding=&#8221;|30px||30px&#8221; animation_style=&#8221;fold&#8221; animation_direction=&#8221;top&#8221; border_radii=&#8221;on|10px|10px|10px|10px&#8221; border_width_all=&#8221;0px&#8221; border_color_all=&#8221;#f7b100&#8243; border_width_left=&#8221;10px&#8221; box_shadow_style=&#8221;preset1&#8243; box_shadow_blur=&#8221;70px&#8221; box_shadow_color=&#8221;rgba(110,130,208,0.18)&#8221;]Pi\u0119kna Maria Balowa, \u017cona starosty Adama Bala odegra\u0142a w \u017cyciu Jacka Malczewskiego rol\u0119 \u201efemme fatale\u201d, za\u015b Krak\u00f3w a\u017c trz\u0105s\u0142 si\u0119 od plotek. Towarzyski skandal osi\u0105gn\u0105\u0142 apogeum, gdy w 1906 malarz ze sw\u0105 now\u0105 muz\u0105 uda\u0142 si\u0119 do W\u0142och. Uroda Marii Balowej opanowa\u0142a wyobra\u017ani\u0119 Malczewskiego, kt\u00f3ry wielokrotnie j\u0105 portretowa\u0142 i nadawa\u0142 jej rysy postaciom Chimer oraz Polonii.[\/et_pb_toggle][et_pb_toggle title=&#8221;Picasso&#8221; title_tablet=&#8221;&#8221; title_phone=&#8221;&#8221; title_last_edited=&#8221;on|desktop&#8221; _builder_version=&#8221;4.5.7&#8243; title_font=&#8221;Roboto|700|||||||&#8221; title_font_size=&#8221;18px&#8221; title_line_height=&#8221;1.7em&#8221; body_font_size=&#8221;16px&#8221; body_line_height=&#8221;2em&#8221; background_color=&#8221;#ffffff&#8221; custom_margin=&#8221;|||&#8221; custom_padding=&#8221;|30px||30px&#8221; animation_style=&#8221;fold&#8221; animation_direction=&#8221;top&#8221; animation_delay=&#8221;100ms&#8221; border_radii=&#8221;on|10px|10px|10px|10px&#8221; border_width_all=&#8221;0px&#8221; border_color_all=&#8221;#00d8bf&#8221; border_width_left=&#8221;10px&#8221; box_shadow_style=&#8221;preset1&#8243; box_shadow_blur=&#8221;70px&#8221; box_shadow_color=&#8221;rgba(110,130,208,0.18)&#8221;]Obraz \u201e\u015amier\u0107 Ellenai\u201d zosta\u0142 entuzjastycznie przyj\u0119ty przez publiczno\u015b\u0107. Jak g\u0142osi legenda, by\u0142 to jedyny obraz, przed kt\u00f3rym zatrzyma\u0142 si\u0119, zwiedzaj\u0105c Sukiennice, zaintrygowany Picasso.[\/et_pb_toggle][et_pb_toggle title=&#8221;Narcyz&#8221; _builder_version=&#8221;4.5.7&#8243; title_font=&#8221;Roboto|700|||||||&#8221; title_font_size=&#8221;18px&#8221; title_line_height=&#8221;1.7em&#8221; body_font_size=&#8221;16px&#8221; body_line_height=&#8221;2em&#8221; background_color=&#8221;#ffffff&#8221; custom_margin=&#8221;|||&#8221; custom_padding=&#8221;|30px||30px&#8221; animation_style=&#8221;fold&#8221; animation_direction=&#8221;top&#8221; animation_delay=&#8221;200ms&#8221; border_radii=&#8221;on|10px|10px|10px|10px&#8221; border_width_all=&#8221;0px&#8221; border_color_all=&#8221;#1c58ef&#8221; border_width_left=&#8221;10px&#8221; box_shadow_style=&#8221;preset1&#8243; box_shadow_blur=&#8221;70px&#8221; box_shadow_color=&#8221;rgba(110,130,208,0.18)&#8221;]<\/p>\n<p>Nie by\u0142o chyba w Polsce artysty, kt\u00f3ry pozostawi\u0142 tak wiele autoportret\u00f3w. Jego pasja przedstawiania samego siebie zdumiewa, ale i zastanawia. Oskar\u017cany o skrajny egotyzm i megalomani\u0119, podejrzewany o transwestytyzm, Jacek Malczewski mia\u0142 z pewno\u015bci\u0105 sk\u0142onno\u015bci narcystyczne, potrafi\u0142 si\u0119 jednak zdoby\u0107 tak\u017ce na bezlitosn\u0105 autoironi\u0119, ostre kpiny. Portretowa\u0142 si\u0119 w zbroi i damskim fartuchu, w berecie, kapeluszu, renesansowej mycce, peruce, a nawet\u2026 z \u017celazn\u0105 tortownic\u0105 na g\u0142owie.<\/p>\n<p>[\/et_pb_toggle][et_pb_toggle title=&#8221;Wajda&#8221; _builder_version=&#8221;4.5.7&#8243; title_font=&#8221;Roboto|700|||||||&#8221; title_font_size=&#8221;18px&#8221; title_line_height=&#8221;1.7em&#8221; body_font_size=&#8221;16px&#8221; body_line_height=&#8221;2em&#8221; background_color=&#8221;#ffffff&#8221; custom_margin=&#8221;|||&#8221; custom_padding=&#8221;|30px||30px&#8221; animation_style=&#8221;fold&#8221; animation_direction=&#8221;top&#8221; border_radii=&#8221;on|10px|10px|10px|10px&#8221; border_width_all=&#8221;0px&#8221; border_color_all=&#8221;#f7b100&#8243; border_width_left=&#8221;10px&#8221; box_shadow_style=&#8221;preset1&#8243; box_shadow_blur=&#8221;70px&#8221; box_shadow_color=&#8221;rgba(110,130,208,0.18)&#8221;]Wizje Malczewskiego wykorzystywane s\u0105 r\u00f3wnie\u017c przez filmowc\u00f3w. W \u201eBrzezinie\u201d Andrzej Wajda komponuje kadry wed\u0142ug \u201eZatrutej studni\u201d, a symboliczn\u0105 ludowo\u015b\u0107 z obraz\u00f3w Jacka Malczewskiego odnajdujemy w filmach Jana Jakuba Kolskiego.[\/et_pb_toggle][\/et_pb_column][et_pb_column type=&#8221;1_2&#8243; _builder_version=&#8221;3.25.4&#8243;][et_pb_image src=&#8221;https:\/\/zagrajwsztuke.pl\/wp-content\/uploads\/2020\/08\/Jacek-Malczewski-chimera.jpg&#8221; alt=&#8221;Jacek Malczewski&#8221; title_text=&#8221;Jacek-Malczewski-chimera&#8221; _builder_version=&#8221;4.5.7&#8243; custom_padding=&#8221;||1px|||&#8221;][\/et_pb_image][et_pb_text _builder_version=&#8221;4.5.7&#8243; _module_preset=&#8221;default&#8221;]<\/p>\n<p>Zatruta studnia z chimer\u0105 (1905). Muzeum im. Jacka Malczewskiego w Radomiu,\u00a0Wikipedia<\/p>\n<p>[\/et_pb_text][\/et_pb_column][\/et_pb_row][\/et_pb_section][et_pb_section fb_built=&#8221;1&#8243; custom_padding_last_edited=&#8221;off|desktop&#8221; _builder_version=&#8221;3.22.3&#8243; use_background_color_gradient=&#8221;on&#8221; background_color_gradient_start=&#8221;#ffffff&#8221; background_color_gradient_end=&#8221;#F2F2FA&#8221; background_color_gradient_end_position=&#8221;50%&#8221; background_size=&#8221;initial&#8221; custom_padding=&#8221;|||&#8221; custom_padding_tablet=&#8221;0px||0px|0px&#8221; custom_padding_phone=&#8221;|||&#8221; bottom_divider_style=&#8221;ramp&#8221; bottom_divider_color=&#8221;#ffffff&#8221; bottom_divider_height=&#8221;250px&#8221; bottom_divider_height_tablet=&#8221;150px&#8221; bottom_divider_height_phone=&#8221;110px&#8221; bottom_divider_height_last_edited=&#8221;on|phone&#8221;][et_pb_row column_structure=&#8221;1_2,1_2&#8243; use_custom_gutter=&#8221;on&#8221; gutter_width=&#8221;2&#8243; _builder_version=&#8221;3.25.4&#8243; max_width=&#8221;1700px&#8221; custom_margin=&#8221;|||&#8221; custom_padding=&#8221;0px|||&#8221; use_custom_width=&#8221;on&#8221; custom_width_px=&#8221;1700px&#8221;][et_pb_column type=&#8221;1_2&#8243; _builder_version=&#8221;3.25&#8243; custom_padding=&#8221;|||&#8221; custom_padding__hover=&#8221;|||&#8221;][et_pb_text _builder_version=&#8221;4.5.7&#8243; text_font_size=&#8221;16px&#8221; text_line_height=&#8221;2em&#8221; header_2_font=&#8221;Roboto|700|||||||&#8221; header_2_font_size=&#8221;45px&#8221; header_2_line_height=&#8221;1.2em&#8221; max_width=&#8221;800px&#8221; max_width_last_edited=&#8221;off|desktop&#8221; module_alignment=&#8221;center&#8221; custom_margin=&#8221;|||&#8221; custom_padding=&#8221;||0px|||&#8221; header_2_font_size_tablet=&#8221;35px&#8221; header_2_font_size_phone=&#8221;28px&#8221; header_2_font_size_last_edited=&#8221;on|desktop&#8221;]<\/p>\n<h2><strong>O sztuce Jacka Malczewskiego:<\/strong><\/h2>\n<p>[\/et_pb_text][et_pb_divider _builder_version=&#8221;3.25.4&#8243;][\/et_pb_divider][et_pb_text _builder_version=&#8221;4.6.0&#8243; text_font_size=&#8221;18px&#8221; text_line_height=&#8221;2em&#8221; header_font_size=&#8221;28px&#8221; header_2_font=&#8221;Roboto|700|||||||&#8221; header_2_font_size=&#8221;45px&#8221; header_2_line_height=&#8221;1.2em&#8221; max_width=&#8221;800px&#8221; max_width_last_edited=&#8221;off|desktop&#8221; module_alignment=&#8221;center&#8221; custom_margin=&#8221;|||&#8221; custom_padding=&#8221;|||&#8221; header_2_font_size_tablet=&#8221;35px&#8221; header_2_font_size_phone=&#8221;28px&#8221; header_2_font_size_last_edited=&#8221;on|desktop&#8221;]<\/p>\n<p>Jacek Malczewski powiedzia\u0142: \u201eGdybym nie by\u0142 Polakiem, nie by\u0142bym artyst\u0105\u201d.\u00a0<a href=\"\/jan-matejko\" target=\"_blank\" rel=\"noopener noreferrer\">Jan Matejko<\/a> chcia\u0142 w nim mie\u0107 swego duchowego i artystycznego spadkobierc\u0119, ale Malczewski wola\u0142 i\u015b\u0107 w\u0142asn\u0105 drog\u0105. Nie zapomnia\u0142 jednak nigdy o wskaz\u00f3wkach mistrza Jana.<\/p>\n<p><em>\n\t\t<div class='et_quote'>\n\t\t\t<div class='et_right_quote'>\n\t\t\t\t\u201e<\/span>Malujcie tak, \u017ceby Polska zmartwychwsta\u0142a!\u201d\n\t\t\t\t\n\t\t\t<\/div>\n\t\t\t<span class='et_quote_sign'><\/span>\n\t\t<\/div>\n\t\u00a0<\/em><em>&#8211;\u00a0<\/em><strong><a href=\"\/jan-matejko\" target=\"_blank\" rel=\"noopener noreferrer\">Jan Matejko<\/a><\/strong><\/p>\n<p>[\/et_pb_text][et_pb_text _builder_version=&#8221;4.6.0&#8243; text_font_size=&#8221;18px&#8221; text_line_height=&#8221;2em&#8221; header_font_size=&#8221;28px&#8221; header_2_font=&#8221;Roboto|700|||||||&#8221; header_2_font_size=&#8221;45px&#8221; header_2_line_height=&#8221;1.2em&#8221; max_width=&#8221;800px&#8221; max_width_last_edited=&#8221;off|desktop&#8221; module_alignment=&#8221;center&#8221; custom_margin=&#8221;|||&#8221; custom_padding=&#8221;|||&#8221; header_2_font_size_tablet=&#8221;35px&#8221; header_2_font_size_phone=&#8221;28px&#8221; header_2_font_size_last_edited=&#8221;on|desktop&#8221;]<\/p>\n<p>\u201eMelancholia\u201d to obraz prze\u0142omowy dla Jacka Malczewskiego. Tematycznie \u2013 stanowi zwie\u0144czenie dotychczasowych w\u0105tk\u00f3w i poszukiwa\u0144, o czym m\u00f3wi zapisany z ty\u0142u p\u0142\u00f3tna podtytu\u0142: \u201eProlog widzenia \/ Wiek ostatni w Polsce \u2013 Tout un si\u00e8cle\u201d. Formalnie \u2013 zaskakuje \u017cywio\u0142ow\u0105 dynamik\u0105, dziwacznym, pe\u0142nym gwa\u0142townych skr\u00f3t\u00f3w upozowaniem postaci, a tak\u017ce mistern\u0105 konstrukcj\u0105 przestrzeni zbudowanej z kilku punkt\u00f3w widzenia.<\/p>\n<p>\n\t\t<div class='et_quote'>\n\t\t\t<div class='et_right_quote'>\n\t\t\t\t\u201eM\u00f3g\u0142bym napisa\u0107 ca\u0142y traktat na temat ustawiania modeli przez Malczewskiego. Tu nie ma imitacji, tu jest po prostu pokazany, ods\u0142oni\u0119ty mechanizm re\u017cyserski. Na tym polega nowoczesna re\u017cyseria, \u017ce si\u0119 ods\u0142ania ten mechanizm (\u2026) B\u0142\u0119dne ko\u0142o, Melancholia, to jest wielka opera narodowa na du\u017c\u0105 skal\u0119\u201d\n\t\t\t\t\n\t\t\t<\/div>\n\t\t\t<span class='et_quote_sign'><\/span>\n\t\t<\/div>\n\t\u00a0\u2013 <a href=\"\/tadeusz-kantor\" target=\"_blank\" rel=\"noopener noreferrer\"><strong>Tadeusz Kantor<\/strong><\/a><\/p>\n<p>[\/et_pb_text][et_pb_image src=&#8221;https:\/\/zagrajwsztuke.pl\/wp-content\/uploads\/2020\/08\/Jacek-Malczewski-tadeusz.jpg&#8221; alt=&#8221;Jacek Malczewski&#8221; title_text=&#8221;Jacek-Malczewski-tadeusz&#8221; _builder_version=&#8221;4.5.7&#8243; custom_padding=&#8221;||1px|||&#8221;][\/et_pb_image][et_pb_text _builder_version=&#8221;4.5.7&#8243; _module_preset=&#8221;default&#8221;]<\/p>\n<p>Portret Tadeusza B\u0142otnickiego z Meduz\u0105 (1902). Muzeum Narodowe w Warszawie,\u00a0Wikipedia<\/p>\n<p>[\/et_pb_text][\/et_pb_column][et_pb_column type=&#8221;1_2&#8243; _builder_version=&#8221;3.25.4&#8243;][et_pb_image src=&#8221;https:\/\/zagrajwsztuke.pl\/wp-content\/uploads\/2020\/08\/Jacek-Malczewski-christ.jpg&#8221; alt=&#8221;Jacek Malczewski&#8221; title_text=&#8221;Jacek-Malczewski-christ&#8221; _builder_version=&#8221;4.5.7&#8243; custom_padding=&#8221;||1px|||&#8221;][\/et_pb_image][et_pb_text _builder_version=&#8221;4.5.7&#8243; _module_preset=&#8221;default&#8221;]<\/p>\n<p>Chrystus w Emaus (1909) Lwowska Galeria Sztuki,\u00a0Wikipedia<\/p>\n<p>[\/et_pb_text][et_pb_text _builder_version=&#8221;4.5.7&#8243; text_font_size=&#8221;18px&#8221; text_line_height=&#8221;2em&#8221; header_font_size=&#8221;28px&#8221; header_2_font=&#8221;Roboto|700|||||||&#8221; header_2_font_size=&#8221;45px&#8221; header_2_line_height=&#8221;1.2em&#8221; max_width=&#8221;800px&#8221; max_width_last_edited=&#8221;off|desktop&#8221; module_alignment=&#8221;center&#8221; custom_margin=&#8221;|||&#8221; custom_padding=&#8221;|||&#8221; header_2_font_size_tablet=&#8221;35px&#8221; header_2_font_size_phone=&#8221;28px&#8221; header_2_font_size_last_edited=&#8221;on|desktop&#8221;]<\/p>\n<p>Pocz\u0105wszy od \u201eB\u0142\u0119dnego ko\u0142a\u201d Jacek Malczewski \u0142\u0105czy w obrazach w\u0105tki antyczne, ba\u015bniowe i historyczne; miesza klasyczne mity z polskim folklorem. W obrazach: \u201eAnio\u0142 i Pastuszek\u201d, \u201eAniele, p\u00f3jd\u0119 za Tob\u0105\u201d wracaj\u0105 echa wierszy Teofila Lenartowicza, kt\u00f3re Malczewski ceni\u0142 i zna\u0142 na pami\u0119\u0107, a tak\u017ce innych literackich obraz\u00f3w (Sienkiewicza, Dygasi\u0144skiego), gdzie bohaterem jest wiejskie, niezwyk\u0142e dziecko, \u017cyj\u0105ce marzeniami i przeczuciem innej, fantastycznej rzeczywisto\u015bci. Takie dziecko \u2013 samotne i niezrozumiane przez otoczenie \u2013 by\u0142o dla symbolist\u00f3w figur\u0105 artysty: duszy naiwnej, nieuprzedzonej, zanurzonej w naturze.<\/p>\n<p>[\/et_pb_text][et_pb_text _builder_version=&#8221;4.6.0&#8243; text_font_size=&#8221;18px&#8221; text_line_height=&#8221;2em&#8221; header_font_size=&#8221;28px&#8221; header_2_font=&#8221;Roboto|700|||||||&#8221; header_2_font_size=&#8221;45px&#8221; header_2_line_height=&#8221;1.2em&#8221; max_width=&#8221;800px&#8221; max_width_last_edited=&#8221;off|desktop&#8221; module_alignment=&#8221;center&#8221; custom_margin=&#8221;|||&#8221; custom_padding=&#8221;|||&#8221; header_2_font_size_tablet=&#8221;35px&#8221; header_2_font_size_phone=&#8221;28px&#8221; header_2_font_size_last_edited=&#8221;on|desktop&#8221;]<\/p>\n<p>\n\t\t<div class='et_quote'>\n\t\t\t<div class='et_right_quote'>\n\t\t\t\t\u201eNazwanie go symbolist\u0105 nie wyja\u015bnia wszystkiego; albowiem w jego sztuce uderza przede wszystkim to, \u017ce mitologia, nadnaturalno\u015b\u0107 i fantasmagorie wtapiaj\u0105 si\u0119 w codzienn\u0105, banaln\u0105 rzeczywisto\u015b\u0107, w spos\u00f3b doskonale naturalny, jak gdyby nigdy nic. To b\u0119dzie jednym z k\u00f3\u0142 nap\u0119dowych surrealizmu \u2013 i to czyni Malczewskiego jednym z wielkich prekursor\u00f3w sztuki XX wieku\u201d\n\t\t\t\t\n\t\t\t<\/div>\n\t\t\t<span class='et_quote_sign'><\/span>\n\t\t<\/div>\n\t\u00a0\u2013 <strong>Henri Loyrette<\/strong>, dyrektor Mus\u00e9e d\u2019Orsay<\/p>\n<p>[\/et_pb_text][et_pb_text _builder_version=&#8221;4.6.0&#8243; text_font_size=&#8221;18px&#8221; text_line_height=&#8221;2em&#8221; header_font_size=&#8221;28px&#8221; header_2_font=&#8221;Roboto|700|||||||&#8221; header_2_font_size=&#8221;45px&#8221; header_2_line_height=&#8221;1.2em&#8221; max_width=&#8221;800px&#8221; max_width_last_edited=&#8221;off|desktop&#8221; module_alignment=&#8221;center&#8221; custom_margin=&#8221;|||&#8221; custom_padding=&#8221;|||&#8221; header_2_font_size_tablet=&#8221;35px&#8221; header_2_font_size_phone=&#8221;28px&#8221; header_2_font_size_last_edited=&#8221;on|desktop&#8221;]<\/p>\n<p>Jacek Malczewski jest przede wszystkim malarzem cz\u0142owieka, ludzkiej twarzy. Wizerunki przyjaci\u00f3\u0142, nierzadko wybitnych ludzi epoki, s\u0105 dla niego pretekstem do budowania z\u0142o\u017conych alegorii.<\/p>\n<p>\n\t\t<div class='et_quote'>\n\t\t\t<div class='et_right_quote'>\n\t\t\t\t\u201eMalczewski nie tyle portretowa\u0142, ile os\u0105dza\u0142 swoje modele. Czyni\u0142 to nieraz w spos\u00f3b dotkliwy i na granicy nieprzyzwoito\u015bci towarzyskiej\u201d\n\t\t\t\t\n\t\t\t<\/div>\n\t\t\t<span class='et_quote_sign'><\/span>\n\t\t<\/div>\n\t\u00a0\u2013 <strong>Kazimierz Wyka<\/strong><\/p>\n<p>[\/et_pb_text][et_pb_text _builder_version=&#8221;4.6.0&#8243; text_font_size=&#8221;18px&#8221; text_line_height=&#8221;2em&#8221; header_font_size=&#8221;28px&#8221; header_2_font=&#8221;Roboto|700|||||||&#8221; header_2_font_size=&#8221;45px&#8221; header_2_line_height=&#8221;1.2em&#8221; max_width=&#8221;800px&#8221; max_width_last_edited=&#8221;off|desktop&#8221; module_alignment=&#8221;center&#8221; custom_margin=&#8221;|||&#8221; custom_padding=&#8221;|||&#8221; header_2_font_size_tablet=&#8221;35px&#8221; header_2_font_size_phone=&#8221;28px&#8221; header_2_font_size_last_edited=&#8221;on|desktop&#8221;]<\/p>\n<p>Nie ulega w\u0105tpliwo\u015bci, \u017ce <a href=\"\/artur-grottger%20\" target=\"_blank\" rel=\"noopener noreferrer\">Artur Grottger<\/a> (1837-1867) ukszta\u0142towa\u0142 wyobra\u017ani\u0119 plastyczn\u0105 Jacka Malczewskiego. Malarz ceni\u0142 go wy\u017cej ni\u017c Jana Matejk\u0119. Z dzie\u0142 Grottgera Malczewski czerpie przede wszystkim wizje polskiej martyrologii oraz religijny liryzm.<\/p>\n<p>\n\t\t<div class='et_quote'>\n\t\t\t<div class='et_right_quote'>\n\t\t\t\t\u201eW odczuciu wsp\u00f3\u0142czesnych by\u0142 Malczewski uznawany za kontynuatora Grottgera\u201d\n\t\t\t\t\n\t\t\t<\/div>\n\t\t\t<span class='et_quote_sign'><\/span>\n\t\t<\/div>\n\t\u00a0\u2013 <strong>Jadwiga Puciata-Paw\u0142owska<\/strong>\u00a0<\/p>\n<p>[\/et_pb_text][\/et_pb_column][\/et_pb_row][\/et_pb_section][et_pb_section fb_built=&#8221;1&#8243; custom_padding_last_edited=&#8221;off|desktop&#8221; _builder_version=&#8221;3.22.3&#8243; use_background_color_gradient=&#8221;on&#8221; background_color_gradient_start=&#8221;#ffffff&#8221; background_color_gradient_end=&#8221;#F2F2FA&#8221; background_color_gradient_end_position=&#8221;50%&#8221; background_size=&#8221;initial&#8221; custom_padding=&#8221;|||&#8221; custom_padding_tablet=&#8221;0px||0px|0px&#8221; custom_padding_phone=&#8221;|||&#8221; bottom_divider_style=&#8221;ramp&#8221; bottom_divider_color=&#8221;#ffffff&#8221; bottom_divider_height=&#8221;250px&#8221; bottom_divider_height_tablet=&#8221;150px&#8221; bottom_divider_height_phone=&#8221;110px&#8221; bottom_divider_height_last_edited=&#8221;on|phone&#8221;][et_pb_row column_structure=&#8221;2_5,3_5&#8243; use_custom_gutter=&#8221;on&#8221; gutter_width=&#8221;2&#8243; _builder_version=&#8221;3.25.4&#8243; max_width=&#8221;1700px&#8221; custom_margin=&#8221;|||&#8221; custom_padding=&#8221;0px|||&#8221; use_custom_width=&#8221;on&#8221; custom_width_px=&#8221;1700px&#8221;][et_pb_column type=&#8221;2_5&#8243; _builder_version=&#8221;3.25&#8243; custom_padding=&#8221;|||&#8221; custom_padding__hover=&#8221;|||&#8221;][et_pb_text _builder_version=&#8221;4.5.7&#8243; text_font=&#8221;||||||||&#8221; text_font_size=&#8221;16px&#8221; text_line_height=&#8221;2em&#8221; header_2_font=&#8221;Roboto|700|||||||&#8221; header_2_font_size=&#8221;45px&#8221; header_2_line_height=&#8221;1.2em&#8221; max_width=&#8221;800px&#8221; max_width_last_edited=&#8221;off|desktop&#8221; module_alignment=&#8221;center&#8221; custom_margin=&#8221;|||&#8221; custom_padding=&#8221;||0px|||&#8221; header_2_font_size_tablet=&#8221;35px&#8221; header_2_font_size_phone=&#8221;28px&#8221; header_2_font_size_last_edited=&#8221;on|desktop&#8221; text_text_shadow_style=&#8221;preset4&#8243;]<\/p>\n<h2><strong>Jacek Malczewski w Muzeach::<\/strong><\/h2>\n<p>[\/et_pb_text][et_pb_divider _builder_version=&#8221;3.25.4&#8243;][\/et_pb_divider][et_pb_blurb title=&#8221;Warszawa: Muzeum Narodowe &#8211; Muzeum Historyczne \u2013 Muzeum Wojska Polskiego. Mo\u017cna tam podziwia\u0107 m. in.:&#8221; image=&#8221;https:\/\/zagrajwsztuke.pl\/wp-content\/uploads\/2020\/08\/poland-galeria-marzen.png&#8221; alt=&#8221;galeria marze\u0144&#8221; icon_placement=&#8221;left&#8221; _builder_version=&#8221;4.5.7&#8243; header_font=&#8221;Roboto|700|||||||&#8221; header_text_align=&#8221;left&#8221; header_font_size=&#8221;18px&#8221; header_line_height=&#8221;1.7em&#8221; body_font=&#8221;||||||||&#8221; body_text_align=&#8221;left&#8221; body_font_size=&#8221;18px&#8221; body_line_height=&#8221;1.8em&#8221; background_color=&#8221;#ffffff&#8221; text_orientation=&#8221;center&#8221; module_alignment=&#8221;left&#8221; custom_margin=&#8221;|||&#8221; custom_padding=&#8221;|||&#8221; custom_padding_tablet=&#8221;&#8221; custom_padding_phone=&#8221;&#8221; custom_padding_last_edited=&#8221;on|phone&#8221; animation_style=&#8221;zoom&#8221; animation_intensity_zoom=&#8221;8%&#8221; animation=&#8221;off&#8221; box_shadow_style_image=&#8221;preset2&#8243; box_shadow_horizontal_image=&#8221;5px&#8221; box_shadow_vertical_image=&#8221;5px&#8221; box_shadow_blur_image=&#8221;5px&#8221;]<\/p>\n<p><em>\u201eThanatos\u201d <\/em>namalowany w latach 1898-1899<br \/> <em>\u201eAniele p\u00f3jd\u0119 za Tob\u0105\u201d <\/em>namalowany w 1901<br \/> <em>\u201e\u015amier\u0107\u201d <\/em>namalowany w 1902<br \/> <em>\u201eHamlet Polski (Portret Aleksandra Wielopolskiego) <\/em>namalowany w 1903<br \/> <em>\u201ePortret W\u0142adys\u0142awa Reymonta\u201d <\/em>namalowany w 1905<br \/> <em>\u201eAutoportret w zbroi\u201d<\/em> namalowany w 1914<br \/> <em>\u201e\u015awi\u0119ta Agnieszka\u201d <\/em>namalowany w latach 1920-1921<\/p>\n<p>&nbsp;<\/p>\n<p>[\/et_pb_blurb][et_pb_image src=&#8221;https:\/\/zagrajwsztuke.pl\/wp-content\/uploads\/2020\/08\/Jacek-Malczewski-Bledne_kolo.jpg&#8221; alt=&#8221;Jacek Malczewski&#8221; title_text=&#8221;Jacek-Malczewski -Bledne_kolo&#8221; _builder_version=&#8221;4.5.7&#8243; custom_padding=&#8221;||1px|||&#8221;][\/et_pb_image][et_pb_text _builder_version=&#8221;4.5.7&#8243; _module_preset=&#8221;default&#8221;]<\/p>\n<p>B\u0142\u0119dne ko\u0142o (1895\u20131897). Muzeum Narodowe w Poznaniu,\u00a0Wikipedia<\/p>\n<p>[\/et_pb_text][et_pb_blurb title=&#8221;Pozna\u0144: Muzeum Narodowe (Fundacja im. Raczy\u0144skich przy Muzeum Narodowym w Poznaniu). Mo\u017cna tam podziwia\u0107 m. in.:&#8221; image=&#8221;https:\/\/zagrajwsztuke.pl\/wp-content\/uploads\/2020\/08\/poland-galeria-marzen.png&#8221; alt=&#8221;galeria marze\u0144&#8221; icon_placement=&#8221;left&#8221; _builder_version=&#8221;4.5.7&#8243; header_font=&#8221;Roboto|700|||||||&#8221; header_text_align=&#8221;left&#8221; header_font_size=&#8221;18px&#8221; header_line_height=&#8221;1.7em&#8221; body_font=&#8221;||||||||&#8221; body_text_align=&#8221;left&#8221; body_font_size=&#8221;18px&#8221; body_line_height=&#8221;1.8em&#8221; background_color=&#8221;#ffffff&#8221; text_orientation=&#8221;center&#8221; module_alignment=&#8221;left&#8221; custom_margin=&#8221;|||&#8221; custom_padding=&#8221;|||&#8221; custom_padding_tablet=&#8221;&#8221; custom_padding_phone=&#8221;&#8221; custom_padding_last_edited=&#8221;on|phone&#8221; animation_style=&#8221;zoom&#8221; animation_intensity_zoom=&#8221;8%&#8221; animation=&#8221;off&#8221; box_shadow_style_image=&#8221;preset2&#8243; box_shadow_horizontal_image=&#8221;5px&#8221; box_shadow_vertical_image=&#8221;5px&#8221; box_shadow_blur_image=&#8221;5px&#8221;]<\/p>\n<p><em>\u201eMelancholia\u201d <\/em>namalowany w latach 1890-1894<br \/> <em>\u201e\u015amier\u0107 na etapie\u201d <\/em>namalowany w 1891<br \/> <em>\u201eW tumanie\u201d <\/em>namalowany w latach 1893-1894<br \/> <em>\u201eB\u0142\u0119dne ko\u0142o\u201d <\/em>namalowany w latach 1895-1897<br \/> <em>\u201ePortret Adama Asnyka z muz\u0105\u201d <\/em>namalowany w latach 1895-1897<br \/> <em>\u201eThanatos I\u201d<\/em> namalowany w 1898<br \/> <em>\u201ePortret w\u0142asny z hiacyntem\u201d <\/em>namalowany w 1902<br \/> <em>\u201eAnio\u0142 i Pastuszek\u201d <\/em>namalowany w 1902<br \/> <em>\u201eWiosna (Krajobraz z Tobiaszem)\u201d <\/em>namalowany w 1904<br \/> <em>\u201eZatruta studnia\u201d <\/em>namalowany w 1905<br \/> <em>\u201eZatruta studnia\u201d <\/em>namalowany w 1906<br \/> <em>\u201e\u015amier\u0107 Ellenai\u201d <\/em>namalowany w 1907<br \/> <em>\u201eEloe ze zw\u0142okami Ellenai\u201d <\/em>namalowany w latach 1908-1909<br \/> <em>\u201e\u015awi\u0119ty Jan i Salome\u201d <\/em>namalowany w 1911<br \/> <em>\u201eTobiasz i Parki\u201d <\/em>namalowany w 1912<\/p>\n<p>&nbsp;<\/p>\n<p>[\/et_pb_blurb][et_pb_blurb title=&#8221;Kielce: Muzeum Narodowe. Mo\u017cna tam podziwia\u0107 m. in.:&#8221; image=&#8221;https:\/\/zagrajwsztuke.pl\/wp-content\/uploads\/2020\/08\/poland-galeria-marzen.png&#8221; alt=&#8221;galeria marze\u0144&#8221; icon_placement=&#8221;left&#8221; _builder_version=&#8221;4.5.7&#8243; header_font=&#8221;Roboto|700|||||||&#8221; header_text_align=&#8221;left&#8221; header_font_size=&#8221;18px&#8221; header_line_height=&#8221;1.7em&#8221; body_font=&#8221;||||||||&#8221; body_text_align=&#8221;left&#8221; body_font_size=&#8221;18px&#8221; body_line_height=&#8221;1.8em&#8221; background_color=&#8221;#ffffff&#8221; text_orientation=&#8221;center&#8221; module_alignment=&#8221;left&#8221; custom_margin=&#8221;|||&#8221; custom_padding=&#8221;|||&#8221; custom_padding_tablet=&#8221;&#8221; custom_padding_phone=&#8221;&#8221; custom_padding_last_edited=&#8221;on|phone&#8221; animation_style=&#8221;zoom&#8221; animation_intensity_zoom=&#8221;8%&#8221; animation=&#8221;off&#8221; box_shadow_style_image=&#8221;preset2&#8243; box_shadow_horizontal_image=&#8221;5px&#8221; box_shadow_vertical_image=&#8221;5px&#8221; box_shadow_blur_image=&#8221;5px&#8221;]<em>\u201ePolonia\u201d <\/em>namalowany w 1918<br \/>\n<em>\u201eHerkules na rozstajnych drogach (Portret Aleksandra Wielopolskiego)\u201d <\/em>namalowany w 1920<\/p>\n<p>&nbsp;[\/et_pb_blurb][\/et_pb_column][et_pb_column type=&#8221;3_5&#8243; _builder_version=&#8221;3.25.4&#8243;][et_pb_blurb title=&#8221;USA: &#8221; image=&#8221;https:\/\/zagrajwsztuke.pl\/wp-content\/uploads\/2020\/08\/flaga-usa-galeriamarzen.png&#8221; alt=&#8221;Jacek Malczewski &#8221; icon_placement=&#8221;left&#8221; _builder_version=&#8221;4.5.7&#8243; header_font=&#8221;Roboto|700|||||||&#8221; header_text_align=&#8221;left&#8221; header_font_size=&#8221;18px&#8221; header_line_height=&#8221;1.7em&#8221; body_font=&#8221;||||||||&#8221; body_font_size=&#8221;18px&#8221; body_line_height=&#8221;1.8em&#8221; background_color=&#8221;#ffffff&#8221; text_orientation=&#8221;center&#8221; module_alignment=&#8221;left&#8221; custom_margin=&#8221;|||&#8221; custom_padding=&#8221;|||&#8221; custom_padding_tablet=&#8221;&#8221; custom_padding_phone=&#8221;&#8221; custom_padding_last_edited=&#8221;on|phone&#8221; animation_style=&#8221;zoom&#8221; animation_intensity_zoom=&#8221;8%&#8221; animation=&#8221;off&#8221; box_shadow_style_image=&#8221;preset2&#8243; box_shadow_horizontal_image=&#8221;5px&#8221; box_shadow_vertical_image=&#8221;5px&#8221; box_shadow_blur_image=&#8221;5px&#8221;]<\/p>\n<ul>\n<li>Indiana: Uniwersytet Notre-Dame<\/li>\n<\/ul>\n<p>[\/et_pb_blurb][et_pb_blurb title=&#8221;Ukraina:&#8221; image=&#8221;https:\/\/zagrajwsztuke.pl\/wp-content\/uploads\/2020\/08\/ukraine-galeria-marzen.png&#8221; alt=&#8221;galeria marze\u0144&#8221; icon_placement=&#8221;left&#8221; _builder_version=&#8221;4.5.7&#8243; header_font=&#8221;Roboto|700|||||||&#8221; header_text_align=&#8221;left&#8221; header_font_size=&#8221;18px&#8221; header_line_height=&#8221;1.7em&#8221; body_font=&#8221;||||||||&#8221; body_font_size=&#8221;18px&#8221; body_line_height=&#8221;1.8em&#8221; background_color=&#8221;#ffffff&#8221; text_orientation=&#8221;center&#8221; module_alignment=&#8221;left&#8221; custom_margin=&#8221;|||&#8221; custom_padding=&#8221;|||&#8221; custom_padding_tablet=&#8221;&#8221; custom_padding_phone=&#8221;&#8221; custom_padding_last_edited=&#8221;on|phone&#8221; animation_style=&#8221;zoom&#8221; animation_intensity_zoom=&#8221;8%&#8221; animation=&#8221;off&#8221; box_shadow_style_image=&#8221;preset2&#8243; box_shadow_horizontal_image=&#8221;5px&#8221; box_shadow_vertical_image=&#8221;5px&#8221; box_shadow_blur_image=&#8221;5px&#8221;]<\/p>\n<ul>\n<li style=\"text-align: left;\">Lw\u00f3w \u2013 Lwowska Galeria Obraz\u00f3w<\/li>\n<\/ul>\n<p>[\/et_pb_blurb][et_pb_blurb title=&#8221;Krak\u00f3w \u2013Muzeum Narodowe \u2013 Towarzystwo Przyjaci\u00f3\u0142 Sztuk Pi\u0119knych \u2013 Zamek Kr\u00f3lewski na Wawelu \u2013 Muzeum UJ \u2013 Akademia Sztuk Pi\u0119knych. Mo\u017cna tam podziwia\u0107 m. in.:&#8221; image=&#8221;https:\/\/zagrajwsztuke.pl\/wp-content\/uploads\/2020\/08\/poland-galeria-marzen.png&#8221; alt=&#8221;galeria marze\u0144&#8221; icon_placement=&#8221;left&#8221; _builder_version=&#8221;4.5.7&#8243; header_font=&#8221;Roboto|700|||||||&#8221; header_text_align=&#8221;left&#8221; header_font_size=&#8221;18px&#8221; header_line_height=&#8221;1.7em&#8221; body_font=&#8221;||||||||&#8221; body_text_align=&#8221;left&#8221; body_font_size=&#8221;18px&#8221; body_line_height=&#8221;1.8em&#8221; background_color=&#8221;#ffffff&#8221; text_orientation=&#8221;center&#8221; module_alignment=&#8221;left&#8221; custom_margin=&#8221;|||&#8221; custom_padding=&#8221;||2px|||&#8221; custom_padding_tablet=&#8221;&#8221; custom_padding_phone=&#8221;&#8221; custom_padding_last_edited=&#8221;on|phone&#8221; animation_style=&#8221;zoom&#8221; animation_intensity_zoom=&#8221;8%&#8221; animation=&#8221;off&#8221; box_shadow_style_image=&#8221;preset2&#8243; box_shadow_horizontal_image=&#8221;5px&#8221; box_shadow_vertical_image=&#8221;5px&#8221; box_shadow_blur_image=&#8221;5px&#8221;]<\/p>\n<p><em>\u201e\u015amier\u0107 Ellenai\u201d <\/em>namalowany w 1883<br \/> <em>\u201ePortret narzeczonej Marii Gralewskiej\u201d <\/em>namalowany w 1887<br \/> <em>\u201eIntrodukcja (albo Malraczyk)\u201d <\/em>namalowany w 1890<br \/> <em>\u201eWigilia na Syberii\u201d <\/em>namalowany w 1892<br \/> <em>\u201eNatchnienie malarza\u201d <\/em>namalowany w 1897<br \/> <em>\u201eWytchnienie\u201d <\/em>namalowany w 1899<br \/> <em>\u201eAutoportret na tle Wis\u0142y\u201d <\/em>namalowany w 1901<br \/> <em>\u201eNieznana nuta\u201d <\/em>namalowany w 1902<br \/> <em>\u201eKrajobraz znad Wis\u0142y\u201d <\/em>namalowany w 1904<br \/> <em>\u201eAutoportret w bia\u0142ym stroju\u201d <\/em>namalowany w 1914<br \/> <em>\u201eAutoportret\u201d<\/em> namalowany ok. 1917<\/p>\n<p>&nbsp;<\/p>\n<p>[\/et_pb_blurb][et_pb_blurb title=&#8221;Wroc\u0142aw: Muzeum Narodowe. Mo\u017cna tam podziwia\u0107 m. in.:&#8221; image=&#8221;https:\/\/zagrajwsztuke.pl\/wp-content\/uploads\/2020\/08\/poland-galeria-marzen.png&#8221; alt=&#8221;galeria marze\u0144&#8221; icon_placement=&#8221;left&#8221; _builder_version=&#8221;4.5.7&#8243; header_font=&#8221;Roboto|700|||||||&#8221; header_text_align=&#8221;left&#8221; header_font_size=&#8221;18px&#8221; header_line_height=&#8221;1.7em&#8221; body_font=&#8221;||||||||&#8221; body_text_align=&#8221;left&#8221; body_font_size=&#8221;18px&#8221; body_line_height=&#8221;1.8em&#8221; background_color=&#8221;#ffffff&#8221; text_orientation=&#8221;center&#8221; module_alignment=&#8221;left&#8221; custom_margin=&#8221;|||&#8221; custom_padding=&#8221;|||&#8221; custom_padding_tablet=&#8221;&#8221; custom_padding_phone=&#8221;&#8221; custom_padding_last_edited=&#8221;on|phone&#8221; animation_style=&#8221;zoom&#8221; animation_intensity_zoom=&#8221;8%&#8221; animation=&#8221;off&#8221; box_shadow_style_image=&#8221;preset2&#8243; box_shadow_horizontal_image=&#8221;5px&#8221; box_shadow_vertical_image=&#8221;5px&#8221; box_shadow_blur_image=&#8221;5px&#8221;]<\/p>\n<p><em>\u201eAnio\u0142 i Pastuszek\u201d <\/em>namalowany w 1903<\/p>\n<p>&nbsp;<\/p>\n<p>[\/et_pb_blurb][et_pb_blurb title=&#8221;Radom: Muzeum Okr\u0119gowe. Mo\u017cna tam podziwia\u0107 m. in.:&#8221; image=&#8221;https:\/\/zagrajwsztuke.pl\/wp-content\/uploads\/2020\/08\/poland-galeria-marzen.png&#8221; alt=&#8221;galeria marze\u0144&#8221; icon_placement=&#8221;left&#8221; _builder_version=&#8221;4.5.7&#8243; header_font=&#8221;Roboto|700|||||||&#8221; header_text_align=&#8221;left&#8221; header_font_size=&#8221;18px&#8221; header_line_height=&#8221;1.7em&#8221; body_font=&#8221;||||||||&#8221; body_text_align=&#8221;left&#8221; body_font_size=&#8221;18px&#8221; body_line_height=&#8221;1.8em&#8221; background_color=&#8221;#ffffff&#8221; text_orientation=&#8221;center&#8221; module_alignment=&#8221;left&#8221; custom_margin=&#8221;|||&#8221; custom_padding=&#8221;|||&#8221; custom_padding_tablet=&#8221;&#8221; custom_padding_phone=&#8221;&#8221; custom_padding_last_edited=&#8221;on|phone&#8221; animation_style=&#8221;zoom&#8221; animation_intensity_zoom=&#8221;8%&#8221; animation=&#8221;off&#8221; box_shadow_style_image=&#8221;preset2&#8243; box_shadow_horizontal_image=&#8221;5px&#8221; box_shadow_vertical_image=&#8221;5px&#8221; box_shadow_blur_image=&#8221;5px&#8221;]<\/p>\n<p><em>\u201eZatruta studnia \u2013 Chimera\u201d <\/em>namalowany w 1905<\/p>\n<p>&nbsp;<\/p>\n<p>[\/et_pb_blurb][et_pb_blurb title=&#8221;Katowice: Muzeum \u015al\u0105skie. Mo\u017cna tam podziwia\u0107 m. in.:&#8221; image=&#8221;https:\/\/zagrajwsztuke.pl\/wp-content\/uploads\/2020\/08\/poland-galeria-marzen.png&#8221; alt=&#8221;galeria marze\u0144&#8221; icon_placement=&#8221;left&#8221; _builder_version=&#8221;4.5.7&#8243; header_font=&#8221;Roboto|700|||||||&#8221; header_text_align=&#8221;left&#8221; header_font_size=&#8221;18px&#8221; header_line_height=&#8221;1.7em&#8221; body_font=&#8221;||||||||&#8221; body_text_align=&#8221;left&#8221; body_font_size=&#8221;18px&#8221; body_line_height=&#8221;1.8em&#8221; background_color=&#8221;#ffffff&#8221; text_orientation=&#8221;center&#8221; module_alignment=&#8221;left&#8221; custom_margin=&#8221;|||&#8221; custom_padding=&#8221;|||&#8221; custom_padding_tablet=&#8221;&#8221; custom_padding_phone=&#8221;&#8221; custom_padding_last_edited=&#8221;on|phone&#8221; animation_style=&#8221;zoom&#8221; animation_intensity_zoom=&#8221;8%&#8221; animation=&#8221;off&#8221; box_shadow_style_image=&#8221;preset2&#8243; box_shadow_horizontal_image=&#8221;5px&#8221; box_shadow_vertical_image=&#8221;5px&#8221; box_shadow_blur_image=&#8221;5px&#8221;]<\/p>\n<p><em>\u201ePo\u017cegnanie z pracowni\u0105\u201d<\/em> namalowany w 1913<\/p>\n<p>&nbsp;<\/p>\n<p>[\/et_pb_blurb][et_pb_blurb title=&#8221;Inne miasta Polski:&#8221; image=&#8221;https:\/\/zagrajwsztuke.pl\/wp-content\/uploads\/2020\/08\/poland-galeria-marzen.png&#8221; alt=&#8221;galeria marze\u0144&#8221; icon_placement=&#8221;left&#8221; _builder_version=&#8221;4.5.7&#8243; header_font=&#8221;Roboto|700|||||||&#8221; header_text_align=&#8221;left&#8221; header_font_size=&#8221;18px&#8221; header_line_height=&#8221;1.7em&#8221; body_font=&#8221;||||||||&#8221; body_text_align=&#8221;left&#8221; body_font_size=&#8221;18px&#8221; body_line_height=&#8221;1.8em&#8221; background_color=&#8221;#ffffff&#8221; text_orientation=&#8221;center&#8221; module_alignment=&#8221;left&#8221; custom_margin=&#8221;|||&#8221; custom_padding=&#8221;|||&#8221; custom_padding_tablet=&#8221;&#8221; custom_padding_phone=&#8221;&#8221; custom_padding_last_edited=&#8221;on|phone&#8221; animation_style=&#8221;zoom&#8221; animation_intensity_zoom=&#8221;8%&#8221; animation=&#8221;off&#8221; box_shadow_style_image=&#8221;preset2&#8243; box_shadow_horizontal_image=&#8221;5px&#8221; box_shadow_vertical_image=&#8221;5px&#8221; box_shadow_blur_image=&#8221;5px&#8221;]<\/p>\n<ul>\n<li>Bydgoszcz: Muzeum im. Leona Wycz\u00f3\u0142kowskiego<\/li>\n<li>Bytom: Muzeum G\u00f3rno\u015bl\u0105skie<\/li>\n<li>Gda\u0144sk: Muzeum Narodowe \u2013 Muzeum Pomorskie<\/li>\n<li>Lublin: Muzeum Lubelskie<\/li>\n<li>\u0141\u00f3d\u017a: Muzeum Sztuki<\/li>\n<li>Obl\u0119gorek: Muzeum Henryka Sienkiewicz (Oddzia\u0142 Muzeum Narodowego w Kielcach)<\/li>\n<li>Opole: Muzeum \u015al\u0105ska Opolskiego<\/li>\n<li>P\u0142ock: Muzeum Mazowieckie<\/li>\n<li>Szczecin: Muzeum Pomorza Zachodniego<\/li>\n<li>Toru\u0144 &#8211; Muzeum Okr\u0119gowe<\/li>\n<\/ul>\n<p>&nbsp;<\/p>\n<p>[\/et_pb_blurb][\/et_pb_column][\/et_pb_row][\/et_pb_section][et_pb_section fb_built=&#8221;1&#8243; custom_padding_last_edited=&#8221;off|desktop&#8221; admin_label=&#8221;Services&#8221; _builder_version=&#8221;3.22.3&#8243; background_color_gradient_direction=&#8221;130deg&#8221; background_size=&#8221;initial&#8221; custom_padding=&#8221;80px|0px|80px|0px|false|false&#8221; custom_padding_tablet=&#8221;|||&#8221; custom_padding_phone=&#8221;0px|20%|0px||true&#8221; bottom_divider_style=&#8221;ramp&#8221; bottom_divider_color=&#8221;#ffffff&#8221; bottom_divider_height=&#8221;200px&#8221; bottom_divider_flip=&#8221;horizontal&#8221;][et_pb_row column_structure=&#8221;1_2,1_2&#8243; module_class=&#8221; et_pb_row_fullwidth&#8221; _builder_version=&#8221;3.25&#8243; width=&#8221;89%&#8221; width_tablet=&#8221;80%&#8221; width_phone=&#8221;&#8221; width_last_edited=&#8221;on|desktop&#8221; max_width=&#8221;89%&#8221; max_width_tablet=&#8221;80%&#8221; max_width_phone=&#8221;&#8221; max_width_last_edited=&#8221;on|desktop&#8221; make_fullwidth=&#8221;on&#8221;][et_pb_column type=&#8221;1_2&#8243; _builder_version=&#8221;3.25&#8243; custom_padding=&#8221;|||&#8221; custom_padding__hover=&#8221;|||&#8221;][et_pb_text _builder_version=&#8221;4.5.7&#8243; text_font_size=&#8221;16px&#8221; text_line_height=&#8221;2em&#8221; header_2_font=&#8221;Roboto|700|||||||&#8221; header_2_font_size=&#8221;45px&#8221; header_2_line_height=&#8221;1.2em&#8221; max_width=&#8221;800px&#8221; max_width_last_edited=&#8221;off|desktop&#8221; module_alignment=&#8221;center&#8221; custom_margin=&#8221;|||&#8221; custom_padding=&#8221;|||&#8221; header_2_font_size_tablet=&#8221;35px&#8221; header_2_font_size_phone=&#8221;28px&#8221; header_2_font_size_last_edited=&#8221;on|desktop&#8221;]<\/p>\n<h2><strong>Jacek Malczewski <\/strong><\/h2>\n<h2><strong>(1854-1929) <\/strong><\/h2>\n<p>[\/et_pb_text][et_pb_divider _builder_version=&#8221;4.5.7&#8243; _module_preset=&#8221;default&#8221;][\/et_pb_divider][et_pb_counters _builder_version=&#8221;4.5.7&#8243; percent_font=&#8221;||||||||&#8221;][et_pb_counter percent=&#8221;100&#8243; _builder_version=&#8221;4.5.7&#8243; title_font_size=&#8221;20px&#8221; background_enable_color_default=&#8221;on&#8221; parallax_default=&#8221;off&#8221; parallax_method_default=&#8221;on&#8221; bar_background_color_default=&#8221;#E02B20&#8243; use_percentages=&#8221;on&#8221; allow_player_pause_default=&#8221;off&#8221;]OJCIEC POLSKIEGO SYMBOLIZMU:[\/et_pb_counter][et_pb_counter percent=&#8221;100&#8243; _builder_version=&#8221;4.5.7&#8243; title_font_size=&#8221;20px&#8221; background_enable_color_default=&#8221;on&#8221; parallax_default=&#8221;off&#8221; parallax_method_default=&#8221;on&#8221; bar_background_color_default=&#8221;#E02B20&#8243; use_percentages=&#8221;on&#8221; allow_player_pause_default=&#8221;off&#8221;]ARTYSTA NA WSKRO\u015a NOWOCZESNY:[\/et_pb_counter][et_pb_counter percent=&#8221;95&#8243; _builder_version=&#8221;4.5.7&#8243; title_font_size=&#8221;20px&#8221; background_enable_color_default=&#8221;on&#8221; parallax_default=&#8221;off&#8221; parallax_method_default=&#8221;on&#8221; bar_background_color_default=&#8221;#E02B20&#8243; use_percentages=&#8221;on&#8221; allow_player_pause_default=&#8221;off&#8221;]KOLORYSTYCZNY NOWATOR:[\/et_pb_counter][et_pb_counter percent=&#8221;100&#8243; _builder_version=&#8221;4.5.7&#8243; title_font_size=&#8221;20px&#8221; background_enable_color_default=&#8221;on&#8221; parallax_default=&#8221;off&#8221; parallax_method_default=&#8221;on&#8221; bar_background_color_default=&#8221;#E02B20&#8243; use_percentages=&#8221;on&#8221; allow_player_pause_default=&#8221;off&#8221;]\u201eFILMOWO\u015a\u0106\u201d OBRAZ\u00d3W:[\/et_pb_counter][et_pb_counter percent=&#8221;95&#8243; _builder_version=&#8221;4.5.7&#8243; title_font_size=&#8221;20px&#8221; background_enable_color_default=&#8221;on&#8221; parallax_default=&#8221;off&#8221; parallax_method_default=&#8221;on&#8221; bar_background_color_default=&#8221;#E02B20&#8243; use_percentages=&#8221;on&#8221; allow_player_pause_default=&#8221;off&#8221;]FOLKLORYZM I ROMANTYZM:[\/et_pb_counter][\/et_pb_counters][\/et_pb_column][et_pb_column type=&#8221;1_2&#8243; _builder_version=&#8221;3.25&#8243; custom_padding=&#8221;|||&#8221; custom_padding__hover=&#8221;|||&#8221;][et_pb_image src=&#8221;https:\/\/zagrajwsztuke.pl\/wp-content\/uploads\/2020\/08\/Jacek-Malczewski-on.jpg&#8221; alt=&#8221;Jacek Malczewski &#8221; title_text=&#8221;Jacek-Malczewski-on&#8221; _builder_version=&#8221;4.5.7&#8243; _module_preset=&#8221;default&#8221;][\/et_pb_image][\/et_pb_column][\/et_pb_row][\/et_pb_section][et_pb_section fb_built=&#8221;1&#8243; custom_padding_last_edited=&#8221;on|desktop&#8221; admin_label=&#8221;Call to action&#8221; _builder_version=&#8221;4.5.7&#8243; background_color_gradient_direction=&#8221;130deg&#8221; background_image=&#8221;https:\/\/zagrajwsztuke.pl\/wp-content\/uploads\/2020\/08\/brush-96240_1920.jpg&#8221; parallax=&#8221;on&#8221; custom_padding=&#8221;16vw||7vw||false|false&#8221; custom_padding_tablet=&#8221;100px||100px||true&#8221; custom_padding_phone=&#8221;||||true&#8221; top_divider_style=&#8221;ramp2&#8243; top_divider_color=&#8221;#ffffff&#8221; top_divider_height=&#8221;250px&#8221; top_divider_flip=&#8221;vertical&#8221; top_divider_height_tablet=&#8221;150px&#8221; top_divider_height_phone=&#8221;110px&#8221; top_divider_height_last_edited=&#8221;on|phone&#8221; saved_tabs=&#8221;all&#8221;][et_pb_row module_class=&#8221; et_pb_row_fullwidth&#8221; _builder_version=&#8221;3.25&#8243; width=&#8221;89%&#8221; width_tablet=&#8221;80%&#8221; width_phone=&#8221;&#8221; width_last_edited=&#8221;on|desktop&#8221; max_width=&#8221;89%&#8221; max_width_tablet=&#8221;80%&#8221; max_width_phone=&#8221;&#8221; max_width_last_edited=&#8221;on|desktop&#8221; custom_margin_phone=&#8221;|||&#8221; custom_margin_last_edited=&#8221;off|desktop&#8221; custom_padding=&#8221;|||&#8221; make_fullwidth=&#8221;on&#8221;][et_pb_column type=&#8221;4_4&#8243; _builder_version=&#8221;3.25&#8243; custom_padding=&#8221;|||&#8221; custom_padding__hover=&#8221;|||&#8221;][et_pb_text _builder_version=&#8221;4.5.7&#8243; text_font=&#8221;||||||||&#8221; header_font=&#8221;||||||||&#8221; header_2_font=&#8221;Roboto|700|||||||&#8221; header_2_font_size=&#8221;50px&#8221; header_2_line_height=&#8221;1.4em&#8221; header_3_font=&#8221;Roboto|700||on|||||&#8221; header_3_text_align=&#8221;center&#8221; header_3_text_color=&#8221;#ffffff&#8221; header_3_font_size=&#8221;24px&#8221; header_3_letter_spacing=&#8221;5px&#8221; header_3_line_height=&#8221;2em&#8221; text_orientation=&#8221;center&#8221; background_layout=&#8221;dark&#8221; max_width=&#8221;850px&#8221; module_alignment=&#8221;center&#8221; custom_margin=&#8221;|||&#8221; custom_padding=&#8221;|||&#8221; text_font_size_last_edited=&#8221;off|desktop&#8221; header_2_font_size_tablet=&#8221;40px&#8221; header_2_font_size_phone=&#8221;32px&#8221; header_2_font_size_last_edited=&#8221;on|desktop&#8221; header_3_font_size_tablet=&#8221;16px&#8221; header_3_font_size_phone=&#8221;14px&#8221; header_3_font_size_last_edited=&#8221;on|phone&#8221; text_text_shadow_style=&#8221;preset3&#8243; text_text_shadow_horizontal_length=&#8221;0.1em&#8221; text_text_shadow_vertical_length=&#8221;0.1em&#8221;]<\/p>\n<h3>CZAS NA ZABAW\u0118!<\/h3>\n<h2>GOT\u00d3W NA GR\u0118?<\/h2>\n<p>[\/et_pb_text][et_pb_button button_url=&#8221;@ET-DC@eyJkeW5hbWljIjp0cnVlLCJjb250ZW50IjoicG9zdF9saW5rX3VybF9wYWdlIiwic2V0dGluZ3MiOnsicG9zdF9pZCI6IjMxNjQifX0=@&#8221; url_new_window=&#8221;on&#8221; button_text=&#8221;GRAM!&#8221; button_alignment=&#8221;center&#8221; _builder_version=&#8221;4.5.7&#8243; _dynamic_attributes=&#8221;button_url&#8221; _module_preset=&#8221;default&#8221; custom_button=&#8221;on&#8221; button_text_size=&#8221;26px&#8221; button_text_color=&#8221;#FFFFFF&#8221; button_bg_color=&#8221;#E02B20&#8243; button_border_width=&#8221;0px&#8221; button_border_radius=&#8221;37px&#8221; button_letter_spacing=&#8221;7px&#8221; box_shadow_style=&#8221;preset1&#8243; box_shadow_vertical=&#8221;4px&#8221; box_shadow_blur=&#8221;14px&#8221;][\/et_pb_button][\/et_pb_column][\/et_pb_row][\/et_pb_section]<\/p>\n","protected":false},"excerpt":{"rendered":"<p>Jacek Malczewski (1854-1929) - one of the most sovereign artists. Jacek Malczewski is the father of Polish symbolism, a modern artist.<\/p>","protected":false},"author":1,"featured_media":3256,"comment_status":"closed","ping_status":"closed","sticky":false,"template":"","format":"standard","meta":{"_et_pb_use_builder":"on","_et_pb_old_content":"","_et_gb_content_width":"1920","footnotes":""},"categories":[97,98,96,70,99,95],"tags":[103,105,101,102,80,104],"class_list":["post-3254","post","type-post","status-publish","format-standard","has-post-thumbnail","hentry","category-filmowosc-obrazow","category-folkloryzm","category-kolorystyczny-nowator","category-krakow","category-romantyzm","category-symbolizm","tag-filmowosc-obrazow","tag-artysta-na-wskros-nowoczesny","tag-folkloryzm-i-romantyzm","tag-kolorystyczny-nowator","tag-krakow","tag-ojciec-polskiego-symbolizmu","et-has-post-format-content","et_post_format-et-post-format-standard"],"yoast_head":"<!-- This site is optimized with the Yoast SEO plugin v27.3 - https:\/\/yoast.com\/product\/yoast-seo-wordpress\/ -->\n<title>Jacek Malczewski - Galeria Marze\u0144 Jacek Malczewski<\/title>\n<meta name=\"description\" content=\"Jacek Malczewski (1854-1929) \u2013 jeden z najbardziej suwerennych artyst\u00f3w. Jacek Malczewski to ojciec polskiego symbolizmu, artysta nowoczesny.\" \/>\n<meta name=\"robots\" content=\"index, follow, max-snippet:-1, max-image-preview:large, max-video-preview:-1\" \/>\n<link rel=\"canonical\" href=\"https:\/\/zagrajwsztuke.pl\/en\/jacek-malczewski\/\" \/>\n<meta property=\"og:locale\" content=\"en_GB\" \/>\n<meta property=\"og:type\" content=\"article\" \/>\n<meta property=\"og:title\" content=\"Jacek Malczewski - Galeria Marze\u0144 Jacek Malczewski\" \/>\n<meta property=\"og:description\" content=\"Jacek Malczewski (1854-1929) \u2013 jeden z najbardziej suwerennych artyst\u00f3w. Jacek Malczewski to ojciec polskiego symbolizmu, artysta nowoczesny.\" \/>\n<meta property=\"og:url\" content=\"https:\/\/zagrajwsztuke.pl\/en\/jacek-malczewski\/\" \/>\n<meta property=\"og:site_name\" content=\"Galeria Marze\u0144\" \/>\n<meta property=\"article:published_time\" content=\"2020-08-22T09:52:35+00:00\" \/>\n<meta property=\"article:modified_time\" content=\"2020-09-04T19:17:34+00:00\" \/>\n<meta property=\"og:image\" content=\"https:\/\/zagrajwsztuke.pl\/wp-content\/uploads\/2020\/08\/Jacek-Malczewski-Bledne_kolo.jpg\" \/>\n\t<meta property=\"og:image:width\" content=\"1181\" \/>\n\t<meta property=\"og:image:height\" content=\"847\" \/>\n\t<meta property=\"og:image:type\" content=\"image\/jpeg\" \/>\n<meta name=\"author\" content=\"Kulturopedia\" \/>\n<meta name=\"twitter:card\" content=\"summary_large_image\" \/>\n<meta name=\"twitter:label1\" content=\"Written by\" \/>\n\t<meta name=\"twitter:data1\" content=\"Kulturopedia\" \/>\n\t<meta name=\"twitter:label2\" content=\"Estimated reading time\" \/>\n\t<meta name=\"twitter:data2\" content=\"38 minutes\" \/>\n<script type=\"application\/ld+json\" class=\"yoast-schema-graph\">{\"@context\":\"https:\\\/\\\/schema.org\",\"@graph\":[{\"@type\":\"Article\",\"@id\":\"https:\\\/\\\/zagrajwsztuke.pl\\\/jacek-malczewski\\\/#article\",\"isPartOf\":{\"@id\":\"https:\\\/\\\/zagrajwsztuke.pl\\\/jacek-malczewski\\\/\"},\"author\":{\"name\":\"Kulturopedia\",\"@id\":\"https:\\\/\\\/zagrajwsztuke.pl\\\/#\\\/schema\\\/person\\\/c35c85467d4d3d214a2782a78eb91055\"},\"headline\":\"Jacek Malczewski\",\"datePublished\":\"2020-08-22T09:52:35+00:00\",\"dateModified\":\"2020-09-04T19:17:34+00:00\",\"mainEntityOfPage\":{\"@id\":\"https:\\\/\\\/zagrajwsztuke.pl\\\/jacek-malczewski\\\/\"},\"wordCount\":7589,\"image\":{\"@id\":\"https:\\\/\\\/zagrajwsztuke.pl\\\/jacek-malczewski\\\/#primaryimage\"},\"thumbnailUrl\":\"https:\\\/\\\/zagrajwsztuke.pl\\\/wp-content\\\/uploads\\\/2020\\\/08\\\/Jacek-Malczewski-Bledne_kolo.jpg\",\"keywords\":[\"\u201efilmowo\u015b\u0107\u201d obraz\u00f3w\",\"artysta na wskro\u015b nowoczesny\",\"folkloryzm i romantyzm\",\"kolorystyczny nowator\",\"Krak\u00f3w\",\"ojciec polskiego symbolizmu\"],\"articleSection\":[\"\u201eFilmowo\u015b\u0107\u201d obraz\u00f3w\",\"Folkloryzm\",\"Kolorysta\",\"Krak\u00f3w\",\"Romantyzm\",\"Symbolizm\"],\"inLanguage\":\"en-GB\"},{\"@type\":\"WebPage\",\"@id\":\"https:\\\/\\\/zagrajwsztuke.pl\\\/jacek-malczewski\\\/\",\"url\":\"https:\\\/\\\/zagrajwsztuke.pl\\\/jacek-malczewski\\\/\",\"name\":\"Jacek Malczewski - Galeria Marze\u0144 Jacek Malczewski\",\"isPartOf\":{\"@id\":\"https:\\\/\\\/zagrajwsztuke.pl\\\/#website\"},\"primaryImageOfPage\":{\"@id\":\"https:\\\/\\\/zagrajwsztuke.pl\\\/jacek-malczewski\\\/#primaryimage\"},\"image\":{\"@id\":\"https:\\\/\\\/zagrajwsztuke.pl\\\/jacek-malczewski\\\/#primaryimage\"},\"thumbnailUrl\":\"https:\\\/\\\/zagrajwsztuke.pl\\\/wp-content\\\/uploads\\\/2020\\\/08\\\/Jacek-Malczewski-Bledne_kolo.jpg\",\"datePublished\":\"2020-08-22T09:52:35+00:00\",\"dateModified\":\"2020-09-04T19:17:34+00:00\",\"author\":{\"@id\":\"https:\\\/\\\/zagrajwsztuke.pl\\\/#\\\/schema\\\/person\\\/c35c85467d4d3d214a2782a78eb91055\"},\"description\":\"Jacek Malczewski (1854-1929) \u2013 jeden z najbardziej suwerennych artyst\u00f3w. Jacek Malczewski to ojciec polskiego symbolizmu, artysta nowoczesny.\",\"breadcrumb\":{\"@id\":\"https:\\\/\\\/zagrajwsztuke.pl\\\/jacek-malczewski\\\/#breadcrumb\"},\"inLanguage\":\"en-GB\",\"potentialAction\":[{\"@type\":\"ReadAction\",\"target\":[\"https:\\\/\\\/zagrajwsztuke.pl\\\/jacek-malczewski\\\/\"]}]},{\"@type\":\"ImageObject\",\"inLanguage\":\"en-GB\",\"@id\":\"https:\\\/\\\/zagrajwsztuke.pl\\\/jacek-malczewski\\\/#primaryimage\",\"url\":\"https:\\\/\\\/zagrajwsztuke.pl\\\/wp-content\\\/uploads\\\/2020\\\/08\\\/Jacek-Malczewski-Bledne_kolo.jpg\",\"contentUrl\":\"https:\\\/\\\/zagrajwsztuke.pl\\\/wp-content\\\/uploads\\\/2020\\\/08\\\/Jacek-Malczewski-Bledne_kolo.jpg\",\"width\":1181,\"height\":847,\"caption\":\"Jacek Malczewski\"},{\"@type\":\"BreadcrumbList\",\"@id\":\"https:\\\/\\\/zagrajwsztuke.pl\\\/jacek-malczewski\\\/#breadcrumb\",\"itemListElement\":[{\"@type\":\"ListItem\",\"position\":1,\"name\":\"Strona g\u0142\u00f3wna\",\"item\":\"https:\\\/\\\/zagrajwsztuke.pl\\\/\"},{\"@type\":\"ListItem\",\"position\":2,\"name\":\"Jacek Malczewski\"}]},{\"@type\":\"WebSite\",\"@id\":\"https:\\\/\\\/zagrajwsztuke.pl\\\/#website\",\"url\":\"https:\\\/\\\/zagrajwsztuke.pl\\\/\",\"name\":\"Galeria Marze\u0144\",\"description\":\"Zagraj w sztuk\u0119!\",\"potentialAction\":[{\"@type\":\"SearchAction\",\"target\":{\"@type\":\"EntryPoint\",\"urlTemplate\":\"https:\\\/\\\/zagrajwsztuke.pl\\\/?s={search_term_string}\"},\"query-input\":{\"@type\":\"PropertyValueSpecification\",\"valueRequired\":true,\"valueName\":\"search_term_string\"}}],\"inLanguage\":\"en-GB\"},{\"@type\":\"Person\",\"@id\":\"https:\\\/\\\/zagrajwsztuke.pl\\\/#\\\/schema\\\/person\\\/c35c85467d4d3d214a2782a78eb91055\",\"name\":\"Kulturopedia\",\"image\":{\"@type\":\"ImageObject\",\"inLanguage\":\"en-GB\",\"@id\":\"https:\\\/\\\/secure.gravatar.com\\\/avatar\\\/9838ac4e8915a32574d895f9bfa0750a5b5179663c0fd948cf422fbc90101041?s=96&d=mm&r=g\",\"url\":\"https:\\\/\\\/secure.gravatar.com\\\/avatar\\\/9838ac4e8915a32574d895f9bfa0750a5b5179663c0fd948cf422fbc90101041?s=96&d=mm&r=g\",\"contentUrl\":\"https:\\\/\\\/secure.gravatar.com\\\/avatar\\\/9838ac4e8915a32574d895f9bfa0750a5b5179663c0fd948cf422fbc90101041?s=96&d=mm&r=g\",\"caption\":\"Kulturopedia\"},\"url\":\"https:\\\/\\\/zagrajwsztuke.pl\\\/en\\\/author\\\/admin\\\/\"}]}<\/script>\n<!-- \/ Yoast SEO plugin. -->","yoast_head_json":{"title":"Jacek Malczewski - Galeria Marze\u0144 Jacek Malczewski","description":"Jacek Malczewski (1854-1929) - one of the most sovereign artists. Jacek Malczewski is the father of Polish symbolism, a modern artist.","robots":{"index":"index","follow":"follow","max-snippet":"max-snippet:-1","max-image-preview":"max-image-preview:large","max-video-preview":"max-video-preview:-1"},"canonical":"https:\/\/zagrajwsztuke.pl\/en\/jacek-malczewski\/","og_locale":"en_GB","og_type":"article","og_title":"Jacek Malczewski - Galeria Marze\u0144 Jacek Malczewski","og_description":"Jacek Malczewski (1854-1929) \u2013 jeden z najbardziej suwerennych artyst\u00f3w. Jacek Malczewski to ojciec polskiego symbolizmu, artysta nowoczesny.","og_url":"https:\/\/zagrajwsztuke.pl\/en\/jacek-malczewski\/","og_site_name":"Galeria Marze\u0144","article_published_time":"2020-08-22T09:52:35+00:00","article_modified_time":"2020-09-04T19:17:34+00:00","og_image":[{"width":1181,"height":847,"url":"https:\/\/zagrajwsztuke.pl\/wp-content\/uploads\/2020\/08\/Jacek-Malczewski-Bledne_kolo.jpg","type":"image\/jpeg"}],"author":"Kulturopedia","twitter_card":"summary_large_image","twitter_misc":{"Written by":"Kulturopedia","Estimated reading time":"38 minutes"},"schema":{"@context":"https:\/\/schema.org","@graph":[{"@type":"Article","@id":"https:\/\/zagrajwsztuke.pl\/jacek-malczewski\/#article","isPartOf":{"@id":"https:\/\/zagrajwsztuke.pl\/jacek-malczewski\/"},"author":{"name":"Kulturopedia","@id":"https:\/\/zagrajwsztuke.pl\/#\/schema\/person\/c35c85467d4d3d214a2782a78eb91055"},"headline":"Jacek Malczewski","datePublished":"2020-08-22T09:52:35+00:00","dateModified":"2020-09-04T19:17:34+00:00","mainEntityOfPage":{"@id":"https:\/\/zagrajwsztuke.pl\/jacek-malczewski\/"},"wordCount":7589,"image":{"@id":"https:\/\/zagrajwsztuke.pl\/jacek-malczewski\/#primaryimage"},"thumbnailUrl":"https:\/\/zagrajwsztuke.pl\/wp-content\/uploads\/2020\/08\/Jacek-Malczewski-Bledne_kolo.jpg","keywords":["\u201efilmowo\u015b\u0107\u201d obraz\u00f3w","artysta na wskro\u015b nowoczesny","folkloryzm i romantyzm","kolorystyczny nowator","Krak\u00f3w","ojciec polskiego symbolizmu"],"articleSection":["\u201eFilmowo\u015b\u0107\u201d obraz\u00f3w","Folkloryzm","Kolorysta","Krak\u00f3w","Romantyzm","Symbolizm"],"inLanguage":"en-GB"},{"@type":"WebPage","@id":"https:\/\/zagrajwsztuke.pl\/jacek-malczewski\/","url":"https:\/\/zagrajwsztuke.pl\/jacek-malczewski\/","name":"Jacek Malczewski - Galeria Marze\u0144 Jacek Malczewski","isPartOf":{"@id":"https:\/\/zagrajwsztuke.pl\/#website"},"primaryImageOfPage":{"@id":"https:\/\/zagrajwsztuke.pl\/jacek-malczewski\/#primaryimage"},"image":{"@id":"https:\/\/zagrajwsztuke.pl\/jacek-malczewski\/#primaryimage"},"thumbnailUrl":"https:\/\/zagrajwsztuke.pl\/wp-content\/uploads\/2020\/08\/Jacek-Malczewski-Bledne_kolo.jpg","datePublished":"2020-08-22T09:52:35+00:00","dateModified":"2020-09-04T19:17:34+00:00","author":{"@id":"https:\/\/zagrajwsztuke.pl\/#\/schema\/person\/c35c85467d4d3d214a2782a78eb91055"},"description":"Jacek Malczewski (1854-1929) - one of the most sovereign artists. Jacek Malczewski is the father of Polish symbolism, a modern artist.","breadcrumb":{"@id":"https:\/\/zagrajwsztuke.pl\/jacek-malczewski\/#breadcrumb"},"inLanguage":"en-GB","potentialAction":[{"@type":"ReadAction","target":["https:\/\/zagrajwsztuke.pl\/jacek-malczewski\/"]}]},{"@type":"ImageObject","inLanguage":"en-GB","@id":"https:\/\/zagrajwsztuke.pl\/jacek-malczewski\/#primaryimage","url":"https:\/\/zagrajwsztuke.pl\/wp-content\/uploads\/2020\/08\/Jacek-Malczewski-Bledne_kolo.jpg","contentUrl":"https:\/\/zagrajwsztuke.pl\/wp-content\/uploads\/2020\/08\/Jacek-Malczewski-Bledne_kolo.jpg","width":1181,"height":847,"caption":"Jacek Malczewski"},{"@type":"BreadcrumbList","@id":"https:\/\/zagrajwsztuke.pl\/jacek-malczewski\/#breadcrumb","itemListElement":[{"@type":"ListItem","position":1,"name":"Strona g\u0142\u00f3wna","item":"https:\/\/zagrajwsztuke.pl\/"},{"@type":"ListItem","position":2,"name":"Jacek Malczewski"}]},{"@type":"WebSite","@id":"https:\/\/zagrajwsztuke.pl\/#website","url":"https:\/\/zagrajwsztuke.pl\/","name":"Dream Gallery","description":"PLAY A GAME!","potentialAction":[{"@type":"SearchAction","target":{"@type":"EntryPoint","urlTemplate":"https:\/\/zagrajwsztuke.pl\/?s={search_term_string}"},"query-input":{"@type":"PropertyValueSpecification","valueRequired":true,"valueName":"search_term_string"}}],"inLanguage":"en-GB"},{"@type":"Person","@id":"https:\/\/zagrajwsztuke.pl\/#\/schema\/person\/c35c85467d4d3d214a2782a78eb91055","name":"Culturopedia","image":{"@type":"ImageObject","inLanguage":"en-GB","@id":"https:\/\/secure.gravatar.com\/avatar\/9838ac4e8915a32574d895f9bfa0750a5b5179663c0fd948cf422fbc90101041?s=96&d=mm&r=g","url":"https:\/\/secure.gravatar.com\/avatar\/9838ac4e8915a32574d895f9bfa0750a5b5179663c0fd948cf422fbc90101041?s=96&d=mm&r=g","contentUrl":"https:\/\/secure.gravatar.com\/avatar\/9838ac4e8915a32574d895f9bfa0750a5b5179663c0fd948cf422fbc90101041?s=96&d=mm&r=g","caption":"Kulturopedia"},"url":"https:\/\/zagrajwsztuke.pl\/en\/author\/admin\/"}]}},"_links":{"self":[{"href":"https:\/\/zagrajwsztuke.pl\/en\/wp-json\/wp\/v2\/posts\/3254","targetHints":{"allow":["GET"]}}],"collection":[{"href":"https:\/\/zagrajwsztuke.pl\/en\/wp-json\/wp\/v2\/posts"}],"about":[{"href":"https:\/\/zagrajwsztuke.pl\/en\/wp-json\/wp\/v2\/types\/post"}],"author":[{"embeddable":true,"href":"https:\/\/zagrajwsztuke.pl\/en\/wp-json\/wp\/v2\/users\/1"}],"replies":[{"embeddable":true,"href":"https:\/\/zagrajwsztuke.pl\/en\/wp-json\/wp\/v2\/comments?post=3254"}],"version-history":[{"count":0,"href":"https:\/\/zagrajwsztuke.pl\/en\/wp-json\/wp\/v2\/posts\/3254\/revisions"}],"wp:featuredmedia":[{"embeddable":true,"href":"https:\/\/zagrajwsztuke.pl\/en\/wp-json\/wp\/v2\/media\/3256"}],"wp:attachment":[{"href":"https:\/\/zagrajwsztuke.pl\/en\/wp-json\/wp\/v2\/media?parent=3254"}],"wp:term":[{"taxonomy":"category","embeddable":true,"href":"https:\/\/zagrajwsztuke.pl\/en\/wp-json\/wp\/v2\/categories?post=3254"},{"taxonomy":"post_tag","embeddable":true,"href":"https:\/\/zagrajwsztuke.pl\/en\/wp-json\/wp\/v2\/tags?post=3254"}],"curies":[{"name":"wp","href":"https:\/\/api.w.org\/{rel}","templated":true}]}}